{"id":9996,"date":"2022-11-17T16:15:12","date_gmt":"2022-11-17T15:15:12","guid":{"rendered":"https:\/\/nandi.info\/?p=9996"},"modified":"2022-11-17T16:15:12","modified_gmt":"2022-11-17T15:15:12","slug":"agence-pour-la-promotion-de-lemploi-des-jeunes-trente-activites-prevues-par-le-plan-dactions-pour-5-888-beneficiaires","status":"publish","type":"post","link":"https:\/\/nandi.info\/?p=9996","title":{"rendered":"<strong>Agence pour la promotion de l\u2019emploi des jeunes&nbsp;: Trente activit\u00e9s pr\u00e9vues par le plan d\u2019actions pour 5 888 b\u00e9n\u00e9ficiaires<\/strong>"},"content":{"rendered":"\n<p><strong>Les administrateurs de l\u2019Agence pour la promotion de l\u2019emploi des jeunes (APEJ) ont tenu les travaux de la 32e&nbsp;session extraordinaire du Conseil d\u2019administration (CA) de la structure vendredi dernier (11 novembre 2022). Une session pr\u00e9sid\u00e9e par M. Drissa Guindo, Secr\u00e9taire g\u00e9n\u00e9ral du minist\u00e8re de l\u2019Entreprenariat national, de l\u2019Emploi et de la Formation professionnelle, repr\u00e9sentant le Ministre.<\/strong><\/p>\n\n\n\n<p class=\"has-drop-cap\">Les administrateurs ont examin\u00e9 et adopt\u00e9 le budget r\u00e9vis\u00e9 pour l\u2019exercice 2022 \u00e9labor\u00e9 conform\u00e9ment aux dispositions de l\u2019Arr\u00eat\u00e9 N\u00b02016\/0206\/MEF-SG du 23 f\u00e9vrier 2016, fixant la nomenclature budg\u00e9taire et comptable des \u00e9tablissements publics nationaux. Ce budget s\u2019inscrit dans le Cadre strat\u00e9gique pour la relance \u00e9conomique et le d\u00e9veloppement durable (CREDD). Il vise \u00e0 poursuivre et \u00e0 consolider des activit\u00e9s de mise en \u0153uvre du Programme emploi jeunes \u00e0 travers ses 3 composantes. Il s\u2019agit du renforcement de l\u2019employabilit\u00e9 des jeunes, &nbsp;le d\u00e9veloppement de l\u2019esprit d\u2019entreprise chez cette tranche d\u2019\u00e2ge, le renforcement du dispositif de financement de ses projets\u2026<\/p>\n\n\n\n<p>Le plan d\u2019actions r\u00e9vis\u00e9 adoss\u00e9 au budget r\u00e9vis\u00e9 pr\u00e9voit la mise en \u0153uvre de 30 activit\u00e9s au lieu de 40 initialement pr\u00e9vues. Elles permettront de toucher directement 5 888 jeunes dont, entre autres, les 2 250 jeunes qui viennent de boucler leur stage dans les services publics et parapublics, 110 jeunes en stage de qualification professionnelle dans les entreprises, &nbsp;70 jeunes form\u00e9s sur les chantiers HIMO, 200 jeunes mobilis\u00e9s autour des travaux d\u2019assainissement, 800 jeunes sensibilis\u00e9s en entrepreneuriat, 1 608 jeunes form\u00e9s (dont 100 en cr\u00e9ation d\u2019entreprise)\u2026<\/p>\n\n\n\n<p>Les administrateurs ont salu\u00e9 la cl\u00f4ture satisfaisante, en septembre 2022, du 12e programme de stage de formation professionnelle qui a concern\u00e9 2 2250 jeunes sur l\u2019ensemble du territoire national, dont plusieurs ont obtenu des emplois durables. Ils ont \u00e9galement salu\u00e9 les efforts que la Direction g\u00e9n\u00e9rale d\u00e9ploie au quotidien pour le maintien du fonctionnement et la r\u00e9alisation de certaines activit\u00e9s dans un contexte budg\u00e9taire et financier extr\u00eamement difficile. Ils ont aussi r\u00e9it\u00e9r\u00e9 leur disponibilit\u00e9 et leur engagement aux c\u00f4t\u00e9s de l\u2019APEJ pour la r\u00e9ussite de ses importantes missions.<\/p>\n\n\n\n<p>Il faut rappeler que l\u2019APEJ a pour mission de concourir \u00e0 la cr\u00e9ation d\u2019emplois pour les jeunes, en milieux rural et urbain, notamment en facilitant l\u2019acc\u00e8s au march\u00e9 du travail et au cr\u00e9dit. Elle est ainsi charg\u00e9e de concevoir et mettre en \u0153uvre des programmes de travaux \u00e0 haute intensit\u00e9 de main d\u2019\u0153uvre en vue de cr\u00e9er des emplois pour les jeunes sans qualification en milieux urbain et rural ;&nbsp; faciliter l\u2019acc\u00e8s des jeunes aux outils de production et promouvoir les activit\u00e9s de commercialisation des produits ; faciliter l\u2019insertion des jeunes \u00e0 travers des stages de qualification en compl\u00e9mentarit\u00e9 avec les structures existantes et surtout&nbsp; rechercher des synergies avec des programmes de d\u00e9veloppement ayant des incidences sur l\u2019emploi.<\/p>\n\n\n\n<p>Organe d\u00e9lib\u00e9rant de l\u2019Agence, le Conseil d\u2019administration comprend plusieurs structures dont le D\u00e9partement de tutelle et de nombreux minist\u00e8res (Jeunesse, Economie et Finances, D\u00e9veloppement rural, Administration territoriale et D\u00e9centralisation, Transports et Infrastructures) ; la Direction nationale de l\u2019Emploi, la Direction nationale de la Formation professionnelle, le CNPM, l\u2019APCMM&nbsp;; le CNJ-Mali et le repr\u00e9sentant du personnel de l\u2019APEJ.<\/p>\n\n\n\n<p><strong>Naby<\/strong><\/p>\n\n\n\n<p><strong>Avec CICOM-APEJ<\/strong><\/p>\n\n\n\n<p><strong>Le Matin<\/strong><\/p>\n","protected":false},"excerpt":{"rendered":"<p>Les administrateurs de l\u2019Agence pour la promotion de l\u2019emploi des jeunes (APEJ) ont tenu les travaux de la 32e&nbsp;session extraordinaire du Conseil d\u2019administration (CA) de la structure vendredi dernier (11&hellip;<\/p>\n","protected":false},"author":1,"featured_media":10004,"comment_status":"open","ping_status":"closed","sticky":false,"template":"","format":"standard","meta":{"content-type":"","_lmt_disableupdate":"","_lmt_disable":"","_jetpack_memberships_contains_paid_content":false,"footnotes":"","jetpack_publicize_message":"","jetpack_publicize_feature_enabled":true,"jetpack_social_post_already_shared":true,"jetpack_social_options":{"image_generator_settings":{"template":"highway","default_image_id":0,"font":"","enabled":false},"version":2}},"categories":[39,53],"tags":[],"class_list":["post-9996","post","type-post","status-publish","format-standard","has-post-thumbnail","hentry","category-formation-professionnelle","category-le-matin"],"jetpack_publicize_connections":[],"featured_image_urls":{"full":"","thumbnail":"","medium":"","medium_large":"","large":"","1536x1536":"","2048x2048":"","penci-recipe-1200x1200":"","penci-recipe-1200x900":"","penci-recipe-1200x675":"","penci-single-full":"","penci-slider-full-thumb":"","penci-full-thumb":"","penci-slider-thumb":"","penci-magazine-slider":"","penci-thumb":"","penci-masonry-thumb":"","penci-thumb-square":"","penci-thumb-vertical":"","penci-thumb-small":""},"author_info":{"display_name":"Nandi","author_link":"https:\/\/nandi.info\/?author=1"},"category_info":"<a href=\"https:\/\/nandi.info\/?cat=39\" rel=\"category\">Formation Professionnelle<\/a> <a href=\"https:\/\/nandi.info\/?cat=53\" rel=\"category\">Le Matin<\/a>","tag_info":"Le Matin","comment_count":"0","jetpack_featured_media_url":"","jetpack_sharing_enabled":true,"_links":{"self":[{"href":"https:\/\/nandi.info\/index.php?rest_route=\/wp\/v2\/posts\/9996","targetHints":{"allow":["GET"]}}],"collection":[{"href":"https:\/\/nandi.info\/index.php?rest_route=\/wp\/v2\/posts"}],"about":[{"href":"https:\/\/nandi.info\/index.php?rest_route=\/wp\/v2\/types\/post"}],"author":[{"embeddable":true,"href":"https:\/\/nandi.info\/index.php?rest_route=\/wp\/v2\/users\/1"}],"replies":[{"embeddable":true,"href":"https:\/\/nandi.info\/index.php?rest_route=%2Fwp%2Fv2%2Fcomments&post=9996"}],"version-history":[{"count":0,"href":"https:\/\/nandi.info\/index.php?rest_route=\/wp\/v2\/posts\/9996\/revisions"}],"wp:featuredmedia":[{"embeddable":true,"href":"https:\/\/nandi.info\/index.php?rest_route=\/"}],"wp:attachment":[{"href":"https:\/\/nandi.info\/index.php?rest_route=%2Fwp%2Fv2%2Fmedia&parent=9996"}],"wp:term":[{"taxonomy":"category","embeddable":true,"href":"https:\/\/nandi.info\/index.php?rest_route=%2Fwp%2Fv2%2Fcategories&post=9996"},{"taxonomy":"post_tag","embeddable":true,"href":"https:\/\/nandi.info\/index.php?rest_route=%2Fwp%2Fv2%2Ftags&post=9996"}],"curies":[{"name":"wp","href":"https:\/\/api.w.org\/{rel}","templated":true}]}}