{"id":9988,"date":"2022-11-17T15:43:17","date_gmt":"2022-11-17T14:43:17","guid":{"rendered":"https:\/\/nandi.info\/?p=9988"},"modified":"2022-11-17T15:43:17","modified_gmt":"2022-11-17T14:43:17","slug":"retour-de-choguel-a-la-primature-ce-que-le-m5-rfp-na-pas-dit-lors-de-sa-conference-de-presse-du-mardi","status":"publish","type":"post","link":"https:\/\/nandi.info\/?p=9988","title":{"rendered":"<strong>Retour de Choguel \u00e0 la Primature&nbsp;: Ce que le M5 RFP n\u2019a pas dit lors de sa conf\u00e9rence de presse du mardi<\/strong>"},"content":{"rendered":"\n<p><strong>Alors que la chose la mieux partag\u00e9e en ce moment par rapport au retour de Choguel Kokalla Ma\u00efga \u00e0 la Primature est l\u2019incertitude, le M5 RFP n\u2019en pipe mot lors de sa conf\u00e9rence de presse tenue mardi 15 novembre.<\/strong><\/p>\n\n\n\n<p class=\"has-drop-cap\">Le Premier ministre Choguel Ma\u00efga terrass\u00e9 par un AVC depuis plusieurs mois qui l\u2019a \u00e9loign\u00e9 de son fauteuil primatorial reviendra ou reviendra pas&nbsp;? La question taraude tout le monde. Au m\u00eame moment alors que journalistes et autres acteurs s\u2019attendaient \u00e0 une r\u00e9ponse claire, les conf\u00e9renciers du M5 RFP entretiennent un flou artistique sur la question.<\/p>\n\n\n\n<p>Lors de leur conf\u00e9rence de presse, les leaders se sont content\u00e9s de vanter la forme olympique du Premier ministre en convalescence. <em>\u00ab&nbsp;Je voudrais vous dire que le Premier ministre Choguel Ma\u00efga se porte tr\u00e8s bien. Je discute avec lui et il me donne souvent des missions \u00e0 faire. Il \u00e9crit, il lit, il r\u00e9fl\u00e9chit et il marche<\/em>&nbsp;\u00bb, a indiqu\u00e9 le vice-pr\u00e9sident du M5 RFP, Bouba Traor\u00e9. Plus rien encore sur son retour alors que ses fans attendent plus.<\/p>\n\n\n\n<p>En effet, ses supporters veulent savoir s\u2019il reprend ou pas les r\u00eanes de la primature. M\u00eame si les leaders du M5 RFP n\u2019en savent apparemment pas plus que les autres, ce n\u2019est pas l\u2019impression qu\u2019ils d\u00e9gagent en tout cas.<\/p>\n\n\n\n<p>Choguel Ma\u00efga est consid\u00e9r\u00e9 comme un grand soutien au pouvoir de Transition et menait de mains de ma\u00eetre ses dossiers. Il est aussi connu pour avoir d\u00e9nonc\u00e9 haut et fort la politique fran\u00e7aise au Mali. Son intervention \u00e0 la tribune des nations unies a donn\u00e9 une envergure mondiale \u00e0 l\u2019homme.<\/p>\n\n\n\n<p>Aujourd\u2019hui l\u2019opinion s\u2019interroge sur son retour. En revanche son int\u00e9rim assur\u00e9 par son ministre de l\u2019Administration territoriale p\u00e8se de plus en plus lourd pour certains, press\u00e9s de voir leur champion revenir aux affaires.<\/p>\n\n\n\n<p>Dans tous les cas le M5, \u00e0 l\u2019origine de la contestation et de la chute de Ibrahim Boubacar K\u00e9\u00efta, aujourd\u2019hui divis\u00e9, semble soutenir la transition m\u00eame si le camp du cin\u00e9aste Cheick Oumar Sissoko joue au centriste.<\/p>\n\n\n\n<p><strong>Hachi Ciss\u00e9<\/strong><\/p>\n","protected":false},"excerpt":{"rendered":"<p>Alors que la chose la mieux partag\u00e9e en ce moment par rapport au retour de Choguel Kokalla Ma\u00efga \u00e0 la Primature est l\u2019incertitude, le M5 RFP n\u2019en pipe mot lors&hellip;<\/p>\n","protected":false},"author":1,"featured_media":9994,"comment_status":"open","ping_status":"closed","sticky":false,"template":"","format":"standard","meta":{"content-type":"","_lmt_disableupdate":"","_lmt_disable":"","_jetpack_memberships_contains_paid_content":false,"footnotes":"","jetpack_publicize_message":"","jetpack_publicize_feature_enabled":true,"jetpack_social_post_already_shared":true,"jetpack_social_options":{"image_generator_settings":{"template":"highway","default_image_id":0,"font":"","enabled":false},"version":2}},"categories":[53,23,92],"tags":[],"class_list":["post-9988","post","type-post","status-publish","format-standard","has-post-thumbnail","hentry","category-le-matin","category-politique","category-slider"],"jetpack_publicize_connections":[],"featured_image_urls":{"full":"","thumbnail":"","medium":"","medium_large":"","large":"","1536x1536":"","2048x2048":"","penci-recipe-1200x1200":"","penci-recipe-1200x900":"","penci-recipe-1200x675":"","penci-single-full":"","penci-slider-full-thumb":"","penci-full-thumb":"","penci-slider-thumb":"","penci-magazine-slider":"","penci-thumb":"","penci-masonry-thumb":"","penci-thumb-square":"","penci-thumb-vertical":"","penci-thumb-small":""},"author_info":{"display_name":"Nandi","author_link":"https:\/\/nandi.info\/?author=1"},"category_info":"<a href=\"https:\/\/nandi.info\/?cat=53\" rel=\"category\">Le Matin<\/a> <a href=\"https:\/\/nandi.info\/?cat=23\" rel=\"category\">Politique<\/a> <a href=\"https:\/\/nandi.info\/?cat=92\" rel=\"category\">Slider<\/a>","tag_info":"Slider","comment_count":"0","jetpack_featured_media_url":"","jetpack_sharing_enabled":true,"_links":{"self":[{"href":"https:\/\/nandi.info\/index.php?rest_route=\/wp\/v2\/posts\/9988","targetHints":{"allow":["GET"]}}],"collection":[{"href":"https:\/\/nandi.info\/index.php?rest_route=\/wp\/v2\/posts"}],"about":[{"href":"https:\/\/nandi.info\/index.php?rest_route=\/wp\/v2\/types\/post"}],"author":[{"embeddable":true,"href":"https:\/\/nandi.info\/index.php?rest_route=\/wp\/v2\/users\/1"}],"replies":[{"embeddable":true,"href":"https:\/\/nandi.info\/index.php?rest_route=%2Fwp%2Fv2%2Fcomments&post=9988"}],"version-history":[{"count":0,"href":"https:\/\/nandi.info\/index.php?rest_route=\/wp\/v2\/posts\/9988\/revisions"}],"wp:featuredmedia":[{"embeddable":true,"href":"https:\/\/nandi.info\/index.php?rest_route=\/"}],"wp:attachment":[{"href":"https:\/\/nandi.info\/index.php?rest_route=%2Fwp%2Fv2%2Fmedia&parent=9988"}],"wp:term":[{"taxonomy":"category","embeddable":true,"href":"https:\/\/nandi.info\/index.php?rest_route=%2Fwp%2Fv2%2Fcategories&post=9988"},{"taxonomy":"post_tag","embeddable":true,"href":"https:\/\/nandi.info\/index.php?rest_route=%2Fwp%2Fv2%2Ftags&post=9988"}],"curies":[{"name":"wp","href":"https:\/\/api.w.org\/{rel}","templated":true}]}}