{"id":9987,"date":"2022-11-17T15:37:20","date_gmt":"2022-11-17T14:37:20","guid":{"rendered":"https:\/\/nandi.info\/?p=9987"},"modified":"2022-11-17T15:37:20","modified_gmt":"2022-11-17T14:37:20","slug":"ecoles-fermees-dans-la-region-de-tombouctou-les-extremistes-posent-des-conditions-islamistes-pour-leur-reouverture","status":"publish","type":"post","link":"https:\/\/nandi.info\/?p=9987","title":{"rendered":"<strong>\u00c9coles ferm\u00e9es dans la r\u00e9gion de Tombouctou&nbsp;:<\/strong> <strong>Les extr\u00e9mistes posent des conditions islamistes pour leur r\u00e9ouverture<\/strong>"},"content":{"rendered":"\n<p><strong>Pour la r\u00e9ouverture des \u00e9coles ferm\u00e9es dans la r\u00e9gion de Tombouctou, les Jihadistes ont fix\u00e9 leurs conditions. Ils veulent non seulement l\u2019introduction de l\u2019arabe, mais aussi la fin de la mixit\u00e9 filles-gar\u00e7ons dans une m\u00eame classe. Des conditions qui violent le principe de la la\u00efcit\u00e9 de la R\u00e9publique et qui vont \u00eatre difficiles \u00e0 mettre en \u0153uvre dans un bref d\u00e9lai.<\/strong><\/p>\n\n\n\n<p>\u00ab<em>Suite aux diff\u00e9rentes rencontres et concertations, nous autorit\u00e9s religieuses, avons d\u00e9cid\u00e9 d\u2019accompagner la r\u00e9ouverture des \u00e9coles ferm\u00e9es pour le bien-\u00eatre des enfants de la r\u00e9gion de Tombouctou<\/em>\u00bb, ainsi d\u00e9bute la correspondance adress\u00e9e par le cadi de Zou\u00e9ra (cercle de Goundam\/Tombouctou) au gouverneur de la r\u00e9gion de Tombouctou, aux autorit\u00e9s scolaires et aux autres acteurs de l\u2019\u00e9ducation.<\/p>\n\n\n\n<p>\u00ab<em>Les enfants sont laiss\u00e9s \u00e0 eux-m\u00eames et d\u00e9vient du bon chemin. Il faut donc les occuper par une bonne \u00e9ducation. Cela permettra aux enfants de bien conna\u00eetre leur religion qu\u2019est l\u2019islam et d\u2019apprendre pour se construire une vie et avoir un m\u00e9tier<\/em>\u00bb, a-t-il soulign\u00e9 comme pour prouver qu\u2019il est r\u00e9ellement pr\u00e9occup\u00e9 par l\u2019avenir de ces enfants priv\u00e9s de l\u2019un de leurs droits fondamentaux, notamment l\u2019acc\u00e8s \u00e0 l\u2019\u00e9ducation.<\/p>\n\n\n\n<p>\u00ab<em>Mais, l\u2019accompagnement se fera sous certaines conditions qui doivent \u00eatre accept\u00e9es par les autorit\u00e9s scolaires et tous les acteurs de l\u2019Ecole<\/em>\u00bb, a poursuivi le cadi dans sa missive datant du 26 octobre 2022. Les conditions fix\u00e9es font naturellement r\u00e9f\u00e9rence \u00ab<em>au&nbsp;Coran et \u00e0 la sunna du Proph\u00e8te Mohamed&nbsp;<\/em>(PSL\u00bb&nbsp;! Primo, le cadi exige que \u00ab<em>les autorit\u00e9s scolaires prennent la d\u00e9cision d\u2019introduire l\u2019arabe \u00e0 l\u2019\u00e9cole, dont le Coran et son interpr\u00e9tation en langue du milieu et dans tous les ordres d\u2019enseignement<\/em>\u00bb.<\/p>\n\n\n\n<p>Secundo, \u00ab<em>il faudrait qu\u2019au niveau des adolescents et adolescentes, par exemple au second cycle et ailleurs, les rang\u00e9es des filles et des gar\u00e7ons soient s\u00e9par\u00e9es par une barri\u00e8re, lorsqu\u2019il est impossible de s\u00e9parer la classe\u2026 Il est souhaitable que les filles soient enseign\u00e9es par les femmes et les gar\u00e7ons par les hommes lorsque les classes sont s\u00e9par\u00e9es<\/em>&nbsp;(une classe \u00e0 des rang\u00e9es, filles et gar\u00e7ons)\u00bb. Et enfin, tertio, \u00ab<em>lorsque les adolescents (filles et gar\u00e7ons) sortent pour le chemin de l\u2019\u00e9cole, il faudrait qu\u2019ils s\u2019habillent d\u00e9cemment comme le veut la religion musulmane<\/em>\u00bb.<\/p>\n\n\n\n<p>Pour le moment, nous n\u2019avons pas la r\u00e9action du gouverneur de la r\u00e9gion de Tombouctou, des autorit\u00e9s scolaires et des autres acteurs de l\u2019\u00e9ducation. Il est clair que ces conditions vont \u00eatre difficiles \u00e0 \u00eatre r\u00e9unies. Sans compter qu\u2019elles mettent en mal la la\u00efcit\u00e9 de la R\u00e9publique dont les principes vont se noyer dans les pr\u00e9ceptes religieux.<\/p>\n\n\n\n<p>Il faut rappeler que la rentr\u00e9e scolaire 2022-2023 a eu lieu le 3 octobre dernier alors que pr\u00e8s de 1 500 \u00e9coles&nbsp;sont forc\u00e9es pour des raisons d\u2019ins\u00e9curit\u00e9, notamment dans le nord et le centre du pays.<\/p>\n\n\n\n<p><strong>Naby<\/strong><\/p>\n\n\n\n<p><strong>Le Matin<\/strong><\/p>\n","protected":false},"excerpt":{"rendered":"<p>Pour la r\u00e9ouverture des \u00e9coles ferm\u00e9es dans la r\u00e9gion de Tombouctou, les Jihadistes ont fix\u00e9 leurs conditions. Ils veulent non seulement l\u2019introduction de l\u2019arabe, mais aussi la fin de la&hellip;<\/p>\n","protected":false},"author":1,"featured_media":9989,"comment_status":"open","ping_status":"closed","sticky":false,"template":"","format":"standard","meta":{"content-type":"","_lmt_disableupdate":"","_lmt_disable":"","_jetpack_memberships_contains_paid_content":false,"footnotes":"","jetpack_publicize_message":"","jetpack_publicize_feature_enabled":true,"jetpack_social_post_already_shared":true,"jetpack_social_options":{"image_generator_settings":{"template":"highway","default_image_id":0,"font":"","enabled":false},"version":2}},"categories":[38,53],"tags":[],"class_list":["post-9987","post","type-post","status-publish","format-standard","has-post-thumbnail","hentry","category-education","category-le-matin"],"jetpack_publicize_connections":[],"featured_image_urls":{"full":"","thumbnail":"","medium":"","medium_large":"","large":"","1536x1536":"","2048x2048":"","penci-recipe-1200x1200":"","penci-recipe-1200x900":"","penci-recipe-1200x675":"","penci-single-full":"","penci-slider-full-thumb":"","penci-full-thumb":"","penci-slider-thumb":"","penci-magazine-slider":"","penci-thumb":"","penci-masonry-thumb":"","penci-thumb-square":"","penci-thumb-vertical":"","penci-thumb-small":""},"author_info":{"display_name":"Nandi","author_link":"https:\/\/nandi.info\/?author=1"},"category_info":"<a href=\"https:\/\/nandi.info\/?cat=38\" rel=\"category\">Education<\/a> <a href=\"https:\/\/nandi.info\/?cat=53\" rel=\"category\">Le Matin<\/a>","tag_info":"Le Matin","comment_count":"0","jetpack_featured_media_url":"","jetpack_sharing_enabled":true,"_links":{"self":[{"href":"https:\/\/nandi.info\/index.php?rest_route=\/wp\/v2\/posts\/9987","targetHints":{"allow":["GET"]}}],"collection":[{"href":"https:\/\/nandi.info\/index.php?rest_route=\/wp\/v2\/posts"}],"about":[{"href":"https:\/\/nandi.info\/index.php?rest_route=\/wp\/v2\/types\/post"}],"author":[{"embeddable":true,"href":"https:\/\/nandi.info\/index.php?rest_route=\/wp\/v2\/users\/1"}],"replies":[{"embeddable":true,"href":"https:\/\/nandi.info\/index.php?rest_route=%2Fwp%2Fv2%2Fcomments&post=9987"}],"version-history":[{"count":0,"href":"https:\/\/nandi.info\/index.php?rest_route=\/wp\/v2\/posts\/9987\/revisions"}],"wp:featuredmedia":[{"embeddable":true,"href":"https:\/\/nandi.info\/index.php?rest_route=\/"}],"wp:attachment":[{"href":"https:\/\/nandi.info\/index.php?rest_route=%2Fwp%2Fv2%2Fmedia&parent=9987"}],"wp:term":[{"taxonomy":"category","embeddable":true,"href":"https:\/\/nandi.info\/index.php?rest_route=%2Fwp%2Fv2%2Fcategories&post=9987"},{"taxonomy":"post_tag","embeddable":true,"href":"https:\/\/nandi.info\/index.php?rest_route=%2Fwp%2Fv2%2Ftags&post=9987"}],"curies":[{"name":"wp","href":"https:\/\/api.w.org\/{rel}","templated":true}]}}