{"id":9977,"date":"2022-11-17T12:26:26","date_gmt":"2022-11-17T11:26:26","guid":{"rendered":"https:\/\/nandi.info\/?p=9977"},"modified":"2024-01-21T12:59:22","modified_gmt":"2024-01-21T11:59:22","slug":"multiples-annonces-de-retrait-de-troupes-vers-la-fin-de-la-minusma","status":"publish","type":"post","link":"https:\/\/nandi.info\/?p=9977","title":{"rendered":"Multiples annonces de retrait de troupes : Vers la fin de la Minusma ?"},"content":{"rendered":"\n<p><strong>Pendant que le Royaume-Uni annonce un retrait anticip\u00e9 de ses militaires au Mali, la C\u00f4te d\u2019Ivoire, elle aussi, a annonc\u00e9 le retrait progressif de ses troupes \u00e0 la force de maintien de la paix des Nations unies au Mali (MINUSMA). Ces annonces se font au moment o\u00f9 les Maliens m\u00eame demandent le d\u00e9part de la Minusma&nbsp;? Va-t-on donc vers la fin de cette mission onusienne au Mali&nbsp;?<\/strong><\/p>\n\n\n\n<p class=\"has-drop-cap\">La Minusma se vide en longueur de journ\u00e9e. Des pays annoncent le retrait de leur troupe en son sein.<\/p>\n\n\n\n<p>En effet, le Royaume-Uni a annonc\u00e9 lundi 14 Novembre 2022 le retrait anticip\u00e9 de ses militaires actuellement d\u00e9ploy\u00e9s au Mali. Comme raison , il avance une collaboration du Mali avec Wagner.&nbsp;<em>\u00ab Le contingent du Royaume-Uni quittera (\u2026) (la mission de la paix de l\u2019ONU) plus t\u00f4t que pr\u00e9vu \u00bb,<\/em>&nbsp;a d\u00e9clar\u00e9 le secr\u00e9taire d\u2019\u00c9tat aux forces arm\u00e9es James Heappey devant la Chambre des Communes avant d\u2019ajouter&nbsp;:&nbsp;<em>\u00ab Nous devons \u00eatre clairs sur le fait que la responsabilit\u00e9 de tout cela incombe \u00e0 Bamako \u00bb.<\/em>&nbsp;Pour le Royaume-Uni, \u00ab<em>&nbsp;le partenariat du gouvernement malien avec le groupe Wagner est contreproductif pour la stabilit\u00e9 et la s\u00e9curit\u00e9 \u00e0 long terme dans la r\u00e9gion \u00bb.<\/em>&nbsp;Le secr\u00e9taire d\u2019\u00c9tat a ainsi indiqu\u00e9 que le Royaume-Uni \u00ab&nbsp;<em>ne peut pas d\u00e9ployer l\u2019arm\u00e9e nationale pour assurer la s\u00e9curit\u00e9 quand le gouvernement du pays h\u00f4te n\u2019a pas la volont\u00e9 de travailler avec nous pour apporter une stabilit\u00e9 et une s\u00e9curit\u00e9 durables \u00bb.<\/em><\/p>\n\n\n\n<p>Ce retrait n\u2019est pas la fin du partenariat entre le Mali et ce pays.&nbsp;<em>\u00ab Le Royaume-Uni poursuivra son engagement au Mali et au Sahel \u00e0 travers notre aide humanitaire, de stabilisation et de d\u00e9veloppement, en travaillant en \u00e9troite coop\u00e9ration avec nos partenaires \u00bb,&nbsp;<\/em>a d\u00e9clar\u00e9 M. Heappey.<\/p>\n\n\n\n<p>A la suite du Royaume-Uni, la C\u00f4te d\u2019ivoire a, elle aussi, annonc\u00e9 le retrait progressif de se troupes du Mali.&nbsp;<em>\u00ab La Mission Permanente de la R\u00e9publique de C\u00f4te d\u2019Ivoire pr\u00e9sente ses compliments au Bureau du Secr\u00e9taire G\u00e9n\u00e9ral Adjoint aux Op\u00e9rations de Paix ( DPO) des Nations Unies \u00e0 New York et a l\u2019honneur de porter \u00e0 sa connaissance ce qui suit : D\u2019ordre du Gouvernement de la R\u00e9publique de C\u00f4te d\u2019Ivoire, la Mission Permanente confirme la d\u00e9cision de retrait progressif des personnels militaires et de police ivoiriens d\u00e9ploy\u00e9s au sein de la Mission Multidimensionnelle Int\u00e9gr\u00e9e des Nations Unies pour la stabilisation au Mali (MINUSMA), telle qu\u2019annonc\u00e9e le 28 octobre 2022 par le Ministre D\u00e9l\u00e9gu\u00e9 L\u00e9on Kacou ADOM, lors de son entretien avec le Secr\u00e9taire G\u00e9n\u00e9ral Adjoint aux Op\u00e9rations de Paix, Monsieur Jean \u2013 Pierre LACROIX \u00bb,<\/em>&nbsp;a d\u00e9clar\u00e9 la Mission Permanente de la R\u00e9publique de C\u00f4te d\u2019Ivoire aupr\u00e8s des Nations Unies. Ladite note pr\u00e9cise que les d\u00e9ploiements des officiers d\u2019\u00c9tat-major (MSO) et des Officiers de Police (IPO), pr\u00e9vus respectivement en octobre et novembre 2022 ne pourront plus \u00eatre effectu\u00e9s.&nbsp;<em>\u00ab De m\u00eame, la C\u00f4te d\u2019Ivoire n\u2019envisage pas relever, en ao\u00fbt 2023, les militaires et autres \u00e9l\u00e9ments, pr\u00e9sents au sein de la Force de la MINUSMA. Le Gouvernement ivoirien serait donc reconnaissant au D\u00e9partement des Op\u00e9rations de Paix (DPO) des dispositions idoines qu\u2019il lui plaira de prendre en vue de la mise en \u0153uvre imm\u00e9diate de cette d\u00e9cision<\/em>&nbsp;\u00bb, indique le note.<\/p>\n\n\n\n<p>Avant ces deux pays, ce sont le Danemark, la Su\u00e8de et la Tch\u00e9coslovaquie qui a m\u00eame d\u00e9cid\u00e9 de fermer son ambassade au Mali.<\/p>\n\n\n\n<p>Apr\u00e8s tous ces retraits, et au regard de la position du plus grand nombre de Maliens, va-t-on vers la fin de la Minusma ? En tout cas, \u00e0 l\u2019allure o\u00f9 vont les choses, cette mission risque de fermer boutique au Mali.<\/p>\n\n\n\n<p><strong>B. Guindo<\/strong><\/p>\n\n\n\n<p><strong>Le Pays<\/strong><\/p>\n","protected":false},"excerpt":{"rendered":"<p>Pendant que le Royaume-Uni annonce un retrait anticip\u00e9 de ses militaires au Mali, la C\u00f4te d\u2019Ivoire, elle aussi, a annonc\u00e9 le retrait progressif de ses troupes \u00e0 la force de&hellip;<\/p>\n","protected":false},"author":1,"featured_media":9978,"comment_status":"open","ping_status":"closed","sticky":false,"template":"","format":"standard","meta":{"content-type":"","_lmt_disableupdate":"","_lmt_disable":"","_jetpack_memberships_contains_paid_content":false,"footnotes":"","jetpack_publicize_message":"","jetpack_publicize_feature_enabled":true,"jetpack_social_post_already_shared":true,"jetpack_social_options":{"image_generator_settings":{"template":"highway","default_image_id":0,"font":"","enabled":false},"version":2}},"categories":[71,21],"tags":[],"class_list":["post-9977","post","type-post","status-publish","format-standard","has-post-thumbnail","hentry","category-le-pays","category-societe"],"jetpack_publicize_connections":[],"featured_image_urls":{"full":"","thumbnail":"","medium":"","medium_large":"","large":"","1536x1536":"","2048x2048":"","penci-recipe-1200x1200":"","penci-recipe-1200x900":"","penci-recipe-1200x675":"","penci-single-full":"","penci-slider-full-thumb":"","penci-full-thumb":"","penci-slider-thumb":"","penci-magazine-slider":"","penci-thumb":"","penci-masonry-thumb":"","penci-thumb-square":"","penci-thumb-vertical":"","penci-thumb-small":""},"author_info":{"display_name":"Nandi","author_link":"https:\/\/nandi.info\/?author=1"},"category_info":"<a href=\"https:\/\/nandi.info\/?cat=71\" rel=\"category\">Le Pays<\/a> <a href=\"https:\/\/nandi.info\/?cat=21\" rel=\"category\">Soci\u00e9t\u00e9<\/a>","tag_info":"Soci\u00e9t\u00e9","comment_count":"0","jetpack_featured_media_url":"","jetpack_sharing_enabled":true,"_links":{"self":[{"href":"https:\/\/nandi.info\/index.php?rest_route=\/wp\/v2\/posts\/9977","targetHints":{"allow":["GET"]}}],"collection":[{"href":"https:\/\/nandi.info\/index.php?rest_route=\/wp\/v2\/posts"}],"about":[{"href":"https:\/\/nandi.info\/index.php?rest_route=\/wp\/v2\/types\/post"}],"author":[{"embeddable":true,"href":"https:\/\/nandi.info\/index.php?rest_route=\/wp\/v2\/users\/1"}],"replies":[{"embeddable":true,"href":"https:\/\/nandi.info\/index.php?rest_route=%2Fwp%2Fv2%2Fcomments&post=9977"}],"version-history":[{"count":1,"href":"https:\/\/nandi.info\/index.php?rest_route=\/wp\/v2\/posts\/9977\/revisions"}],"predecessor-version":[{"id":16944,"href":"https:\/\/nandi.info\/index.php?rest_route=\/wp\/v2\/posts\/9977\/revisions\/16944"}],"wp:featuredmedia":[{"embeddable":true,"href":"https:\/\/nandi.info\/index.php?rest_route=\/"}],"wp:attachment":[{"href":"https:\/\/nandi.info\/index.php?rest_route=%2Fwp%2Fv2%2Fmedia&parent=9977"}],"wp:term":[{"taxonomy":"category","embeddable":true,"href":"https:\/\/nandi.info\/index.php?rest_route=%2Fwp%2Fv2%2Fcategories&post=9977"},{"taxonomy":"post_tag","embeddable":true,"href":"https:\/\/nandi.info\/index.php?rest_route=%2Fwp%2Fv2%2Ftags&post=9977"}],"curies":[{"name":"wp","href":"https:\/\/api.w.org\/{rel}","templated":true}]}}