{"id":9971,"date":"2022-11-17T11:59:24","date_gmt":"2022-11-17T10:59:24","guid":{"rendered":"https:\/\/nandi.info\/?p=9971"},"modified":"2022-11-17T11:59:24","modified_gmt":"2022-11-17T10:59:24","slug":"affaire-ben-le-cerveau-a-qui-profite-la-division","status":"publish","type":"post","link":"https:\/\/nandi.info\/?p=9971","title":{"rendered":"Affaire Ben le Cerveau : A qui profite la division ?"},"content":{"rendered":"\n<p><strong>Des Katois, des centaines, ont demand\u00e9,&nbsp;le mardi dernier, l\u2019\u00e9viction du leader du mouvement Y\u00e8r\u00e8wolo Debout sur les remparts Adama Ben Diarra, du CNT. La cause : ses r\u00e9centes prises de position contre la transition, notamment dans l\u2019affaire des budgets du CNT et de la Pr\u00e9sidence de la R\u00e9publique et dans l\u2019affaire du port obligatoire des casques. La r\u00e9action des soutiens de membre du CNT n\u2019a pas aussi tard\u00e9. Une guerre ouverte entre deux soutiens \u00e0 la transition. Guerre qui ne servira que les ennemis des autorit\u00e9s de la transition.<\/strong><\/p>\n\n\n\n<p class=\"has-drop-cap\">A Kati, des centaines de jeunes se r\u00e9clamant de soutiens \u00e0 la transition ont fait port\u00e9 au membre du CNT, Adama Ben Diarra, le chapeau d\u2019un \u00ab&nbsp;ennemi&nbsp;\u00bb de la transition. Ils ont m\u00eame r\u00e9clam\u00e9 son \u00e9viction de l\u2019organe l\u00e9gislatif de la transition \u00e0 travers un meeting.<\/p>\n\n\n\n<p>En effet, \u00e0 travers des slogans tels que&nbsp;:&nbsp;<em>\u00ab Halte \u00e0 la manipulation : Ben la jeunesse de Kati a tout compris \u00bb, \u00ab Ben sans cerveau \u00bb, \u00ab nous voulons le d\u00e9part de Ben sans cerveau \u00bb, \u00ab Ben d\u00e9gage \u00bb,<\/em>&nbsp;des manifestants ont fustig\u00e9 la prise de position actuelle de celui que les intimes appellent Ben le Cerveau. Montage pour nuire Ben le Cerveau ou r\u00e9alit\u00e9&nbsp;? On ne saurait le dire, mais un vocal qui lui est attribu\u00e9 a aussi pr\u00e9sent\u00e9 par ses adversaires comme une raison de le combattre.<\/p>\n\n\n\n<p>Cette manifestation grandiose et la fuite de son audio ont \u00e9t\u00e9 pr\u00e9c\u00e9d\u00e9es par des d\u00e9nonciations virulentes contre Ben le Cerveau sur les r\u00e9seaux sociaux.<\/p>\n\n\n\n<p><strong>La contre-manifestation des soutiens de Ben le Cerveau<\/strong><\/p>\n\n\n\n<p>Quoi qu\u2019on dise, Adama Ben Diarra a pu se faire une tr\u00e8s grande popularit\u00e9 au sein de la population. A travers son mouvement \u00ab&nbsp;Y\u00e8r\u00e8wolo Debout sur les remparts&nbsp;\u00bb, il est consid\u00e9r\u00e9 comme un \u00ab&nbsp;pion&nbsp;\u00bb des militaires au pouvoir. Il est consid\u00e9r\u00e9 comme celui-l\u00e0 qui est dans les \u00ab&nbsp;secrets&nbsp;\u00bb du pouvoir. Il a des soutiens inconditionnels qui sont, eux aussi, sortis pour exprimer leur soutien \u00e0 l\u2019enfant de Kati.<\/p>\n\n\n\n<p>Lors de ladite manifestation, Ben le cerveau a sonn\u00e9 le temps de la clarification. Il a d\u2019ailleurs demand\u00e9 un rassemblement de toutes les forces du changement.&nbsp;<em>\u00ab Retrouvons-nous pour continuer \u00e0 sauver l\u2019essentiel qui est le Mali. Des trahisons se pr\u00e9parent contre le Mali \u00e0 l\u2019int\u00e9rieur et \u00e0 l\u2019ext\u00e9rieur. Je lance un appel \u00e0 toutes les forces du changement, notamment le M5-RFP, le Fusi-Mali, la vision Bouy\u00e9, CDM, Corema\u2026 pour un rassemblement le samedi 19 novembre \u00e0 Koulikoro \u00bb,&nbsp;<\/em>a-t-il lanc\u00e9 entendre.&nbsp;<em>\u00ab&nbsp;On va penser \u00e0 comment faire pour que l\u2019ancien syst\u00e8me ne reprenne pas le pouvoir et que l\u2019ennemi ext\u00e9rieur ne gagne sur le pays. Continuons \u00e0 sauver la r\u00e9volution. Continuons \u00e0 prot\u00e9ger la transition<\/em>&nbsp;\u00bb.<\/p>\n\n\n\n<p>Pendant que ses adversaires le consid\u00e8rent comme un ennemi \u00e0 la transition et aux autorit\u00e9s en place, Ben d\u00e9clare&nbsp;:&nbsp;<em>\u00ab&nbsp;Nous avons sauv\u00e9 Assimi, nous le sauverons aujourd\u2019hui et nous le sauverons demain pour le bien-\u00eatre des populations africaines. Ce sont les hommes de d\u00e9tail qui aiment les d\u00e9tails. Partout nous soyons, on va continuons \u00e0 sauver la patrie&nbsp;<\/em>\u00bb.<\/p>\n\n\n\n<p><strong>Ce qu\u2019il faut \u00e9viter<\/strong><\/p>\n\n\n\n<p>A en croire certaines sources, Ben le Cerveau s\u2019est tromp\u00e9 concernant la pr\u00e9tendue hausse du budget de la pr\u00e9sidence de la R\u00e9publique et du CNT.&nbsp;<em>\u00ab Beaucoup d\u2019amalgame au sujet du budget du CNT. Au budget initial 2022, le CNT avait un budget de 12&nbsp;459&nbsp;182&nbsp;000 F CFA. Au niveau du budget rectifi\u00e9 en 2022 suite aux sanctions, le minist\u00e8re de l\u2019\u00c9conomie et des Finances avait gel\u00e9 des fonds du CNT estim\u00e9 \u00e0 3 577 761&nbsp;000 F CFA. Quand l\u2019activit\u00e9 \u00e9conomique a repris progressivement, le minist\u00e8re de l\u2019\u00c9conomie et des Finances a jug\u00e9 utile de remettre \u00e0 la disposition du Conseil national de transition \u00e0 peu pr\u00e8s de 2 milliards et quelques pour qu\u2019on puisse faire face aux charges. On a tout simplement \u00e9t\u00e9 mis dans nos droits&nbsp;\u00bb<strong>,<\/strong><\/em>&nbsp;a expliqu\u00e9, au micro de studio Tamani, le membre de la commission finance du CNT. Si cette affirmation d\u2019Amadou Albert Ma\u00efga est vraie, c\u2019est que Ben s\u2019est tromp\u00e9. Il aurait pu chercher \u00e0 savoir la vraie information avant d\u2019aller sur les m\u00e9dias. Il aurait pu aussi interpeler les ministres en question. M\u00eame s\u2019il n\u2019est pas \u00e9cout\u00e9, il aura accompli sa mission en tant que membre du CNT.<\/p>\n\n\n\n<p>Mais cette sortie m\u00e9rite-t-elle tout ce combat contre lui&nbsp;? Non. Ceux qui demandent sa d\u00e9mission rendent ils service \u00e0 la transition&nbsp;? Non \u00e9galement. En le chassant du CNT, on grossit les rangs des adversaires de la transition qui a plut\u00f4t besoin de l\u2019union des Maliens.<\/p>\n\n\n\n<p><strong>Boureima Guindo<\/strong><\/p>\n","protected":false},"excerpt":{"rendered":"<p>Des Katois, des centaines, ont demand\u00e9,&nbsp;le mardi dernier, l\u2019\u00e9viction du leader du mouvement Y\u00e8r\u00e8wolo Debout sur les remparts Adama Ben Diarra, du CNT. La cause : ses r\u00e9centes prises de&hellip;<\/p>\n","protected":false},"author":1,"featured_media":9972,"comment_status":"open","ping_status":"closed","sticky":false,"template":"","format":"standard","meta":{"content-type":"","_lmt_disableupdate":"","_lmt_disable":"","_jetpack_memberships_contains_paid_content":false,"footnotes":"","jetpack_publicize_message":"","jetpack_publicize_feature_enabled":true,"jetpack_social_post_already_shared":true,"jetpack_social_options":{"image_generator_settings":{"template":"highway","default_image_id":0,"font":"","enabled":false},"version":2}},"categories":[71,21],"tags":[],"class_list":["post-9971","post","type-post","status-publish","format-standard","has-post-thumbnail","hentry","category-le-pays","category-societe"],"jetpack_publicize_connections":[],"featured_image_urls":{"full":"","thumbnail":"","medium":"","medium_large":"","large":"","1536x1536":"","2048x2048":"","penci-recipe-1200x1200":"","penci-recipe-1200x900":"","penci-recipe-1200x675":"","penci-single-full":"","penci-slider-full-thumb":"","penci-full-thumb":"","penci-slider-thumb":"","penci-magazine-slider":"","penci-thumb":"","penci-masonry-thumb":"","penci-thumb-square":"","penci-thumb-vertical":"","penci-thumb-small":""},"author_info":{"display_name":"Nandi","author_link":"https:\/\/nandi.info\/?author=1"},"category_info":"<a href=\"https:\/\/nandi.info\/?cat=71\" rel=\"category\">Le Pays<\/a> <a href=\"https:\/\/nandi.info\/?cat=21\" rel=\"category\">Soci\u00e9t\u00e9<\/a>","tag_info":"Soci\u00e9t\u00e9","comment_count":"0","jetpack_featured_media_url":"","jetpack_sharing_enabled":true,"_links":{"self":[{"href":"https:\/\/nandi.info\/index.php?rest_route=\/wp\/v2\/posts\/9971","targetHints":{"allow":["GET"]}}],"collection":[{"href":"https:\/\/nandi.info\/index.php?rest_route=\/wp\/v2\/posts"}],"about":[{"href":"https:\/\/nandi.info\/index.php?rest_route=\/wp\/v2\/types\/post"}],"author":[{"embeddable":true,"href":"https:\/\/nandi.info\/index.php?rest_route=\/wp\/v2\/users\/1"}],"replies":[{"embeddable":true,"href":"https:\/\/nandi.info\/index.php?rest_route=%2Fwp%2Fv2%2Fcomments&post=9971"}],"version-history":[{"count":0,"href":"https:\/\/nandi.info\/index.php?rest_route=\/wp\/v2\/posts\/9971\/revisions"}],"wp:featuredmedia":[{"embeddable":true,"href":"https:\/\/nandi.info\/index.php?rest_route=\/"}],"wp:attachment":[{"href":"https:\/\/nandi.info\/index.php?rest_route=%2Fwp%2Fv2%2Fmedia&parent=9971"}],"wp:term":[{"taxonomy":"category","embeddable":true,"href":"https:\/\/nandi.info\/index.php?rest_route=%2Fwp%2Fv2%2Fcategories&post=9971"},{"taxonomy":"post_tag","embeddable":true,"href":"https:\/\/nandi.info\/index.php?rest_route=%2Fwp%2Fv2%2Ftags&post=9971"}],"curies":[{"name":"wp","href":"https:\/\/api.w.org\/{rel}","templated":true}]}}