{"id":9949,"date":"2022-11-16T15:46:32","date_gmt":"2022-11-16T14:46:32","guid":{"rendered":"https:\/\/nandi.info\/?p=9949"},"modified":"2022-11-16T15:46:32","modified_gmt":"2022-11-16T14:46:32","slug":"vie-syndicale-dans-le-secteur-des-eaux-et-forets-quand-un-syndicat-affilie-a-la-cdtm-centrale-syndicale-creee-et-dirigee-par-lactuel-ministre-de-leducation-nationale-veut-declenc","status":"publish","type":"post","link":"https:\/\/nandi.info\/?p=9949","title":{"rendered":"Vie syndicale dans le secteur des Eaux et For\u00eats : Quand un syndicat affili\u00e9 \u00e0 la CDTM, centrale syndicale cr\u00e9\u00e9e et dirig\u00e9e par l\u2019actuel Ministre de l\u2019\u00c9ducation nationale, veut d\u00e9clencher une gr\u00e8ve au nom d\u2019une pr\u00e9tendue synergie de syndicats des eaux et for\u00eats"},"content":{"rendered":"\n<p><strong>Dans une lettre N\u00b02022\/003\/Synergie Syndicale en date du 09 novembre 2022, la pr\u00e9tendue synergie syndicale compos\u00e9e d\u2019une infime partie de la section syndicale des Eaux et For\u00eats du Syndicat National de la Production (SSEF\/SYNAPRO) et du Syndicat National des Forestiers du Mali (SYNAFOMA) alertait le Ministre du Travail, de la Fonction publique et du dialogue social de son intention d\u2019observer une gr\u00e8ve de 72 heures, \u00e0 compter du lundi 28 novembre 2022 si ses revendications ne sont pas satisfaites.<\/strong><\/p>\n\n\n\n<p class=\"has-drop-cap\">Pour en informer l\u2019opinion nationale, les responsables de cette synergie ont organis\u00e9, le 25 octobre 2022, un point de presse au si\u00e8ge de la Conf\u00e9d\u00e9ration D\u00e9mocratique des Travailleurs du Mali (CDTM). En r\u00e9action \u00e0 cette d\u00e9cision solitaire et va-t-en guerre, un syndicat digne et repr\u00e9sentatif des travailleurs des Eaux et For\u00eats, le Syndicat Autonome des Travailleurs des Eaux et For\u00eats (SYNATEF), a tenu \u00e0 se d\u00e9solidariser vis-\u00e0-vis de cette aventure, en publiant un communiqu\u00e9 invitant ses militants \u00e0 ne pas suivre le mot d\u2019ordre de gr\u00e8ve du SYNAFOMA. Qu\u2019en est-il r\u00e9ellement&nbsp;?<\/p>\n\n\n\n<p>Au cours de ce point de presse, la pr\u00e9tendue synergie des syndicats des Eaux et for\u00eats a \u00e9gren\u00e9 ses revendications se rapportant \u00e0 l\u2019adoption de textes l\u00e9gislatifs relatifs au statut particulier des fonctionnaires du cadre des Eaux et For\u00eats, \u00e0 l\u2019\u00e9rection de la&nbsp; Direction nationale des Eaux et For\u00eats en Direction g\u00e9n\u00e9rale des Eaux et For\u00eats, au plan de carri\u00e8re des fonctionnaires des Eaux et For\u00eats et au code d\u2019\u00e9thique et de d\u00e9ontologie du personnel des Eaux et for\u00eats. Ce point de presse \u00e9tait anim\u00e9 par l\u2019Adjudant-chef Alioune Badara Ke\u00efta du SYNAFOMA et le Sergent-chef Lassine Diallo de la section syndicale des Eaux et For\u00eats du SYNAPRO. Ce que l\u2019on peut constater, c\u2019est que l\u2019Adjudant Ke\u00efta est le Secr\u00e9taire g\u00e9n\u00e9ral du SYNAFOMA. Quant au Sergent Diallo, il n\u2019est ni Secr\u00e9taire G\u00e9n\u00e9ral, ni Secr\u00e9taire g\u00e9n\u00e9ral adjoint du SYNAPRO, il est le Secr\u00e9taire g\u00e9n\u00e9ral adjoint&nbsp; de la section SYNAPRO des Eaux et For\u00eats. Le Secr\u00e9taire G\u00e9n\u00e9ral du Bureau ex\u00e9cutif national du SYNAPRO, Karim Diarra dit Togora, \u00e9tant malade avait mandat\u00e9 son adjoint, Oumar Tour\u00e9 pour les repr\u00e9senter aux c\u00f4t\u00e9s du SYNAFOMA. Mais, ce dernier n\u2019a pas voulu se joindre aux aventuriers.<\/p>\n\n\n\n<p>Selon nos sources, il en a, m\u00eame, inform\u00e9 le Secr\u00e9taire g\u00e9n\u00e9ral du SYNATEF, l\u2019Adjudant-chef Sina Joseph Kon\u00e9 qu\u2019il ne s\u2019associera pas aux initiateurs de la pr\u00e9tendue synergie. Effectivement, il a tenu parole, selon plusieurs sources. Autrement dit, la Synergie syndicale n\u2019est constitu\u00e9e que du SYNAFOMA et de quelques membres du bureau national du SYNAPRO. L\u2019on est en droit de se poser la question de savoir quels liens entre le SYNAPRO, syndicat commun\u00e9ment connu comme celui du g\u00e9ant du coton, la CMDT (Compagnie malienne de d\u00e9veloppement de textiles) et les agents des Eaux et For\u00eats&nbsp;?<\/p>\n\n\n\n<p><strong>SYNAPRO et travailleurs des Eaux et For\u00eats&nbsp;: Quels liens&nbsp;?<\/strong><\/p>\n\n\n\n<p>Le service des Eaux et For\u00eats a \u00e9t\u00e9 cr\u00e9\u00e9 pendant la p\u00e9riode coloniale, vers les ann\u00e9es 1930. De sa cr\u00e9ation \u00e0 nos jours, le corps paramilitaire n\u2019avait pas une organisation syndicale propre \u00e0 lui. Il n\u2019y avait qu\u2019une section syndicale affili\u00e9e \u00e0 un syndicat national, le Syndicat national de la production (SYNAPRO), qui ne prenait pas en compte les pr\u00e9occupations des forestiers \u00e0 hauteur de souhait. Pour parer \u00e0 cette difficult\u00e9, les travailleurs des Eaux et For\u00eats ont d\u00e9cid\u00e9 de cr\u00e9er leurs propres syndicats. C\u2019est ainsi que sont n\u00e9s, il y a juste une ann\u00e9e deux syndicats, l\u2019un apr\u00e8s&nbsp; l\u2019autre. Le premier est le Syndicat National des Forestiers du Mali (SYNAFOMA) cr\u00e9\u00e9 \u00e0 l\u2019issue du congr\u00e8s d\u2019octobre 2021, tenu au Centre de Formation Pratique Forestier de Tabacoro. Le second qui est le Syndicat Autonome des Travailleurs des Eaux et For\u00eats (SYNATEF) a \u00e9t\u00e9 cr\u00e9e le 21 D\u00e9cembre 2021. C\u2019est un syndicat qui veut engager une lutte autrement dans la cadre de l\u2019am\u00e9lioration des conditions de vie et de travail des travailleurs des eaux et for\u00eats. Il a \u00e9t\u00e9 cr\u00e9e suite \u00e0 la politique d\u2019exclusion instaur\u00e9e par le SYNAFOMA. Il s\u2019est fix\u00e9 comme objectif de d\u00e9fendre les int\u00e9r\u00eats mat\u00e9riels et moraux des travailleurs du service des Eaux et For\u00eats et c\u2019est l\u2019unique raison de sa cr\u00e9ation. Il est affili\u00e9 \u00e0 la premi\u00e8re et puissante centrale syndicale, l\u2019UNTM (Union nationale des travailleurs du Mali), tandis que le SYNAFOMA est affili\u00e9 \u00e0 la Conf\u00e9d\u00e9ration d\u00e9mocratique des travailleurs du Mali (CDTM), une centrale cr\u00e9\u00e9e et dirig\u00e9e par Mme Sidib\u00e9 Ded\u00e9ou Ousmane, actuel Ministre de l\u2019\u00c9ducation nationale.<\/p>\n\n\n\n<p><strong>\u00c0 cause de ses actions salvatrices, les travailleurs des Eaux et For\u00eats se sont rapidement reconnus le SYNATEF comme leur sauveur<\/strong><\/p>\n\n\n\n<p>Le Syndicat Autonome des Travailleurs des Eaux et Forets (SYNATEF) \u00e0 sa t\u00eate l\u2019Adjudant-chef Sina Joseph Kon\u00e9, r\u00e9clame l\u2019am\u00e9lioration des conditions de vie professionnelle et sociale du personnel dudit service aupr\u00e8s des autorit\u00e9s comp\u00e9tentes. Pour que les forestiers puissent accomplir leur mission r\u00e9galienne de mani\u00e8re drastique, le SYNATEF avait mis un cahier de dol\u00e9ances sur la table de la Directrice g\u00e9n\u00e9rale des Eaux et for\u00eats. Le cahier, dans lequel le Syndicat a \u00e9num\u00e9r\u00e9 plusieurs points de revendication. Toujours dans le but de l\u2019am\u00e9lioration des conditions professionnelle et sociale des fonctionnaires forestiers, le SYNATEF avait rencontr\u00e9 le ministre de l\u2019environnement, de l\u2019assainissement et du d\u00e9veloppement durable, Modibo Kon\u00e9.&nbsp;<em>\u00abNous avons d\u00e9pos\u00e9 un cahier de dol\u00e9ances sur la table du ministre de l\u2019Environnement, de l\u2019Assainissement et du D\u00e9veloppement durable et de la Directrice g\u00e9n\u00e9rale du service des Eaux et Forets&nbsp;; jusqu\u2019\u00e0 preuve de contrairement, il n\u2019y a pas d\u2019action qui r\u00e9pond \u00e0 nos revendications\u00bb,<\/em>&nbsp;a confess\u00e9 \u00e0 \u00ab&nbsp;CROISSANCE AFRIQUE&nbsp;\u00bb, un m\u00e9dia en ligne, le Secr\u00e9taire g\u00e9n\u00e9ral du Syndicat Autonome des Travailleurs des Eaux et Forets, l\u2019Adjudant-chef Sina Joseph Kon\u00e9. C\u2019est un document adress\u00e9 \u00e0 la Directrice nationale des Eaux et For\u00eats \u00e0 la date du 05 mai 2022, contenant une quarantaine de points de revendication par le SYNATEF. Ainsi, les forestiers revendiquent&nbsp; : \u00ab&nbsp;<em>Un statut autonome du personnel du Cadre des Eaux et For\u00eats pour son adoption ; une mise \u00e0 la disposition provenant du ministre en charge de l\u2019Environnement pour mieux faire compara\u00eetre un forestier devant les unit\u00e9s d\u2019enqu\u00eate et les juridictions (nouveau statut) ; la d\u00e9tention du pr\u00e9sum\u00e9 (forestier en question) dans un endroit sp\u00e9cial, diff\u00e9rent de l\u2019\u00e9tablissement p\u00e9nitentiaire avant sa comparaison (nouveau statut) ; l\u2019octroi des primes et indemnit\u00e9s aux agents des Eaux et For\u00eats (nouveau statut) ; la dotation de tous les agents en arme (PM et PA) et munitions ; une mission de ratissage \u00e0 l\u2019int\u00e9rieur de la boucle du Baoul\u00e9 ; la prise des dispositions afin d\u2019arr\u00eater l\u2019exploitation foresti\u00e8re \u00e0 l\u2019int\u00e9rieur du Parc National de la boucle du Baoul\u00e9 ; la dotation des cantonnements et des postes en mat\u00e9riel et \u00e9quipement (roulants, mobilier, outils informatiques, textes r\u00e9glementaires), l\u2019instauration de la tenue de semaine des forestiers comme dans les autres corps paramilitaires ; la cr\u00e9ation d\u2019un cadre de partenariat avec les institutions de formation des autres pays pour permettre aux agents de se sp\u00e9cialiser ; la construction des infrastructures (bureau) au niveau de tous les postes forestiers ; la r\u00e9habilitation de tous les anciens cantonnements et la construction des nouveaux cantonnements dans les cercles nouveaux ; l\u2019\u00e9valuation des sous-exploitations ; le remplacement de la prime d\u2019alimentation des hommes de garde par abonnement aupr\u00e8s d\u2019une restauratrice ; la mise en place un m\u00e9canisme de suivi et de contr\u00f4le efficace des plans d\u2019am\u00e9nagement ; l\u2019exigence aux soci\u00e9t\u00e9s d\u2019exploitation foresti\u00e8re de proc\u00e9der \u00e0 la pr\u00e9sentation r\u00e9guli\u00e8re des programmes annuels d\u2019intervention technique ainsi que le bilan annuel des travaux r\u00e9alis\u00e9s ; la promotion des sessions de formation de recyclage au profit des travailleurs des Eaux et For\u00eats et le recrutement massif des \u00e9coles de formation des forestiers pour le renforcement de l\u2019effectif du service des Eaux et forets afin de nous permettre de bien mener nos missions<\/em>&nbsp;\u00bb.<\/p>\n\n\n\n<p>Ayant pris \u00e9cho de cette d\u00e9marche originale du SYNATEF, le SYNAFOMA se pr\u00e9cipite pour cr\u00e9er une pr\u00e9tendue synergie des syndicats et menace d\u2019aller en gr\u00e8ve dans le seul but de se donner une visibilit\u00e9 et de noyer les efforts entrepris par le SYNATEF. Sinon comment comprendre le brusque r\u00e9veil du SYNAFOMA, un syndicat tr\u00e8s peu connu par l\u2019opinion nationale&nbsp;?<\/p>\n\n\n\n<p><strong>Raymond Demb\u00e9l\u00e9<\/strong><\/p>\n","protected":false},"excerpt":{"rendered":"<p>Dans une lettre N\u00b02022\/003\/Synergie Syndicale en date du 09 novembre 2022, la pr\u00e9tendue synergie syndicale compos\u00e9e d\u2019une infime partie de la section syndicale des Eaux et For\u00eats du Syndicat National&hellip;<\/p>\n","protected":false},"author":1,"featured_media":8084,"comment_status":"open","ping_status":"closed","sticky":false,"template":"","format":"standard","meta":{"content-type":"","_lmt_disableupdate":"","_lmt_disable":"","_jetpack_memberships_contains_paid_content":false,"footnotes":"","jetpack_publicize_message":"","jetpack_publicize_feature_enabled":true,"jetpack_social_post_already_shared":true,"jetpack_social_options":{"image_generator_settings":{"template":"highway","default_image_id":0,"font":"","enabled":false},"version":2}},"categories":[81,21],"tags":[],"class_list":["post-9949","post","type-post","status-publish","format-standard","has-post-thumbnail","hentry","category-le-nouveau-reveil","category-societe"],"jetpack_publicize_connections":[],"featured_image_urls":{"full":"","thumbnail":"","medium":"","medium_large":"","large":"","1536x1536":"","2048x2048":"","penci-recipe-1200x1200":"","penci-recipe-1200x900":"","penci-recipe-1200x675":"","penci-single-full":"","penci-slider-full-thumb":"","penci-full-thumb":"","penci-slider-thumb":"","penci-magazine-slider":"","penci-thumb":"","penci-masonry-thumb":"","penci-thumb-square":"","penci-thumb-vertical":"","penci-thumb-small":""},"author_info":{"display_name":"Nandi","author_link":"https:\/\/nandi.info\/?author=1"},"category_info":"<a href=\"https:\/\/nandi.info\/?cat=81\" rel=\"category\">Le Nouveau R\u00e9veil<\/a> <a href=\"https:\/\/nandi.info\/?cat=21\" rel=\"category\">Soci\u00e9t\u00e9<\/a>","tag_info":"Soci\u00e9t\u00e9","comment_count":"0","jetpack_featured_media_url":"","jetpack_sharing_enabled":true,"_links":{"self":[{"href":"https:\/\/nandi.info\/index.php?rest_route=\/wp\/v2\/posts\/9949","targetHints":{"allow":["GET"]}}],"collection":[{"href":"https:\/\/nandi.info\/index.php?rest_route=\/wp\/v2\/posts"}],"about":[{"href":"https:\/\/nandi.info\/index.php?rest_route=\/wp\/v2\/types\/post"}],"author":[{"embeddable":true,"href":"https:\/\/nandi.info\/index.php?rest_route=\/wp\/v2\/users\/1"}],"replies":[{"embeddable":true,"href":"https:\/\/nandi.info\/index.php?rest_route=%2Fwp%2Fv2%2Fcomments&post=9949"}],"version-history":[{"count":0,"href":"https:\/\/nandi.info\/index.php?rest_route=\/wp\/v2\/posts\/9949\/revisions"}],"wp:featuredmedia":[{"embeddable":true,"href":"https:\/\/nandi.info\/index.php?rest_route=\/"}],"wp:attachment":[{"href":"https:\/\/nandi.info\/index.php?rest_route=%2Fwp%2Fv2%2Fmedia&parent=9949"}],"wp:term":[{"taxonomy":"category","embeddable":true,"href":"https:\/\/nandi.info\/index.php?rest_route=%2Fwp%2Fv2%2Fcategories&post=9949"},{"taxonomy":"post_tag","embeddable":true,"href":"https:\/\/nandi.info\/index.php?rest_route=%2Fwp%2Fv2%2Ftags&post=9949"}],"curies":[{"name":"wp","href":"https:\/\/api.w.org\/{rel}","templated":true}]}}