{"id":9937,"date":"2022-11-14T10:05:00","date_gmt":"2022-11-14T09:05:00","guid":{"rendered":"https:\/\/nandi.info\/?p=9937"},"modified":"2022-11-14T10:05:00","modified_gmt":"2022-11-14T09:05:00","slug":"promotion-de-lemploi-des-jeunes-au-mali-de-la-necessite-de-reinstaurer-la-taxe-de-la-formation-professionnelle-et-la-taxe-de-lemploi","status":"publish","type":"post","link":"https:\/\/nandi.info\/?p=9937","title":{"rendered":"Promotion de l\u2019emploi des jeunes au Mali : De la n\u00e9cessit\u00e9 de r\u00e9instaurer la taxe de la formation professionnelle et la taxe de l\u2019emploi"},"content":{"rendered":"\n<p><strong><em>Pour faire face \u00e0 l\u2019employabilit\u00e9 des jeunes maliens, L\u2019Etat en toute responsabilit\u00e9 a cr\u00e9\u00e9 le Fonds d\u2019appui \u00e0 la formation professionnelle (FAFPA) et l\u2019Agence de promotion de l\u2019emploi des jeunes (APEJ). Malheureusement, par une incoh\u00e9rence incroyable, l\u2019Etat est parvenu \u00e0 faire du FAFPA et de l\u2019APEJ des g\u00e9ants au pied d\u2019argile, pour ne pas dire structures pratiquement inutiles. Avec la suppression de la taxe de la formation professionnelle et de la taxe emploi, ces deux structures manquent cruellement de ressources pour faire face \u00e0 leurs missions.<\/em><\/strong><\/p>\n\n\n\n<p>\u00ab&nbsp;Le \u2018\u2019Mali Koura\u2019\u2019 nous interpelle tous. Pour ma part, je sollicite la diligence de Monsieur le Premier Ministre par Int\u00e9rim, Chef du Gouvernement, de r\u00e9instaurer le taxe de la formation professionnelle, au Fonds d\u2019Appui \u00e0 la Formation Professionnelle et \u00e0 l\u2019apprentissage (FAFPA), afin de lui permettre de relancer les activit\u00e9s de l\u2019Apprentissage de type dual pour les jeunes apprentis, vecteur important de la lutte contre l\u2019enr\u00f4lement et l\u2019extr\u00e9misme violent dans notre pays&nbsp;\u00bb. La d\u00e9claration a \u00e9t\u00e9 faite par Sambou Fan\u00e9, pour le compte de l\u2019Assembl\u00e9e Permanente des chambres de m\u00e9tiers du Mali (APCMM), le 10 novembre 2022, \u00e0 l\u2019occasion du lancement officiel de la rentr\u00e9e solennelle de la formation professionnelle.<\/p>\n\n\n\n<p>Il est clair aujourd\u2019hui que la suppression de ces deux taxes par le Pr\u00e9sident Feu Ibrahim Boubacar Keita, pour faire plaisir au Patronat malien pose aujourd\u2019hui probl\u00e8me.<\/p>\n\n\n\n<p>Le payement de ces deux taxes par les entreprises au Mali, permettait \u00e0 l\u2019Etat malien de mobiliser pour chacune des deux structures que sont l\u2019APEJ et le FAFPA la somme d\u2019environ 8 milliards de FCFA pour faire face \u00e0 leurs missions. Malheureusement, dans le souci d\u2019avoir l\u2019accompagnement du Patronat dans le soutien de sa candidature lors de l\u2019\u00e9lection pr\u00e9sidentielle, Feu Ibrahim Boubacar Keita n\u2019a pas h\u00e9sit\u00e9 \u00e0 supprimer ces deux taxes comme le souhaitait le patronat malien. Et, une fois les \u00e9lections remport\u00e9es, ironie du sort, il a d\u00e9cid\u00e9 de mettre son mandat au service de la jeunesse. Aujourd\u2019hui, avec le d\u00e9g\u00e2t provoqu\u00e9 par la suppression de ces deux taxes, l\u2019on est en droit de s\u2019interroger sur la sinc\u00e9rit\u00e9 de d\u00e9claration pareille.<\/p>\n\n\n\n<p>Et, si les autorit\u00e9s de la Transition veulent prendre \u00e0 bras le corps le probl\u00e8me du ch\u00f4mage massif des jeunes maliens, pour \u00e9viter \u00e0 certains d\u2019entre-deux de tomber dans les affres de la vie, comme les mouvements terroristes, il n\u2019y a pas de raison qu\u2019elles ne songent pas \u00e0 la r\u00e9insertion&nbsp; de ces deux taxes qui donnaient une souverainet\u00e9 de man\u0153uvres au FAFPA et \u00e0 l\u2019APEJ.<\/p>\n\n\n\n<p><strong>Assane Kon\u00e9<\/strong><\/p>\n","protected":false},"excerpt":{"rendered":"<p>Pour faire face \u00e0 l\u2019employabilit\u00e9 des jeunes maliens, L\u2019Etat en toute responsabilit\u00e9 a cr\u00e9\u00e9 le Fonds d\u2019appui \u00e0 la formation professionnelle (FAFPA) et l\u2019Agence de promotion de l\u2019emploi des jeunes&hellip;<\/p>\n","protected":false},"author":1,"featured_media":0,"comment_status":"open","ping_status":"closed","sticky":false,"template":"","format":"standard","meta":{"content-type":"","_lmt_disableupdate":"","_lmt_disable":"","_jetpack_memberships_contains_paid_content":false,"footnotes":"","jetpack_publicize_message":"","jetpack_publicize_feature_enabled":true,"jetpack_social_post_already_shared":true,"jetpack_social_options":{"image_generator_settings":{"template":"highway","default_image_id":0,"font":"","enabled":false},"version":2}},"categories":[61,39,21],"tags":[],"class_list":["post-9937","post","type-post","status-publish","format-standard","hentry","category-arc-en-ciel","category-formation-professionnelle","category-societe"],"jetpack_publicize_connections":[],"featured_image_urls":{"full":"","thumbnail":"","medium":"","medium_large":"","large":"","1536x1536":"","2048x2048":"","penci-recipe-1200x1200":"","penci-recipe-1200x900":"","penci-recipe-1200x675":"","penci-single-full":"","penci-slider-full-thumb":"","penci-full-thumb":"","penci-slider-thumb":"","penci-magazine-slider":"","penci-thumb":"","penci-masonry-thumb":"","penci-thumb-square":"","penci-thumb-vertical":"","penci-thumb-small":""},"author_info":{"display_name":"Nandi","author_link":"https:\/\/nandi.info\/?author=1"},"category_info":"<a href=\"https:\/\/nandi.info\/?cat=61\" rel=\"category\">Arc en Ciel<\/a> <a href=\"https:\/\/nandi.info\/?cat=39\" rel=\"category\">Formation Professionnelle<\/a> <a href=\"https:\/\/nandi.info\/?cat=21\" rel=\"category\">Soci\u00e9t\u00e9<\/a>","tag_info":"Soci\u00e9t\u00e9","comment_count":"0","jetpack_featured_media_url":"","jetpack_sharing_enabled":true,"_links":{"self":[{"href":"https:\/\/nandi.info\/index.php?rest_route=\/wp\/v2\/posts\/9937","targetHints":{"allow":["GET"]}}],"collection":[{"href":"https:\/\/nandi.info\/index.php?rest_route=\/wp\/v2\/posts"}],"about":[{"href":"https:\/\/nandi.info\/index.php?rest_route=\/wp\/v2\/types\/post"}],"author":[{"embeddable":true,"href":"https:\/\/nandi.info\/index.php?rest_route=\/wp\/v2\/users\/1"}],"replies":[{"embeddable":true,"href":"https:\/\/nandi.info\/index.php?rest_route=%2Fwp%2Fv2%2Fcomments&post=9937"}],"version-history":[{"count":0,"href":"https:\/\/nandi.info\/index.php?rest_route=\/wp\/v2\/posts\/9937\/revisions"}],"wp:attachment":[{"href":"https:\/\/nandi.info\/index.php?rest_route=%2Fwp%2Fv2%2Fmedia&parent=9937"}],"wp:term":[{"taxonomy":"category","embeddable":true,"href":"https:\/\/nandi.info\/index.php?rest_route=%2Fwp%2Fv2%2Fcategories&post=9937"},{"taxonomy":"post_tag","embeddable":true,"href":"https:\/\/nandi.info\/index.php?rest_route=%2Fwp%2Fv2%2Ftags&post=9937"}],"curies":[{"name":"wp","href":"https:\/\/api.w.org\/{rel}","templated":true}]}}