{"id":9926,"date":"2022-11-15T13:45:45","date_gmt":"2022-11-15T12:45:45","guid":{"rendered":"https:\/\/nandi.info\/?p=9926"},"modified":"2022-11-15T13:45:45","modified_gmt":"2022-11-15T12:45:45","slug":"elaboration-dune-nouvelle-constitution-au-mali-les-chefs-traditionnels-reclament-une-haute-autorite-traditionnelle","status":"publish","type":"post","link":"https:\/\/nandi.info\/?p=9926","title":{"rendered":"Elaboration d\u2019une nouvelle constitution au Mali : Les chefs traditionnels r\u00e9clament une \u00ab Haute Autorit\u00e9 Traditionnelle \u00bb"},"content":{"rendered":"\n<p><strong>Lors de la c\u00e9l\u00e9bration de la 1\u00e8re \u00e9dition de la Journ\u00e9e Nationale des L\u00e9gitimit\u00e9s traditionnelles, le 11 novembre 2022 \u00e0 Bamako, les chefs traditionnels du Mali ont fait une d\u00e9claration dans laquelle ils demandent la prise en charge du r\u00f4le et de la responsabilit\u00e9 des l\u00e9gitimit\u00e9s traditionnelles dans la nouvelle Constitution, et son \u00e9rection en Haute Autorit\u00e9 Traditionnelle (HAT). En outre, ils demandent qu\u2019il soit mieux pr\u00e9cis\u00e9 l\u2019ancrage institutionnel des l\u00e9gitimit\u00e9s traditionnelles dans la nouvelle constitution en cours d\u2019\u00e9laboration par les plus hautes autorit\u00e9s du Mali.<\/strong><\/p>\n\n\n\n<p>\u00abNous les chefs traditionnels des localit\u00e9s de Kidal, Gao, Tombouctou, M\u00e9naka, Taoud\u00e9ni, Mopti, S\u00e9gou, Bandiagara, San, Koutiala, Sikasso, Bougouni, Kolokani, Yorosso, Mahou, Kita, Kayes, Y\u00e9liman\u00e9, Nioro, Banamba, Nara, Djenn\u00e9, Douentza, Hombori, Arawane Goundam, Dir\u00e9, Niafounk\u00e9, Youwarou, Rharous, Anefis, Kangaba, Kati, Koulikoro, Troungoum\u00e9, Bafoulabe, Niono, r\u00e9unis \u00e0 Bamako Niar\u00e9la, le dimanche 30 octobre 2022, sur initiative du Patriarche des Niar\u00e9, avons tr\u00e8s largement \u00e9chang\u00e9 sur la situation nationale, la crise s\u00e9curitaire, la d\u00e9chirure du tissu social, les tensions sociales \u00e0 tous les niveaux, la c\u00e9l\u00e9bration de la journ\u00e9e nationale des l\u00e9gitimit\u00e9s traditionnelles et notamment du r\u00f4le et de la responsabilit\u00e9 des chefferies traditionnelles pour la paix et la coh\u00e9sion sociale. Nous exprimons notre profonde gratitude et notre remerciement au colonel Assimi Go\u00efta et \u00e0 toutes les autorit\u00e9s de la Transition pour l\u2019instauration d\u2019une journ\u00e9e nationale d\u00e9di\u00e9e aux l\u00e9gitimit\u00e9s traditionnelles \u00bb, r\u00e9v\u00e8le la d\u00e9claration des chefs traditionnels lue par l\u2019ancien ministre Oumar Hamadoun Dicko.<\/p>\n\n\n\n<p>Selon les chefs traditionnels, aucun peuple ne peut se d\u00e9velopper harmonieusement en m\u00e9prisant ses propres valeurs socio culturelles, sans la paix et l\u2019entente au sein de la soci\u00e9t\u00e9. \u00ab Nous entendons par l\u00e9gitimit\u00e9 traditionnelle, le fondateur ou chefs de village, (DOUGOU TIGUI), qui r\u00e9unit dans son vestibule ou sa tente son imam, son griot, son chef des chasseurs, ses d\u00e9positaires coutumiers. Cette l\u00e9gitimit\u00e9 est imm\u00e9moriale, incontestable, reconnue, accept\u00e9e et justifi\u00e9e. Nous demandons l\u2019abrogation du d\u00e9cret qui a annul\u00e9 les chefferies traditionnelles sous la premi\u00e8re R\u00e9publique. Nous demandons la prise en charge du r\u00f4le et de la responsabilit\u00e9 des l\u00e9gitimit\u00e9s traditionnelles dans la nouvelle Constitution, et son \u00e9rection en Haute Autorit\u00e9 Traditionnelle (HAT). Nous demandons enfin qu\u2019il soit mieux pr\u00e9cis\u00e9 l\u2019ancrage institutionnel des l\u00e9gitimit\u00e9s traditionnelles. Nous mesurons l\u2019ampleur des d\u00e9fis, des contraintes, et des \u00e9normes difficult\u00e9s li\u00e9es \u00e0 la crise multidimensionnelle que vit notre pays depuis des ann\u00e9es. Nous prenons l\u2019engagement de travailler inlassablement \u00e0 la promotion d\u2019un d\u00e9veloppement local inclusif, endog\u00e8ne, durable et efficace, dans un esprit de paix, de coh\u00e9sion sociale, et de compl\u00e9mentarit\u00e9 \u00bb, pr\u00e9cise la d\u00e9claration des chefs traditionnels du Mali. Ils ont r\u00e9affirm\u00e9 leur adh\u00e9sion pleine et enti\u00e8re \u00e0 la forme r\u00e9publicaine de l\u2019\u00e9tat, \u00e0 l\u2019int\u00e9grit\u00e9 du territoire, \u00e0 la la\u00efcit\u00e9 de l\u2019Etat, au respect des institutions de la r\u00e9publique et des lois de la r\u00e9publique.<\/p>\n\n\n\n<p>Enfin, les chefs traditionnels du Mali lancent un appel solennel \u00e0 toutes les forces vives pour travailler de concert dans la recherche de la paix, de la coh\u00e9sion sociale, de la conscience citoyenne, du vouloir vivre ensemble, qui ont caract\u00e9ris\u00e9 l\u2019espace politique, culturel et sociologique du Mali et qui doivent servir aujourd\u2019hui de ciment pour la refondation de l\u2019Etat.<\/p>\n\n\n\n<p><strong>Aguibou Sogodogo<\/strong><\/p>\n\n\n\n<p><strong>R\u00e9publicain Mali<\/strong><\/p>\n","protected":false},"excerpt":{"rendered":"<p>Lors de la c\u00e9l\u00e9bration de la 1\u00e8re \u00e9dition de la Journ\u00e9e Nationale des L\u00e9gitimit\u00e9s traditionnelles, le 11 novembre 2022 \u00e0 Bamako, les chefs traditionnels du Mali ont fait une d\u00e9claration&hellip;<\/p>\n","protected":false},"author":1,"featured_media":9927,"comment_status":"open","ping_status":"closed","sticky":false,"template":"","format":"standard","meta":{"content-type":"","_lmt_disableupdate":"","_lmt_disable":"","_jetpack_memberships_contains_paid_content":false,"footnotes":"","jetpack_publicize_message":"","jetpack_publicize_feature_enabled":true,"jetpack_social_post_already_shared":true,"jetpack_social_options":{"image_generator_settings":{"template":"highway","default_image_id":0,"font":"","enabled":false},"version":2}},"categories":[83,69],"tags":[],"class_list":["post-9926","post","type-post","status-publish","format-standard","has-post-thumbnail","hentry","category-echos-de-nos-regions","category-le-republicain-mali"],"jetpack_publicize_connections":[],"featured_image_urls":{"full":"","thumbnail":"","medium":"","medium_large":"","large":"","1536x1536":"","2048x2048":"","penci-recipe-1200x1200":"","penci-recipe-1200x900":"","penci-recipe-1200x675":"","penci-single-full":"","penci-slider-full-thumb":"","penci-full-thumb":"","penci-slider-thumb":"","penci-magazine-slider":"","penci-thumb":"","penci-masonry-thumb":"","penci-thumb-square":"","penci-thumb-vertical":"","penci-thumb-small":""},"author_info":{"display_name":"Nandi","author_link":"https:\/\/nandi.info\/?author=1"},"category_info":"<a href=\"https:\/\/nandi.info\/?cat=83\" rel=\"category\">Echos de nos r\u00e9gions<\/a> <a href=\"https:\/\/nandi.info\/?cat=69\" rel=\"category\">Le R\u00e9publicain Mali<\/a>","tag_info":"Le R\u00e9publicain Mali","comment_count":"0","jetpack_featured_media_url":"","jetpack_sharing_enabled":true,"_links":{"self":[{"href":"https:\/\/nandi.info\/index.php?rest_route=\/wp\/v2\/posts\/9926","targetHints":{"allow":["GET"]}}],"collection":[{"href":"https:\/\/nandi.info\/index.php?rest_route=\/wp\/v2\/posts"}],"about":[{"href":"https:\/\/nandi.info\/index.php?rest_route=\/wp\/v2\/types\/post"}],"author":[{"embeddable":true,"href":"https:\/\/nandi.info\/index.php?rest_route=\/wp\/v2\/users\/1"}],"replies":[{"embeddable":true,"href":"https:\/\/nandi.info\/index.php?rest_route=%2Fwp%2Fv2%2Fcomments&post=9926"}],"version-history":[{"count":0,"href":"https:\/\/nandi.info\/index.php?rest_route=\/wp\/v2\/posts\/9926\/revisions"}],"wp:featuredmedia":[{"embeddable":true,"href":"https:\/\/nandi.info\/index.php?rest_route=\/"}],"wp:attachment":[{"href":"https:\/\/nandi.info\/index.php?rest_route=%2Fwp%2Fv2%2Fmedia&parent=9926"}],"wp:term":[{"taxonomy":"category","embeddable":true,"href":"https:\/\/nandi.info\/index.php?rest_route=%2Fwp%2Fv2%2Fcategories&post=9926"},{"taxonomy":"post_tag","embeddable":true,"href":"https:\/\/nandi.info\/index.php?rest_route=%2Fwp%2Fv2%2Ftags&post=9926"}],"curies":[{"name":"wp","href":"https:\/\/api.w.org\/{rel}","templated":true}]}}