{"id":9913,"date":"2022-11-15T11:59:03","date_gmt":"2022-11-15T10:59:03","guid":{"rendered":"https:\/\/nandi.info\/?p=9913"},"modified":"2022-11-15T11:59:03","modified_gmt":"2022-11-15T10:59:03","slug":"lutte-contre-le-terrorisme-les-lignes-bamako-ouaga-se-renforcent","status":"publish","type":"post","link":"https:\/\/nandi.info\/?p=9913","title":{"rendered":"Lutte contre le terrorisme : Les lignes Bamako-Ouaga se renforcent"},"content":{"rendered":"\n<p><strong>Dans le cadre de la coop\u00e9ration militaire bilat\u00e9rale entre le Mali et le Burkina Faso dans la lutte contre le terrorisme, le ministre malien de la D\u00e9fense et des Anciens Combattants, le colonel Sadio Camara s\u2019est rendu au pays des hommes int\u00e8gres. Au cours de la rencontre, les deux d\u00e9l\u00e9gations ont \u00e9chang\u00e9 sur les d\u00e9fis s\u00e9curitaires et les actions \u00e0 entreprendre, surtout au niveau des fronti\u00e8res.<\/strong><\/p>\n\n\n\n<p class=\"has-drop-cap\">La coop\u00e9ration militaire entre le Mali et le Burkina Faso n\u2019est plus un vain mot. Les autorit\u00e9s des deux pays passent \u00e0 la vitesse sup\u00e9rieure. Elles multiplient les actions en vue de conjuguer les efforts contre les forces du mal.<\/p>\n\n\n\n<p>En effet, apr\u00e8s l\u2019annonce par le Premier ministre burkinab\u00e9 du renforcement de la coop\u00e9ration entre le Mali et son pays suivie de la visite du pr\u00e9sident de la transition du Faso, le capitaine Ibrahim Traor\u00e9 \u00e0 Bamako, le ministre de la D\u00e9fense et des Anciens combattants du Mali, le colonel Sadio Camara, a \u00e9t\u00e9 accueilli, \u00e0 son tour, \u00e0 Ouagadougou. C\u2019\u00e9tait le vendredi dernier. Objectif&nbsp;: le renforcement de la coop\u00e9ration entre les deux pays dans le cadre de la lutte contre le terrorisme. Ladite visite, selon la partie malienne, a permis aux deux parties de s\u2019impr\u00e9gner de la situation s\u00e9curitaire dans les deux pays, en particulier le long de la fronti\u00e8re commune et de passer en revue des sujets d\u2019int\u00e9r\u00eat commun. Les deux pays, \u00e0 travers cette coop\u00e9ration, comptent r\u00e9soudre les d\u00e9fis communs.<\/p>\n\n\n\n<p>Dans ses propos, le ministre malien de la D\u00e9fense et des Anciens Combattants a indiqu\u00e9 que la coop\u00e9ration Mali-Burkina doit avoir pour objectif la victoire pour la s\u00e9curit\u00e9, la stabilit\u00e9, la prosp\u00e9rit\u00e9 et le d\u00e9veloppement de nos deux \u00e9tats avec leurs peuples respectifs. Il a ainsi insist\u00e9 sur la mutualisation des ressources et des efforts pour d\u00e9fendre ensemble les int\u00e9r\u00eats communs de nos peuples et ceux de toute l\u2019Afrique.&nbsp;<em>\u00ab&nbsp;<\/em><em>Cette visite qui est \u00e0 la fois un honneur et un plaisir a pour but de transmettre un message de fraternit\u00e9 du pr\u00e9sident de la transition du Mali \u00e0 son fr\u00e8re et cadet, le capitaine Ibrahim Traor\u00e9. Nos \u00c9tats, au-del\u00e0, nos peuples sont non seulement unis par la g\u00e9ographie et l\u2019histoire mais se battent aujourd\u2019hui au quotidien contre un ennemi commun&nbsp;: le terrorisme. Nous avons r\u00e9ussi les instructions de nos chefs d\u2019\u00c9tat de se mettre ensemble, de mutualiser les efforts mais aussi les moyens pour pouvoir faire face \u00e0 cet ennemi commun pour les bien-\u00eatre de nos populations&nbsp;\u00bb,<\/em>&nbsp;avait d\u00e9clar\u00e9 le colonel Sadio Camara.<\/p>\n\n\n\n<p><strong>L\u2019importance de cette coop\u00e9ration militaire<\/strong><\/p>\n\n\n\n<p>Comme l\u2019a d\u00e9clar\u00e9 le colonel Sadio Camara, au-del\u00e0 de l\u2019histoire de la G\u00e9ographie, le Mali et le Burkina Faso sont victime d\u2019un m\u00eame mal&nbsp;: le terrorisme. Et il est difficile pour chacun des pays de gagner cette guerre sans une France coop\u00e9ration avec l\u2019autre. C\u2019est ce qui explique d\u2019ailleurs la n\u00e9cessit\u00e9 de cette coop\u00e9ration.&nbsp;<em>\u00ab&nbsp;Nous entendons am\u00e9liorer nos rapports avec les pays qui nous environnent. Notre attitude est de renforcer notre coop\u00e9ration, d\u2019abord s\u00e9curitaire avec tous les pays qui nous environnent, notamment avec le Mali. Nous partageons 1200 \u00e0 1300 kilom\u00e8tres de fronti\u00e8re avec ce pays. C\u2019est donc notre premier partenaire en mati\u00e8re de s\u00e9curit\u00e9. De m\u00eame avec le Niger, le Benin, le Togo&nbsp;\u00bb,&nbsp;<\/em>a laiss\u00e9 entendre le Premier ministre burkinab\u00e9, Me Appolinaire dans une interview accord\u00e9e \u00e0 la t\u00e9l\u00e9vision nationale burkinab\u00e8.<\/p>\n\n\n\n<p>Pour sa part, le pr\u00e9sident Ibrahim Traor\u00e9 a expliqu\u00e9 les raisons de son choix port\u00e9 sur le Mali pour sa premi\u00e8re visite&nbsp;: \u00ab&nbsp;<em>C\u2019est un pays fr\u00e8re et nous partageons une tr\u00e8s large fronti\u00e8re&nbsp;: 1200 kilom\u00e8tres. On a beaucoup d\u2019\u00e9changes de populations. C\u2019est le m\u00eames peuples&nbsp;\u00bb<\/em><\/p>\n\n\n\n<p>Il faut rappeler qu\u2019au terme des travaux, la d\u00e9l\u00e9gation malienne conduite par le colonel Sadio Camara et la partie burkinab\u00e8 sont convenues de maintenir un contact permanent pour un meilleur suivi des conclusions de la rencontre.<\/p>\n\n\n\n<p><strong>Boureima Guindo<\/strong><\/p>\n\n\n\n<p><strong>Le Pays<\/strong><\/p>\n","protected":false},"excerpt":{"rendered":"<p>Dans le cadre de la coop\u00e9ration militaire bilat\u00e9rale entre le Mali et le Burkina Faso dans la lutte contre le terrorisme, le ministre malien de la D\u00e9fense et des Anciens&hellip;<\/p>\n","protected":false},"author":1,"featured_media":9914,"comment_status":"open","ping_status":"closed","sticky":false,"template":"","format":"standard","meta":{"content-type":"","_lmt_disableupdate":"","_lmt_disable":"","_jetpack_memberships_contains_paid_content":false,"footnotes":"","jetpack_publicize_message":"","jetpack_publicize_feature_enabled":true,"jetpack_social_post_already_shared":true,"jetpack_social_options":{"image_generator_settings":{"template":"highway","default_image_id":0,"font":"","enabled":false},"version":2}},"categories":[49,57],"tags":[],"class_list":["post-9913","post","type-post","status-publish","format-standard","has-post-thumbnail","hentry","category-insecurite","category-international"],"jetpack_publicize_connections":[],"featured_image_urls":{"full":"","thumbnail":"","medium":"","medium_large":"","large":"","1536x1536":"","2048x2048":"","penci-recipe-1200x1200":"","penci-recipe-1200x900":"","penci-recipe-1200x675":"","penci-single-full":"","penci-slider-full-thumb":"","penci-full-thumb":"","penci-slider-thumb":"","penci-magazine-slider":"","penci-thumb":"","penci-masonry-thumb":"","penci-thumb-square":"","penci-thumb-vertical":"","penci-thumb-small":""},"author_info":{"display_name":"Nandi","author_link":"https:\/\/nandi.info\/?author=1"},"category_info":"<a href=\"https:\/\/nandi.info\/?cat=49\" rel=\"category\">Ins\u00e9curit\u00e9<\/a> <a href=\"https:\/\/nandi.info\/?cat=57\" rel=\"category\">International<\/a>","tag_info":"International","comment_count":"0","jetpack_featured_media_url":"","jetpack_sharing_enabled":true,"_links":{"self":[{"href":"https:\/\/nandi.info\/index.php?rest_route=\/wp\/v2\/posts\/9913","targetHints":{"allow":["GET"]}}],"collection":[{"href":"https:\/\/nandi.info\/index.php?rest_route=\/wp\/v2\/posts"}],"about":[{"href":"https:\/\/nandi.info\/index.php?rest_route=\/wp\/v2\/types\/post"}],"author":[{"embeddable":true,"href":"https:\/\/nandi.info\/index.php?rest_route=\/wp\/v2\/users\/1"}],"replies":[{"embeddable":true,"href":"https:\/\/nandi.info\/index.php?rest_route=%2Fwp%2Fv2%2Fcomments&post=9913"}],"version-history":[{"count":0,"href":"https:\/\/nandi.info\/index.php?rest_route=\/wp\/v2\/posts\/9913\/revisions"}],"wp:featuredmedia":[{"embeddable":true,"href":"https:\/\/nandi.info\/index.php?rest_route=\/"}],"wp:attachment":[{"href":"https:\/\/nandi.info\/index.php?rest_route=%2Fwp%2Fv2%2Fmedia&parent=9913"}],"wp:term":[{"taxonomy":"category","embeddable":true,"href":"https:\/\/nandi.info\/index.php?rest_route=%2Fwp%2Fv2%2Fcategories&post=9913"},{"taxonomy":"post_tag","embeddable":true,"href":"https:\/\/nandi.info\/index.php?rest_route=%2Fwp%2Fv2%2Ftags&post=9913"}],"curies":[{"name":"wp","href":"https:\/\/api.w.org\/{rel}","templated":true}]}}