{"id":9909,"date":"2022-11-15T11:43:43","date_gmt":"2022-11-15T10:43:43","guid":{"rendered":"https:\/\/nandi.info\/?p=9909"},"modified":"2022-11-15T11:43:43","modified_gmt":"2022-11-15T10:43:43","slug":"conference-des-femmes-leaders-de-lafrique-chato-plaide-pour-la-levee-definitive-des-sanctions-sur-les-regimes-de-transition","status":"publish","type":"post","link":"https:\/\/nandi.info\/?p=9909","title":{"rendered":"Conf\u00e9rence des femmes leaders de l\u2019Afrique : Chato plaide pour la lev\u00e9e d\u00e9finitive des sanctions sur les r\u00e9gimes de transition"},"content":{"rendered":"\n<p><strong>S\u2019est tenue, du 9 au 19 novembre 2022, \u00e0 Dakar au S\u00e9n\u00e9gal, la conf\u00e9rence des femmes leaders de l\u2019Afrique. Plac\u00e9e sous le signe de la masculinit\u00e9 positive pour mettre fin aux violences faites aux femmes, la parlementaire malienne, Aissata Ciss\u00e9 Chato n\u2019a pas manqu\u00e9 l\u2019occasion pour demander la lev\u00e9e int\u00e9grale des sanctions sur les r\u00e9gimes de transition au Mali, au Burkina Faso, au Niger et au Soudan.<\/strong><\/p>\n\n\n\n<p><em>\u00ab&nbsp;Je suis indign\u00e9e et choqu\u00e9e par l\u2019acharnement contre mon pays malgr\u00e9 les efforts consentis pour avoir un consensus avec l\u2019institution sous r\u00e9gionale<\/em>&nbsp;\u00bb a regrett\u00e9 la parlementaire d\u2019origine malienne Aissata Ciss\u00e9 dite Chato lors de son allocution \u00e0 la Conf\u00e9rence des femmes leaders de l\u2019Afrique \u00e0 Dakar. En plus du Mali, Chato a aussi plaid\u00e9 pour le Burkina Faso, le Niger et le Soudan, des pays vivant \u00e9galement r\u00e9gime transitoire.<\/p>\n\n\n\n<p>\u00ab&nbsp;Dans les heures ou jours \u00e0 venir je mettrai en ligne une p\u00e9tition pour d\u00e9noncer l\u2019injustice et l\u2019acharnement contre les quatre pays concern\u00e9s en g\u00e9n\u00e9ral et le mali en particulier&nbsp;\u00bb a-t-elle indiqu\u00e9.<\/p>\n\n\n\n<p>A l\u2019instar de beaucoup d\u2019observateurs, Chato a regrett\u00e9 que l\u2019union Africaine devienne de plus en plus une institution \u00e0 double vitesse manquant de coh\u00e9rence dans ses d\u00e9cisions par rapport aux crises institutionnelles qu\u2019ont connues r\u00e9cemment certains de ses \u00e9tats membres.<\/p>\n\n\n\n<p>Elle estime, en effet, qu\u2019un coup d\u2019\u00e9tat n\u2019est jamais souhaitable dans une d\u00e9mocratie \u00ab&nbsp;m\u00eame relative&nbsp;\u00bb, mais une fois que c\u2019est fait, il faut accompagner les transitions, seule condition, selon elle, pour aller sereinement \u00e0 des \u00e9lections \u00e0 la date convenue avec la CEDEAO.<\/p>\n\n\n\n<p>Au-del\u00e0 du plaidoyer, Chato a invit\u00e9 les dirigeants et les populations \u00e0 jouer pleinement leurs responsabilit\u00e9s afin de sortir de cette situation. \u00ab&nbsp;Je demande fortement au Mali de contacter les pays concern\u00e9s pour demander la lev\u00e9e imm\u00e9diate des sanctions politiques et individuelles qui leur sont impos\u00e9es. Les dirigeants des pays cit\u00e9s doivent faire front commun pour ce faire les sanctions&nbsp;\u00bb a-t-elle soulign\u00e9.<\/p>\n\n\n\n<p>Concernant particuli\u00e8rement le Mali, elle estime que le pays ne peut et ne doit pas continuer \u00e0 \u00eatre suspendu des instances de la CEDEAO et de l\u2019union africaine, l\u2019emp\u00eachant du co\u00fbt d\u2019\u00eatre autour de la table des d\u00e9cisions.<\/p>\n\n\n\n<p>En outre, elle a tenu \u00e0 remercier tr\u00e8s chaleureusement le pr\u00e9sident Macky Sall pour avoir soutenu le Mali pour la lev\u00e9e des sanctions \u00e0 travers la plateforme des femmes du mali.<\/p>\n\n\n\n<p>Plac\u00e9e sous le signe de la masculinit\u00e9 positive pour mettre fin aux violences faites aux femmes, l\u2019importance du sujet a r\u00e9uni autour de l\u2019ordre du jour en plus du pr\u00e9sident Macky Sall, pr\u00e9sident de l\u2019UA, Moussa Faki Mahamat, l\u2019ancienne pr\u00e9sidente du Liberia Ellen Johnson, celle de la Centrafrique Catherine samba Panza , l\u2019envoy\u00e9 sp\u00e9cial du Pr Faki sur les questions du genre, de la paix et de la s\u00e9curit\u00e9, Bineta Diop. Y ont \u00e9galement particip\u00e9 en ligne \u00e0 cette conf\u00e9rence, la pr\u00e9sidente de l\u2019Ethiopie, le pr\u00e9sident de l\u2019Afrique du Sud et la secr\u00e9taire g\u00e9n\u00e9ral des nations unies.<\/p>\n\n\n\n<p><strong>Issa Djiguiba<\/strong><\/p>\n\n\n\n<p><strong>Le Pays<\/strong><\/p>\n","protected":false},"excerpt":{"rendered":"<p>S\u2019est tenue, du 9 au 19 novembre 2022, \u00e0 Dakar au S\u00e9n\u00e9gal, la conf\u00e9rence des femmes leaders de l\u2019Afrique. Plac\u00e9e sous le signe de la masculinit\u00e9 positive pour mettre fin&hellip;<\/p>\n","protected":false},"author":1,"featured_media":9910,"comment_status":"open","ping_status":"closed","sticky":false,"template":"","format":"standard","meta":{"content-type":"","_lmt_disableupdate":"","_lmt_disable":"","_jetpack_memberships_contains_paid_content":false,"footnotes":"","jetpack_publicize_message":"","jetpack_publicize_feature_enabled":true,"jetpack_social_post_already_shared":true,"jetpack_social_options":{"image_generator_settings":{"template":"highway","default_image_id":0,"font":"","enabled":false},"version":2}},"categories":[27,71],"tags":[],"class_list":["post-9909","post","type-post","status-publish","format-standard","has-post-thumbnail","hentry","category-femmes","category-le-pays"],"jetpack_publicize_connections":[],"featured_image_urls":{"full":"","thumbnail":"","medium":"","medium_large":"","large":"","1536x1536":"","2048x2048":"","penci-recipe-1200x1200":"","penci-recipe-1200x900":"","penci-recipe-1200x675":"","penci-single-full":"","penci-slider-full-thumb":"","penci-full-thumb":"","penci-slider-thumb":"","penci-magazine-slider":"","penci-thumb":"","penci-masonry-thumb":"","penci-thumb-square":"","penci-thumb-vertical":"","penci-thumb-small":""},"author_info":{"display_name":"Nandi","author_link":"https:\/\/nandi.info\/?author=1"},"category_info":"<a href=\"https:\/\/nandi.info\/?cat=27\" rel=\"category\">Femmes<\/a> <a href=\"https:\/\/nandi.info\/?cat=71\" rel=\"category\">Le Pays<\/a>","tag_info":"Le Pays","comment_count":"0","jetpack_featured_media_url":"","jetpack_sharing_enabled":true,"_links":{"self":[{"href":"https:\/\/nandi.info\/index.php?rest_route=\/wp\/v2\/posts\/9909","targetHints":{"allow":["GET"]}}],"collection":[{"href":"https:\/\/nandi.info\/index.php?rest_route=\/wp\/v2\/posts"}],"about":[{"href":"https:\/\/nandi.info\/index.php?rest_route=\/wp\/v2\/types\/post"}],"author":[{"embeddable":true,"href":"https:\/\/nandi.info\/index.php?rest_route=\/wp\/v2\/users\/1"}],"replies":[{"embeddable":true,"href":"https:\/\/nandi.info\/index.php?rest_route=%2Fwp%2Fv2%2Fcomments&post=9909"}],"version-history":[{"count":0,"href":"https:\/\/nandi.info\/index.php?rest_route=\/wp\/v2\/posts\/9909\/revisions"}],"wp:featuredmedia":[{"embeddable":true,"href":"https:\/\/nandi.info\/index.php?rest_route=\/"}],"wp:attachment":[{"href":"https:\/\/nandi.info\/index.php?rest_route=%2Fwp%2Fv2%2Fmedia&parent=9909"}],"wp:term":[{"taxonomy":"category","embeddable":true,"href":"https:\/\/nandi.info\/index.php?rest_route=%2Fwp%2Fv2%2Fcategories&post=9909"},{"taxonomy":"post_tag","embeddable":true,"href":"https:\/\/nandi.info\/index.php?rest_route=%2Fwp%2Fv2%2Ftags&post=9909"}],"curies":[{"name":"wp","href":"https:\/\/api.w.org\/{rel}","templated":true}]}}