{"id":9900,"date":"2022-11-12T09:31:00","date_gmt":"2022-11-12T08:31:00","guid":{"rendered":"https:\/\/nandi.info\/?p=9900"},"modified":"2022-11-12T09:31:00","modified_gmt":"2022-11-12T08:31:00","slug":"gestion-du-projet-de-reconstruction-et-de-relance-economique-prre-des-irregularites-financieres-de-plus-de-749-millions-de-fcfa-decelees-par-le-bvg","status":"publish","type":"post","link":"https:\/\/nandi.info\/?p=9900","title":{"rendered":"Gestion du projet de reconstruction et de relance \u00e9conomique (PRRE) : Des irr\u00e9gularit\u00e9s financi\u00e8res de plus de 749 millions de FCFA d\u00e9cel\u00e9es par le BVG"},"content":{"rendered":"\n<p><strong><em>La pr\u00e9sente v\u00e9rification a pour objet la gestion du Projet de Reconstruction et de Relance Economique, au titre des exercices 2018, 2019 et 2020. Elle a pour objectif de s\u2019assurer de la r\u00e9gularit\u00e9 et de la sinc\u00e9rit\u00e9 des op\u00e9rations de d\u00e9penses effectu\u00e9es. Les travaux de v\u00e9rification ont port\u00e9 sur les proc\u00e9dures de passation et d\u2019ex\u00e9cution des d\u00e9penses effectu\u00e9es dans le cadre de la mise en \u0153uvre du projet.<\/em><\/strong><\/p>\n\n\n\n<p><strong>Irr\u00e9gularit\u00e9s administratives :<\/strong><\/p>\n\n\n\n<p class=\"has-drop-cap\">Pour rem\u00e9dier aux irr\u00e9gularit\u00e9s constat\u00e9es par l\u2019\u00e9quipe de v\u00e9rification, le V\u00e9rificateur G\u00e9n\u00e9ral, Samba Alhamdou BABY, a recommand\u00e9 au Ministre charg\u00e9 des Finances de fixer par arr\u00eat\u00e9 la liste nominative des membres du Comit\u00e9 d\u2019Orientation et de Pilotage du PRRE. Au Coordinateur du PRRE, d\u2019accepter des proc\u00e8s-verbaux de r\u00e9ception conformes, de modifier les conditions initiales des march\u00e9s conform\u00e9ment aux dispositions r\u00e8glementaires en vigueur, de justifier les sorties de mati\u00e8res et fournitures conform\u00e9ment aux dispositions r\u00e8glementaires en vigueur, de veiller \u00e0 l\u2019enregistrement chronologique des op\u00e9rations comptables du Projet, de requ\u00e9rir l\u2019autorisation du Ministre charg\u00e9 des Finances pour l\u2019ouverture de comptes bancaires et de proc\u00e9der au recrutement d\u2019un Auditeur Interne pour le compte du PRRE.<\/p>\n\n\n\n<p>Au Directeur g\u00e9n\u00e9ral de l\u2019Agence d\u2019Ex\u00e9cution des Travaux d\u2019Int\u00e9r\u00eat Public pour l\u2019Emploi (AGETIPE), il a \u00e9t\u00e9 recommand\u00e9 de proc\u00e9der au recrutement d\u2019un Auditeur Interne pour le compte du PRRE, de respecter le d\u00e9lai d\u2019attente requis dans l\u2019ex\u00e9cution des march\u00e9s, de proc\u00e9der \u00e0 une bonne conservation des archives, d\u2019informer les soumissionnaires non retenus des r\u00e9sultats de l\u2019analyse des offres et d\u2019exiger des titulaires de march\u00e9s, la souscription aux polices d\u2019assurance conform\u00e9ment aux clauses contractuelles.<\/p>\n\n\n\n<p>Au Directeur g\u00e9n\u00e9ral de l\u2019Agence d\u2019Ex\u00e9cution des Travaux d\u2019Infrastructures et d\u2019Equipements Ruraux (AGETIER), de proc\u00e9der au recrutement d\u2019un Auditeur Interne pour le compte du PRRE. A lui et au Directeur Pays de CARE International au Mali, il a \u00e9t\u00e9 demand\u00e9 de respecter le d\u00e9lai d\u2019attente requis dans l\u2019ex\u00e9cution des march\u00e9s.<\/p>\n\n\n\n<p><strong>Irr\u00e9gularit\u00e9s financi\u00e8res :<\/strong><\/p>\n\n\n\n<p>Le montant total des irr\u00e9gularit\u00e9s financi\u00e8res s\u2019\u00e9l\u00e8ve \u00e0 749 612 155 FCFA.<\/p>\n\n\n\n<p>Le V\u00e9rificateur G\u00e9n\u00e9ral a saisi le Pr\u00e9sident de la Section des Comptes de la Cour Supr\u00eame et le Procureur de la R\u00e9publique pr\u00e8s le Tribunal de Grande Instance de la Commune III du District de Bamako, charg\u00e9 du P\u00f4le Economique et Financier relativement au paiement irr\u00e9gulier des travaux de l\u2019ouvrage du pont de Kaneye pour un montant de 24 597 500 FCFA ; au paiement irr\u00e9gulier du contr\u00f4le et de la surveillance du pont de Kaneye pour un montant de 23 437 000 FCFA et \u00e0 la non-application de p\u00e9nalit\u00e9s de retard pour un montant de 557 761 686 FCFA. Le Directeur G\u00e9n\u00e9ral des Imp\u00f4ts a \u00e9t\u00e9 saisi relativement au non-paiement des droits d\u2019enregistrement par les titulaires de contrats d\u2019un montant de 3 623 842 FCFA ; au non-paiement des redevances de r\u00e9gulation par les titulaires de contrats d\u2019un montant de 11 105 585 FCFA ; au non-paiement des droits d\u2019enregistrement par les titulaires de contrats, relativement aux faux enregistrements d\u2019un montant de 110 645 608 FCFA et au non-paiement des redevances de r\u00e9gulation par les titulaires de contrat, relativement aux faux enregistrements d\u2019un montant de 18 440 934 FCFA.<\/p>\n\n\n\n<p><strong>Aujourd&rsquo;hui Mali<\/strong><\/p>\n","protected":false},"excerpt":{"rendered":"<p>La pr\u00e9sente v\u00e9rification a pour objet la gestion du Projet de Reconstruction et de Relance Economique, au titre des exercices 2018, 2019 et 2020. Elle a pour objectif de s\u2019assurer&hellip;<\/p>\n","protected":false},"author":1,"featured_media":7633,"comment_status":"open","ping_status":"closed","sticky":false,"template":"","format":"standard","meta":{"content-type":"","_lmt_disableupdate":"","_lmt_disable":"","_jetpack_memberships_contains_paid_content":false,"footnotes":"","jetpack_publicize_message":"","jetpack_publicize_feature_enabled":true,"jetpack_social_post_already_shared":true,"jetpack_social_options":{"image_generator_settings":{"template":"highway","default_image_id":0,"font":"","enabled":false},"version":2}},"categories":[23,82],"tags":[],"class_list":["post-9900","post","type-post","status-publish","format-standard","has-post-thumbnail","hentry","category-politique","category-verificateur-general"],"jetpack_publicize_connections":[],"featured_image_urls":{"full":"","thumbnail":"","medium":"","medium_large":"","large":"","1536x1536":"","2048x2048":"","penci-recipe-1200x1200":"","penci-recipe-1200x900":"","penci-recipe-1200x675":"","penci-single-full":"","penci-slider-full-thumb":"","penci-full-thumb":"","penci-slider-thumb":"","penci-magazine-slider":"","penci-thumb":"","penci-masonry-thumb":"","penci-thumb-square":"","penci-thumb-vertical":"","penci-thumb-small":""},"author_info":{"display_name":"Nandi","author_link":"https:\/\/nandi.info\/?author=1"},"category_info":"<a href=\"https:\/\/nandi.info\/?cat=23\" rel=\"category\">Politique<\/a> <a href=\"https:\/\/nandi.info\/?cat=82\" rel=\"category\">V\u00e9rificateur G\u00e9n\u00e9ral<\/a>","tag_info":"V\u00e9rificateur G\u00e9n\u00e9ral","comment_count":"0","jetpack_featured_media_url":"","jetpack_sharing_enabled":true,"_links":{"self":[{"href":"https:\/\/nandi.info\/index.php?rest_route=\/wp\/v2\/posts\/9900","targetHints":{"allow":["GET"]}}],"collection":[{"href":"https:\/\/nandi.info\/index.php?rest_route=\/wp\/v2\/posts"}],"about":[{"href":"https:\/\/nandi.info\/index.php?rest_route=\/wp\/v2\/types\/post"}],"author":[{"embeddable":true,"href":"https:\/\/nandi.info\/index.php?rest_route=\/wp\/v2\/users\/1"}],"replies":[{"embeddable":true,"href":"https:\/\/nandi.info\/index.php?rest_route=%2Fwp%2Fv2%2Fcomments&post=9900"}],"version-history":[{"count":0,"href":"https:\/\/nandi.info\/index.php?rest_route=\/wp\/v2\/posts\/9900\/revisions"}],"wp:featuredmedia":[{"embeddable":true,"href":"https:\/\/nandi.info\/index.php?rest_route=\/"}],"wp:attachment":[{"href":"https:\/\/nandi.info\/index.php?rest_route=%2Fwp%2Fv2%2Fmedia&parent=9900"}],"wp:term":[{"taxonomy":"category","embeddable":true,"href":"https:\/\/nandi.info\/index.php?rest_route=%2Fwp%2Fv2%2Fcategories&post=9900"},{"taxonomy":"post_tag","embeddable":true,"href":"https:\/\/nandi.info\/index.php?rest_route=%2Fwp%2Fv2%2Ftags&post=9900"}],"curies":[{"name":"wp","href":"https:\/\/api.w.org\/{rel}","templated":true}]}}