{"id":9897,"date":"2022-11-12T09:26:00","date_gmt":"2022-11-12T08:26:00","guid":{"rendered":"https:\/\/nandi.info\/?p=9897"},"modified":"2022-11-12T09:26:00","modified_gmt":"2022-11-12T08:26:00","slug":"que-sont-ils-devenus-boubacar-baba-diarra-general-serein-et-imperturbable","status":"publish","type":"post","link":"https:\/\/nandi.info\/?p=9897","title":{"rendered":"Que sont-ils devenus \u2026 Boubacar Baba Diarra : G\u00e9n\u00e9ral, serein et imperturbable\u2026"},"content":{"rendered":"\n<p><strong><em>En d\u00e9cidant de rencontrer l\u2019inspecteur g\u00e9n\u00e9ral de police, Boubacar Baba Diarra, ancien pr\u00e9sident de la F\u00e9mafoot, nous n\u2019avions nullement l\u2019intention de verser de l\u2019huile sur le feu ou m\u00eame de remuer le couteau dans la plaie. Evidemment dans un pass\u00e9 r\u00e9cent, l\u2019homme a d\u00e9fray\u00e9 la chronique, \u00e0 travers la crise du football malien. Depuis la fin de son mandat \u00e0 la t\u00eate de la F\u00e9d\u00e9ration, constat\u00e9 par la mise en place du Comit\u00e9 de normalisation du football malien le 10 janvier 2018, il garde profil bas. M\u00eame \u00e0 l\u2019occasion de la r\u00e9cente \u00e9lection du bureau de la F\u00e9mafoot, on ne l\u2019a pas senti, ni en amont ni aval. Bref, le g\u00e9n\u00e9ral Baba Diarra a d\u00e9cid\u00e9 de prendre du recul avec sa conviction. Laquelle conviction avait fait de lui l\u2019ennemi \u00e0 abattre. R\u00e9ticent au d\u00e9but de notre sollicitation d\u2019\u00eatre le h\u00e9ros de la semaine de la rubrique \u201cQue sont-ils devenus ?\u201d, Baba a finalement acc\u00e9d\u00e9 \u00e0 notre requ\u00eate. Aujourd\u2019hui, le g\u00e9n\u00e9ral est amer et m\u00eame tr\u00e8s amer. Il a le regret d\u2019avoir perdu des amis, \u00e0 cause de la crise. Selon lui, c\u2019est d\u2019autant plus regrettable qu\u2019on choisit ses amis et non ses parents. Le mot ancien ami est un \u00e9chec dans la vie d\u2019un homme. Si Boubacar Baba Diarra consid\u00e8re cela comme un mauvais souvenir, il se rappelle encore de cette \u00e9limination du Mali \u00e0 la phase finale de la Can\/Guin\u00e9e \u00e9quatoriale-2015. Parce qu\u2019il avait la conviction que les Aigles pouvaient aller plus loin dans cette comp\u00e9tition. Nous avons d\u00e9battu de beaucoup de questions avec le g\u00e9n\u00e9ral \u00e0 la retraite.<\/em><\/strong><\/p>\n\n\n\n<p class=\"has-drop-cap\">C\u2019est aux environs de 8 heures 30 minutes que nous arriv\u00e2mes ce samedi 2 novembre 2019 au domicile de l\u2019ancien pr\u00e9sident de la F\u00e9mafoot, au Quartier du fleuve. Il nous re\u00e7oit dans un salon annexe de son appartement. Tout au long de notre discussion, nous constatons que l\u2019homme garde intacte sa s\u00e9r\u00e9nit\u00e9 l\u00e9gendaire.<\/p>\n\n\n\n<p><strong>\u201cJe ne ch\u00f4me pas\u201d<\/strong><\/p>\n\n\n\n<p>Premi\u00e8re question \u00e0 notre h\u00e9ros du jour :&nbsp;<strong><em>Que devient Baba depuis son d\u00e9part de la F\u00e9mafoot ?<\/em><\/strong><\/p>\n\n\n\n<p>Le g\u00e9n\u00e9ral r\u00e9pond que d\u00e8s la premi\u00e8re semaine de la fin de son mandat, il a enregistr\u00e9 une pl\u00e9iade de propositions.<\/p>\n\n\n\n<p>D\u2019abord, une grande marque de football lui a propos\u00e9 d\u2019\u00eatre son repr\u00e9sentant en Afrique. Ensuite, une autre soci\u00e9t\u00e9 de management de football, dont le si\u00e8ge se trouve en France \u00e0 Aix-en-Provence lui a fait une proposition int\u00e9ressante. Enfin, un compatriote, \u00e9voluant dans les mines, a sollicit\u00e9 sa comp\u00e9tence pour l\u2019implantation de sa soci\u00e9t\u00e9 au Mali.<\/p>\n\n\n\n<p>Pour le moment, il n\u2019a pris aucune d\u00e9cision par rapport aux offres. En attendant, Boubacar Baba Diarra est administrateur d\u2019une soci\u00e9t\u00e9 dont les activit\u00e9s tournent autour de la sant\u00e9 et de l\u2019immobilier. Cette entreprise est en partenariat avec des Europ\u00e9ens install\u00e9s \u00e0 l\u2019ext\u00e9rieur. Le moment venu, il verra ce qu\u2019il y a lieu de faire.<\/p>\n\n\n\n<p><strong>Deuxi\u00e8me question :<\/strong>&nbsp;<strong><em>Au lendemain de l\u2019\u00e9lection du nouveau bureau de la F\u00e9mafoot, que lui inspire ce retour \u00e0 l\u2019ordre normal dans la conduite des destin\u00e9es du football malien ?<\/em><\/strong><\/p>\n\n\n\n<p>Boubacar Baba Diarra d\u00e9veloppe des argumentations plus que responsables. Il estime qu\u2019ayant occup\u00e9 de hautes fonctions pendant au moins 40 ans, il ne pouvait souhaiter qu\u2019un secteur de l\u2019Etat connaisse des convulsions comme celles qu\u2019a connues notre football et dont il s\u2019est retrouv\u00e9 au centre m\u00eame si sa responsabilit\u00e9 n\u2019a jamais \u00e9t\u00e9 \u00e9tablie. Selon Baba, cette crise a certes dur\u00e9, mais n\u2019eussent \u00e9t\u00e9 sa sagacit\u00e9 et son sens de responsabilit\u00e9, son ampleur allait alt\u00e9rer, voire compromettre l\u2019avenir du football malien.<\/p>\n\n\n\n<p>Cependant, l\u2019ancien pr\u00e9sident de la F\u00e9mafoot se r\u00e9jouit du fait que pendant la m\u00eame p\u00e9riode, le football ait engrang\u00e9 de (tr\u00e8s) bons r\u00e9sultats. En tant que responsable de ce pays, dirigeant et amoureux du football, la fin de cette crise s\u2019annonce pour lui comme une d\u00e9livrance.<\/p>\n\n\n\n<p>Du coup, Baba salue ces \u00e9lections qui ont \u00e9t\u00e9 transparentes et apais\u00e9es. C\u2019est en cela qu\u2019il f\u00e9licite le nouveau pr\u00e9sident de la F\u00e9mafoot, Mamoutou Tour\u00e9&nbsp;<strong>\u201cBavieux\u201d<\/strong>, et demande \u00e0 son cadet Salaha Baby de se positionner pour des lendemains meilleurs, compte tenu de sa jeunesse.<\/p>\n\n\n\n<p><strong>Le double pi\u00e8ge du flic !<\/strong><\/p>\n\n\n\n<p>Au plan professionnel, la promotion de Boubacar Baba Diarra devait \u00eatre la cr\u00e8me de la police malienne. Parce que le pouvoir d\u2019alors avait des projets \u00e9normes pour valoriser la corporation, qui, \u00e0 l\u2019\u00e9poque, b\u00e9n\u00e9ficiait d\u2019un respect et d\u2019une grande consid\u00e9ration de la part de la population.<\/p>\n\n\n\n<p>Boubacar Baba Diarra qui est un des fruits de cette g\u00e9n\u00e9ration, est demeur\u00e9 un v\u00e9ritable policier, un flic dot\u00e9 d\u2019une intelligence extraordinaire, qui sait prendre une d\u00e9cision, dont l\u2019interpr\u00e9tation dans l\u2019avenir le mettrait \u00e0 l\u2019abri de tout d\u00e9sagr\u00e9ment.<\/p>\n\n\n\n<p>En 2017, en pleine crise et suite \u00e0 la dissolution du comit\u00e9 ex\u00e9cutif de la F\u00e9d\u00e9ration, il accepte de d\u00e9missionner au terme de quarante-cinq jours, et, de fa\u00e7on intelligente, il glisse un pi\u00e8ge que personne n\u2019a pu d\u00e9celer dans l\u2019imm\u00e9diat. Il tient \u00e0 ce qu\u2019on mette dans le protocole la mention \u201c<strong>sous l\u2019\u00e9gide de la Fifa\u201d<\/strong>. Sachant bien que l\u2019instance supr\u00eame du football mondial n\u2019accepte jamais l\u2019ing\u00e9rence du politique dans les affaires de football, il accepte les propositions de sortie de crise. Avant la date butoir, une correspondance de la Fifa ne reconnaissant pas ledit protocole tombe, mais en bon flic, il maintient le flou dans une discr\u00e9tion totale. Le moment venu, il sort la lettre de la Fifa qui d\u00e9montre que son mandat ne doit \u00eatre interrompu par quoi que ce soit. En un mot, Baba sort vainqueur du bras de fer qui l\u2019oppose au minist\u00e8re de tutelle.<\/p>\n\n\n\n<p>C\u2019est \u00e0 sa sortie en 1977 de l\u2019Ecole nationale d\u2019administration (fili\u00e8re sciences \u00e9conomiques) que Baba Diarra int\u00e8gre directement la police. Apr\u00e8s une formation de deux ans \u00e0 l\u2019Ecole nationale de la police, il est promu au grade de sous-lieutenant et nomm\u00e9 chef de la division \u00e9conomique de la Brigade d\u2019investigations criminelles de la direction g\u00e9n\u00e9rale des services de s\u00e9curit\u00e9 (avril-septembre 1979). Quelques mois apr\u00e8s, il b\u00e9n\u00e9ficie d\u2019une bourse pour l\u2019Universit\u00e9 de Caen (Institut d\u2019administration des entreprises UER : pr\u00e9paration aux affaires). Ces \u00e9tudes seront sanctionn\u00e9es par un Doctorat de 3e cycle, option sciences d\u2019analyses et de gestion des organisations, \u00e0 la suite d\u2019une th\u00e8se soutenue avec les f\u00e9licitations du Jury.<\/p>\n\n\n\n<p>En plus de ce cursus, Boubacar Baba Diarra effectue une multitude de stages et de voyages d\u2019\u00e9tudes \u00e0 travers le monde, sur divers th\u00e8mes. Auxquels il faut ajouter :<\/p>\n\n\n\n<p>\u2013 Sa participation en qualit\u00e9 d\u2019expert aux travaux du Comit\u00e9 sp\u00e9cial des Nations unies charg\u00e9 de l\u2019\u00e9laboration d\u2019une Convention sur la criminalit\u00e9 transnationale organis\u00e9e et ses protocoles additionnels, convention sign\u00e9e \u00e0 Palerme (Italie) en 2000 ;<\/p>\n\n\n\n<p>\u2013 Sa participation en 2017 en tant que premier auditeur africain au sud du Sahara au cycle de formation de l\u2019Institut des hautes \u00e9tudes de s\u00e9curit\u00e9 de France (le pendant de l\u2019\u00e9cole de guerre chez les militaires).<\/p>\n\n\n\n<p><strong>Rompu \u00e0 la t\u00e2che administrative !<\/strong><\/p>\n\n\n\n<p>A son retour de l\u2019Universit\u00e9 de Caen, il entame une longue et riche carri\u00e8re administrative. Il fut :<\/p>\n\n\n\n<p>\u2013 Chef de la division administrative et financi\u00e8re de la DCMB : direction centrale du mat\u00e9riel et b\u00e2timents des arm\u00e9es (1982-1987) ;<\/p>\n\n\n\n<p>\u2013 Directeur adjoint de la DCMB, cumulativement avec ses fonctions de DAF ;<\/p>\n\n\n\n<p>\u2013 Directeur g\u00e9n\u00e9ral de l\u2019Office pour l\u2019exploitation des ressources hydrauliques du Haut Niger (1988-1991) ;<\/p>\n\n\n\n<p>\u2013 Directeur du d\u00e9partement \u00e9conomique de la direction g\u00e9n\u00e9rale des services de la S\u00e9curit\u00e9 d\u2019Etat, charg\u00e9 sp\u00e9cialement de la lutte contre les infractions \u00e0 caract\u00e8re \u00e9conomique et financier (1991-1992) ;<\/p>\n\n\n\n<p>\u2013 Directeur administratif et financier du minist\u00e8re des Forces arm\u00e9es et des Anciens combattants (1992- 1994).<\/p>\n\n\n\n<p>Suite \u00e0 la d\u00e9militarisation de la police nationale en 1994, Boubacar Baba Diarra est mis \u00e0 la disposition de la direction des services de l\u2019administration, de la comptabilit\u00e9 et du mat\u00e9riel de la direction g\u00e9n\u00e9rale de la police nationale (DGPN).<\/p>\n\n\n\n<p>Deux ans apr\u00e8s, il est nomm\u00e9 chef du bureau d\u2019\u00e9tudes de la planification et de l\u2019informatique \u00e0 la DGPN (1996-2001). Une fonction au bout de laquelle son directeur lui confie la gestion de son cabinet (2001-2002).<\/p>\n\n\n\n<p>A partir de 2003, il est propuls\u00e9 au poste de chef de cabinet du minist\u00e8re de l\u2019Administration territoriale et des Collectivit\u00e9s locales. Boubacar Baba Diarra ne quitte ces fonctions qu\u2019onze ans apr\u00e8s, pour \u00eatre d\u2019abord directeur du Programme de gouvernance partag\u00e9e de la paix et de la s\u00e9curit\u00e9 (PSGP), conseiller sp\u00e9cial du pr\u00e9sident de la R\u00e9publique (mars 2013-novembre 2013).<\/p>\n\n\n\n<p>Alors commence son mandat \u00e0 la t\u00eate de la F\u00e9d\u00e9ration malienne de football pour quatre ans. Auparavant il a \u00e9t\u00e9 :<\/p>\n\n\n\n<p>\u2013 Vice-pr\u00e9sident du Centre Salif K\u00e9ita (1996-1998) ;<\/p>\n\n\n\n<p>\u2013 Membre du bureau de la F\u00e9mafoot (1996-2002)<\/p>\n\n\n\n<p>\u2013 Vice-pr\u00e9sident du bureau de la F\u00e9mafoot (2005-2009)<\/p>\n\n\n\n<p>\u2013 Pr\u00e9sident du Djoliba AC (mars 2012-octobre 2013).<\/p>\n\n\n\n<p>Malheureusement, en sa qualit\u00e9 de pr\u00e9sident de la F\u00e9mafoot, Boubacar Baba Diarra se retrouve dans une zone de turbulence, sous la forme d\u2019une crise aigu\u00eb, qui aboutit \u00e0 l\u2019invective et \u00e0 la surench\u00e8re verbale.<\/p>\n\n\n\n<p><strong>Dieu est au contr\u00f4le<\/strong><\/p>\n\n\n\n<p>Cette crise du football malien a \u00e9t\u00e9 \u00e9maill\u00e9e de beaucoup de probl\u00e8mes. Les acteurs se sont retrouv\u00e9s au Tribunal arbitral des sports (Tas), Baba m\u00eame a \u00e9t\u00e9 pers\u00e9cut\u00e9, interpell\u00e9 au P\u00f4le \u00e9conomique &amp; financier, audit\u00e9 sept fois, accus\u00e9 d\u2019avoir empoch\u00e9&nbsp;<strong>3 milliards de FCFA<\/strong>, comme retomb\u00e9es de la participation des juniors et des cadets maliens aux phases finales des coupes du monde de leurs cat\u00e9gories respectives.<\/p>\n\n\n\n<p>Pour ce cas pr\u00e9cis, selon Baba Diarra, la Fifa a envoy\u00e9 une correspondance pour exprimer son regret. Parce qu\u2019elle ne verse jamais de subvention aux F\u00e9d\u00e9rations comme retomb\u00e9es des \u00e9quipes de cat\u00e9gories d\u2019\u00e2ge. Cette r\u00e9action de l\u2019instance supr\u00eame du football mondial faisait suite \u00e0 une lettre de la F\u00e9mafoot. Parce qu\u2019il a \u00e9t\u00e9 dit partout qu\u2019elle a re\u00e7u 3 milliards de F CFA \u00e0 la suite des deux comp\u00e9titions pr\u00e9cit\u00e9es. Bref, l\u2019inspecteur g\u00e9n\u00e9ral de police aura connu le plus mauvais souvenir de sa vie sportive.<\/p>\n\n\n\n<p><strong><em>Comment a-t-il v\u00e9cu ces moments ? Qu\u2019est-ce qu\u2019il pense des diff\u00e9rentes accusations ?<\/em><\/strong>&nbsp; L\u2019ancien pr\u00e9sident de la F\u00e9d\u00e9ration r\u00e9pond :&nbsp;<em>\u00abPour ce qui est du Tas, je n\u2019ai pas compris certaines d\u00e9cisions de cette Cour arbitrale. En analysant ses d\u00e9cisions, on se rend compte que les tribunaux internationaux ne sont pas toujours exempts de partialit\u00e9. Parce que la derni\u00e8re d\u00e9cision du Tas, qui a fait l\u2019objet d\u2019une ex\u00e9cution avec l\u2019organisation d\u2019une AG extraordinaire n\u2019\u00e9tait pas une bonne d\u00e9cision. Toute d\u00e9cision d\u2019une Cour arbitrale doit faire l\u2019objet d\u2019exequatur. Si ce principe avait \u00e9t\u00e9 observ\u00e9 par le Conor, on se serait rendu compte de l\u2019incongruit\u00e9 et de l\u2019inconstance de la sentence du Tas. Pour preuve, les participants de l\u2019avant-derni\u00e8re AG auront constat\u00e9 que la sentence du Tas a \u00e9t\u00e9 vid\u00e9e en moins de trente minutes. La Fifa avait affirm\u00e9 haut et fort qu\u2019il n\u2019y avait pas lieu de revenir sur la sentence du Tas, qui avait fait l\u2019objet d\u2019ex\u00e9cution par la F\u00e9d\u00e9ration lors de l\u2019Assembl\u00e9e g\u00e9n\u00e9rale tenue en d\u00e9cembre 2016 \u00e0 Sikasso.&nbsp; A la fin de chaque saison sportive, la FIFA fait auditer par un cabinet ext\u00e9rieur l\u2019utilisation des subventions mises \u00e0 la disposition des f\u00e9d\u00e9rations. Les rapports d\u2019audit sont gages de renouvellement annuel des dites subventions de l\u2019instance supr\u00eame du football. Autrement dit,&nbsp; nous ne devrons pas jouir de subventions durant quatre ans, si les gestions ant\u00e9rieures avaient \u00e9t\u00e9 d\u00e9faillantes . Pour des raisons personnelles, je fais l\u2019\u00e9conomie de tout ce dont j\u2019ai \u00e9t\u00e9 victime durant cette crise\u00bb.<\/em><\/p>\n\n\n\n<p>Pour ce qui est de ses rapports avec le Djoliba, dont il \u00e9tait le pr\u00e9sident, Boubacar Baba Diarra d\u00e9clare que ses sentiments vis-\u00e0-vis du club demeurent intacts, c\u2019est-\u00e0-dire qu\u2019il est supporteur du Djoliba et Djolibiste jusqu\u2019aux os. Certes, il peut avoir des probl\u00e8mes avec le management actuel du Djoliba, mais pas avec le club qu\u2019il est pr\u00eat \u00e0 supporter demain sur les gradins en supporteur. Il est convaincu de la v\u00e9rit\u00e9 selon laquelle on ne quitte jamais un club lorsqu\u2019on l\u2019a dans son c\u0153ur, dans ses tripes. Bref, le Djoliba est d\u2019abord un label, et non un consortium d\u2019individus.<\/p>\n\n\n\n<p>A la question de savoir si le Djoliba n\u2019a pas \u00e9t\u00e9 un tremplin pour acc\u00e9der \u00e0 la pr\u00e9sidence de la F\u00e9mafoot ? Baba s\u2019insurge.&nbsp;<em>\u201cJe dis non. J\u2019\u00e9tais Djolibiste lorsqu\u2019on m\u2019a barr\u00e9 la route de la F\u00e9d\u00e9ration en 2009. Pour ceux qui connaissent l\u2019histoire, j\u2019avais tous les atouts pour succ\u00e9der \u00e0 Salif K\u00e9ita \u00e0 l\u2019\u00e9lection de la F\u00e9mafoot \u00e0 Tombouctou. Mais c\u2019est au seuil de la salle de r\u00e9union que ma candidature a \u00e9t\u00e9 retir\u00e9e pour des raisons majeures que seuls les initi\u00e9s sont en mesure de d\u00e9crypter. D\u2019autres crit\u00e8res pr\u00e9valent \u00e0 l\u2019\u00e9lection du pr\u00e9sident de la F\u00e9mafoot, qui ne sont pas la seule appartenance \u00e0 un club\u201d<\/em>.<\/p>\n\n\n\n<p><strong>Bient\u00f4t dans l\u2019ar\u00e8ne politique<\/strong><\/p>\n\n\n\n<p>En ce qui concerne ses ambitions politiques, l\u2019ancien pr\u00e9sident de la F\u00e9d\u00e9ration affirme qu\u2019il est bel et bien dans l\u2019expectative, c\u2019est-\u00e0-dire qu\u2019en tant qu\u2019intellectuel et apr\u00e8s avoir consacr\u00e9 des d\u00e9cennies de sa vie \u00e0 la construction de la nation, il ne peut pas rester aphone et inaudible face \u00e0 la situation actuelle du pays. La responsabilit\u00e9 de tous les cadres du pays est grande dans la trajectoire actuelle de notre patrie en \u00e9tat de d\u00e9litement av\u00e9r\u00e9, voire de d\u00e9flagration. Le Mali \u00e9tant notre bien commun, notre patrimoine commun, doit-il laisser \u00e0 d\u2019autres le soin et le pouvoir de d\u00e9cider ou de parler \u00e0 sa place, tout en restant indiff\u00e9rent ? Il dit non et colle une citation de l\u2019ancien pr\u00e9sident Alpha Oumar Konar\u00e9, selon laquelle il ne sera pas ce coureur de relais qui, apr\u00e8s avoir remis le t\u00e9moin, se retire de la course. Sans nous d\u00e9voiler le nom du parti politique dans lequel il militera, Boubacar Baba Diarra fera son saut dans le marigot politique en janvier 2020.<\/p>\n\n\n\n<p>Est-ce \u00e0 dire qu\u2019il abandonnera le football avec cette ambition nouvelle ? L\u2019ancien pr\u00e9sident de la F\u00e9mafoot pr\u00e9cise :&nbsp;<em>\u201cLe football n\u2019est pas incompatible avec la politique. Non, le football m\u2019a tout donn\u00e9 et avec la passion que j\u2019ai pour cette discipline, je ne peux pas m\u2019en \u00e9loigner. Le football m\u2019a beaucoup aid\u00e9, surtout \u00e0 certains moments pr\u00e9cis de ma vie. Un exemple, de 1995 \u00e0 2002, j\u2019ai \u00e9t\u00e9 placard\u00e9 administrativement et mis en cave avec les autorit\u00e9s du pays pour des raisons que j\u2019ignore jusqu\u2019\u00e0 pr\u00e9sent. Pendant toute cette p\u00e9riode, je ne pouvais pr\u00e9tendre \u00e0 aucune responsabilit\u00e9 administrative ou professionnelle, li\u00e9 \u00e0 mon rang ou statut. C\u2019est la p\u00e9riode pendant laquelle, gr\u00e2ce au football, j\u2019ai pu voyager \u00e0 travers le<\/em>&nbsp;monde&nbsp;<em>entier, tout continent confondu. Le football m\u2019a permis de supporter cette travers\u00e9e du d\u00e9sert de huit longues ann\u00e9es sans \u00e0-coup moral. C\u2019est le lieu pour moi de rendre un vibrant hommage \u00e0 M. Amadou Diakit\u00e9, ancien pr\u00e9sident de la F\u00e9mafoot, qui m\u2019a ouvert en 1996 les portes du comit\u00e9 ex\u00e9cutif. J\u2019\u00e9prouve \u00e0 son endroit et du fond du c\u0153ur de la reconnaissance. Ayant pris la d\u00e9cision de se retirer de la F\u00e9mafoot, apr\u00e8s la Can-2002, il avait jet\u00e9 son d\u00e9volu sur ma personne pour le remplacer. Mais en homme averti, Amadou Diakit\u00e9 m\u2019a confi\u00e9 que j\u2019ai le meilleur profil du groupe pour assurer sa rel\u00e8ve. Seulement en le faisant, il avait des appr\u00e9hensions face \u00e0 l\u2019attitude des anciens du groupe, qui pourraient m\u2019emp\u00eacher d\u2019\u00e9voluer normalement. C\u2019est ainsi que le projet a \u00e9t\u00e9 abandonn\u00e9, et la candidature de Tidiane Niamb\u00e9l\u00e9 initi\u00e9e.<\/em>&nbsp;<em>&nbsp;Aujourd\u2019hui, et gr\u00e2ce au football, je jouis d\u2019une respectabilit\u00e9 et de la consid\u00e9ration aupr\u00e8s de mes compatriotes, aux niveaux national et international. Pour la petite histoire, je fuis les march\u00e9s pour la simple raison qu\u2019il arrive qu\u2019on ne me permette pas de payer ce dont j\u2019ai besoin. Tout m\u2019est offert gratuitement.&nbsp; Aussi dans les rues, et m\u00eame dans les avions je suis tr\u00e8s souvent apostroph\u00e9 par des Maliens en ces termes<\/em>&nbsp;<strong><em>\u201cPr\u00e9sident Baba, f\u00e9licitations pour ton parcours, et merci pour tout ce que vous avez fait pour le football malien. Dans les administrations publiques et priv\u00e9es toutes les portes me sont ouvertes. Cette reconnaissance du peuple vaut son pesant d\u2019or pour moi. C\u2019est pourquoi je ne peux pas tourner le dos au football<\/em><\/strong><em>\u201c.<\/em><\/p>\n\n\n\n<p><strong>Ses regrets dans la gestion du football ?<\/strong><\/p>\n\n\n\n<p>Pour avoir consacr\u00e9 une partie de sa vie au football, Boubacar dit avoir ressenti de l\u2019amertume dans ses rapports avec l\u2019environnement du football, particuli\u00e8rement le d\u00e9partement des Sports.<\/p>\n\n\n\n<p>Il soutient avoir broy\u00e9 du noir apr\u00e8s le d\u00e9part du ministre Me Mamadou Gaoussou Diarra, avec lequel il a eu les meilleures relations du monde. Malheureusement, \u00e0 son d\u00e9part, selon lui le minist\u00e8re de tutelle a constitu\u00e9 une contrainte majeure \u00e0 l\u2019atteinte des objectifs de la F\u00e9mafoot. Ses rapports avec le d\u00e9partement des Sports se sont d\u00e9t\u00e9rior\u00e9s \u00e0 tel point que pour la premi\u00e8re fois dans l\u2019histoire du football malien, le stade Omnisports a \u00e9t\u00e9 ferm\u00e9 aux Aigles du Mali, \u00e0 la veille d\u2019une comp\u00e9tition majeure de qualification \u00e0 la Can.<\/p>\n\n\n\n<p>Autre regret pour Boubacar Baba Diarra, c\u2019est la perte par m\u00e9prise de sa part d\u2019amiti\u00e9s s\u00fbres. Parce qu\u2019il a d\u00e9but\u00e9 son mandat avec des amis qui, malheureusement, sont rest\u00e9s en rade. Convaincu du constat que les relations dans le milieu du football ne sont jamais achev\u00e9es, il est estomaqu\u00e9 par le fait que les amiti\u00e9s soient d\u2019occasion ou de fa\u00e7ade, mais jamais p\u00e9rennes.<\/p>\n\n\n\n<p>La vie sportive de Baba est aussi li\u00e9e aux bons souvenirs qui sont : le redimensionnement du football malien sur le plan des r\u00e9sultats purement footballistiques, les deux coupes continentales, (la Can des cadets au Niger en 2015, et du Gabon 2017, vice-championne du monde Chili 2015, troisi\u00e8me mondial, cat\u00e9gorie junior, Nouvelle Z\u00e9lande-2016, vice-champion africain au Rwanda 2015 pour les locaux), les infrastructures r\u00e9alis\u00e9es pour le d\u00e9veloppement du football \u00e0 Bamako et surtout dans les r\u00e9gions du Nord, l\u2019enthousiasme cr\u00e9\u00e9 aupr\u00e8s des fans du football.<\/p>\n\n\n\n<p><strong><em>Regrette-t-il aujourd\u2019hui d\u2019avoir pris certaines d\u00e9cisions dans l\u2019exercice de ses fonctions de pr\u00e9sident de la F\u00e9mafoot ?<\/em><\/strong>&nbsp;Boubacar Baba Diarra affirme qu\u2019il n\u2019a aucun regret par rapport \u00e0 tous les actes qu\u2019il a pos\u00e9s. Si c\u2019est \u00e0 refaire, il n\u2019h\u00e9siterait pas. A l\u2019en croire, on est chef pour prendre des responsabilit\u00e9s comme pour citer un penseur fran\u00e7ais qui dit que&nbsp;<strong><em>\u201cle pouvoir n\u2019est jamais innocent\u201d<\/em><\/strong>.<\/p>\n\n\n\n<p>Accepter d\u2019assumer ses responsabilit\u00e9s, c\u2019est aussi accepter de prendre des d\u00e9cisions qui peuvent plaire ou d\u00e9plaire, c\u2019est-\u00e0-dire de nature \u00e0 favoriser ou \u00e0 l\u00e9ser. Telle est la conviction de l\u2019ancien pr\u00e9sident de la F\u00e9mafoot Boubacar Baba Diarra.<\/p>\n\n\n\n<p>Bien qu\u2019il soit d\u00e9\u00e7u par la tournure des \u00e9v\u00e9nements qui ont \u00e9maill\u00e9 son mandat, Boubacar Baba Diarra n\u2019envisage pas de jeter le b\u00e9b\u00e9 avec l\u2019eau du bain. Est-ce \u00e0 dire qu\u2019il envisagera un jour de diriger la F\u00e9mafoot ? Le regard du policier \u00e0 notre \u00e9gard en dit long sur la r\u00e9ponse qu\u2019il n\u2019a pas voulu donner.<\/p>\n\n\n\n<p><strong>O. Roger\u00a0 Aujourd\u2019hui-Mali N\u00b0191 du vendredi 8 novembre 2019<\/strong><\/p>\n","protected":false},"excerpt":{"rendered":"<p>En d\u00e9cidant de rencontrer l\u2019inspecteur g\u00e9n\u00e9ral de police, Boubacar Baba Diarra, ancien pr\u00e9sident de la F\u00e9mafoot, nous n\u2019avions nullement l\u2019intention de verser de l\u2019huile sur le feu ou m\u00eame de&hellip;<\/p>\n","protected":false},"author":1,"featured_media":9898,"comment_status":"open","ping_status":"closed","sticky":false,"template":"","format":"standard","meta":{"content-type":"","_lmt_disableupdate":"","_lmt_disable":"","_jetpack_memberships_contains_paid_content":false,"footnotes":"","jetpack_publicize_message":"","jetpack_publicize_feature_enabled":true,"jetpack_social_post_already_shared":true,"jetpack_social_options":{"image_generator_settings":{"template":"highway","default_image_id":0,"font":"","enabled":false},"version":2}},"categories":[44,6],"tags":[],"class_list":["post-9897","post","type-post","status-publish","format-standard","has-post-thumbnail","hentry","category-que-sont-ils-devenus","category-sports"],"jetpack_publicize_connections":[],"featured_image_urls":{"full":"","thumbnail":"","medium":"","medium_large":"","large":"","1536x1536":"","2048x2048":"","penci-recipe-1200x1200":"","penci-recipe-1200x900":"","penci-recipe-1200x675":"","penci-single-full":"","penci-slider-full-thumb":"","penci-full-thumb":"","penci-slider-thumb":"","penci-magazine-slider":"","penci-thumb":"","penci-masonry-thumb":"","penci-thumb-square":"","penci-thumb-vertical":"","penci-thumb-small":""},"author_info":{"display_name":"Nandi","author_link":"https:\/\/nandi.info\/?author=1"},"category_info":"<a href=\"https:\/\/nandi.info\/?cat=44\" rel=\"category\">Que sont-ils devenus ?<\/a> <a href=\"https:\/\/nandi.info\/?cat=6\" rel=\"category\">Sports<\/a>","tag_info":"Sports","comment_count":"0","jetpack_featured_media_url":"","jetpack_sharing_enabled":true,"_links":{"self":[{"href":"https:\/\/nandi.info\/index.php?rest_route=\/wp\/v2\/posts\/9897","targetHints":{"allow":["GET"]}}],"collection":[{"href":"https:\/\/nandi.info\/index.php?rest_route=\/wp\/v2\/posts"}],"about":[{"href":"https:\/\/nandi.info\/index.php?rest_route=\/wp\/v2\/types\/post"}],"author":[{"embeddable":true,"href":"https:\/\/nandi.info\/index.php?rest_route=\/wp\/v2\/users\/1"}],"replies":[{"embeddable":true,"href":"https:\/\/nandi.info\/index.php?rest_route=%2Fwp%2Fv2%2Fcomments&post=9897"}],"version-history":[{"count":0,"href":"https:\/\/nandi.info\/index.php?rest_route=\/wp\/v2\/posts\/9897\/revisions"}],"wp:featuredmedia":[{"embeddable":true,"href":"https:\/\/nandi.info\/index.php?rest_route=\/"}],"wp:attachment":[{"href":"https:\/\/nandi.info\/index.php?rest_route=%2Fwp%2Fv2%2Fmedia&parent=9897"}],"wp:term":[{"taxonomy":"category","embeddable":true,"href":"https:\/\/nandi.info\/index.php?rest_route=%2Fwp%2Fv2%2Fcategories&post=9897"},{"taxonomy":"post_tag","embeddable":true,"href":"https:\/\/nandi.info\/index.php?rest_route=%2Fwp%2Fv2%2Ftags&post=9897"}],"curies":[{"name":"wp","href":"https:\/\/api.w.org\/{rel}","templated":true}]}}