{"id":9769,"date":"2022-11-04T15:29:00","date_gmt":"2022-11-04T14:29:00","guid":{"rendered":"https:\/\/nandi.info\/?p=9769"},"modified":"2022-11-04T15:29:00","modified_gmt":"2022-11-04T14:29:00","slug":"recommandations-de-la-conference-sociale-dans-le-domaine-du-travail-les-syndicats-signataires-du-15-octobre-2016-sopposent-a-la-recommandation-de-ramener-tous-les-statuts-non-constitutionne","status":"publish","type":"post","link":"https:\/\/nandi.info\/?p=9769","title":{"rendered":"Recommandations de la conf\u00e9rence sociale dans le domaine du travail : Les syndicats signataires du 15 Octobre 2016 s\u2019opposent \u00e0 la recommandation de ramener tous les statuts non constitutionnels au statut g\u00e9n\u00e9ral"},"content":{"rendered":"\n<p><strong>Dans leur communiqu\u00e9 N\u00b02022-013 relatif \u00e0 la t\u00e9nue de la conf\u00e9rence sociale dans le domaine du travail, les syndicats de l\u2019\u00e9ducation signataires du 16 Octobre 2016 (SYPESCO SYNEB, SYNEFCT SYNESEC SYLDEF FENLAREC COSES), expriment leur ferme opposition \u00e0 la recommandation consistant \u00e0 ramener tous les statuts non constitutionnels au statut g\u00e9n\u00e9ral en pr\u00e9voyant des statuts particuliers chaque fois que de besoin (ramener les grilles des statuts autonomes \u00e0 celle du statut g\u00e9n\u00e8re, des fonctionnaires), en rapport avec les acteurs concern\u00e9s.<\/strong><\/p>\n\n\n\n<p class=\"has-drop-cap\">Les Syndicats de l\u2019\u00c9ducation signataires du 15 octobre 2016, dit la lettre de protestation, informent leurs militantes et militants que du 17 au 22 octobre 2022, s\u2019est tenue au Centre International de Conf\u00e9rences de Bamako ICICB), la conf\u00e9rence sociale dans le domaine du travail. M\u00eame si la synergie n\u2019a pas \u00e9t\u00e9 formellement invit\u00e9e en tant que regroupement, pr\u00e9cise le communiqu\u00e9 de contestation, elle a \u00e9t\u00e9 pr\u00e9sente \u00e0 travers ses deux repr\u00e9sentants de la commission d\u2019organisation. Les autres camarades ont particip\u00e9 soit au nom de leurs centrales syndicales, soit celui de leurs syndicats autonomes. \u00abLa conf\u00e9rence a planch\u00e9 sur trois th\u00e9matiques essentielles \u00e0 savoir : la libert\u00e9 syndicale ; le dialogue social ; la gestion des carri\u00e8res et la politique salarial \u00bb, a rappel\u00e9 le mouvement syndical. Et d\u2019ajouter: \u00ab Les syndicats de l\u2019\u00e9ducation saluent la tenue de la pr\u00e9sente conf\u00e9rence sociale dans le domaine du travail, une premi\u00e8re dans notre pays et f\u00e9licitent le Gouvernement et tous les acteurs du monde du travail pour leur brillante participation. Ils se r\u00e9jouissent de la pertinence de certaines recommandations et sollicitent leur mise en \u0153uvre rapide au b\u00e9n\u00e9fice des travailleurs du Mali \u00bb. Mais, les enseignants se sont fermement oppos\u00e9s \u00e0 certains points recommand\u00e9s par la conf\u00e9rence.<\/p>\n\n\n\n<p>Toutefois, indique le communiqu\u00e9, les syndicats de l\u2019\u00e9ducation signataires du 15 octobre 2016 expriment leur ferme opposition \u00e0 la recommandation consistant \u00e0 ramener tous les statuts non constitutionnels au statut g\u00e9n\u00e9ral en pr\u00e9voyant des statuts particuliers chaque fois que de besoin (ramener les grilles des statuts autonomes \u00e0 celle du statut g\u00e9n\u00e8re, des fonctionnaires), en rapport avec les acteurs concern\u00e9s. \u00ab Ils d\u00e9noncent les agissements consistant \u00e0 remettre en cause les acquis syndicaux \u00bb, fustige le communiqu\u00e9.<\/p>\n\n\n\n<p>\u00ab Nous informons nos militantes et militants que malgr\u00e9 leur insistance dans les ateliers tout comme en pl\u00e9ni\u00e8re, les rapporteurs et les pr\u00e9sidents ont syst\u00e9matiquement rejet\u00e9 leurs suggestions et propositions comme si cette recommandation \u00e9tait act\u00e9e avant m\u00eame la conf\u00e9rence \u00bb, indiquent les syndicats de l\u2019\u00e9ducation.<\/p>\n\n\n\n<p>Pour un climat social apais\u00e9, pr\u00e9viennent les syndicats du 15 Octobre 2016, nous invitons le gouvernement au respect des acquis syndicaux, un des principes fondamentaux du syndicalisme. \u00ab En tout \u00e9tat de cause, les syndicats de l\u2019\u00e9ducation signataires du 15 octobre 2016 ne se reconnaissent pas dans cette recommandation et prendront toutes les mesures l\u00e9gales pour pr\u00e9server leurs acquis sociaux et syndicaux. Pour ce faire, ils appellent leurs militantes et militants \u00e0 la vigilance et \u00e0 la s\u00e9r\u00e9nit\u00e9 \u00bb, d\u00e9clarent-ils.<\/p>\n\n\n\n<p><a href=\"https:\/\/nandi.info\/category\/presse-journalisme\/le-republicain-mali\/\"><strong>Le R\u00e9publicain Mali<\/strong><\/a><\/p>\n","protected":false},"excerpt":{"rendered":"<p>Dans leur communiqu\u00e9 N\u00b02022-013 relatif \u00e0 la t\u00e9nue de la conf\u00e9rence sociale dans le domaine du travail, les syndicats de l\u2019\u00e9ducation signataires du 16 Octobre 2016 (SYPESCO SYNEB, SYNEFCT SYNESEC&hellip;<\/p>\n","protected":false},"author":1,"featured_media":0,"comment_status":"open","ping_status":"closed","sticky":false,"template":"","format":"standard","meta":{"content-type":"","_lmt_disableupdate":"","_lmt_disable":"","_jetpack_memberships_contains_paid_content":false,"footnotes":"","jetpack_publicize_message":"","jetpack_publicize_feature_enabled":true,"jetpack_social_post_already_shared":true,"jetpack_social_options":{"image_generator_settings":{"template":"highway","default_image_id":0,"font":"","enabled":false},"version":2}},"categories":[38,69],"tags":[],"class_list":["post-9769","post","type-post","status-publish","format-standard","hentry","category-education","category-le-republicain-mali"],"jetpack_publicize_connections":[],"featured_image_urls":{"full":"","thumbnail":"","medium":"","medium_large":"","large":"","1536x1536":"","2048x2048":"","penci-recipe-1200x1200":"","penci-recipe-1200x900":"","penci-recipe-1200x675":"","penci-single-full":"","penci-slider-full-thumb":"","penci-full-thumb":"","penci-slider-thumb":"","penci-magazine-slider":"","penci-thumb":"","penci-masonry-thumb":"","penci-thumb-square":"","penci-thumb-vertical":"","penci-thumb-small":""},"author_info":{"display_name":"Nandi","author_link":"https:\/\/nandi.info\/?author=1"},"category_info":"<a href=\"https:\/\/nandi.info\/?cat=38\" rel=\"category\">Education<\/a> <a href=\"https:\/\/nandi.info\/?cat=69\" rel=\"category\">Le R\u00e9publicain Mali<\/a>","tag_info":"Le R\u00e9publicain Mali","comment_count":"0","jetpack_featured_media_url":"","jetpack_sharing_enabled":true,"_links":{"self":[{"href":"https:\/\/nandi.info\/index.php?rest_route=\/wp\/v2\/posts\/9769","targetHints":{"allow":["GET"]}}],"collection":[{"href":"https:\/\/nandi.info\/index.php?rest_route=\/wp\/v2\/posts"}],"about":[{"href":"https:\/\/nandi.info\/index.php?rest_route=\/wp\/v2\/types\/post"}],"author":[{"embeddable":true,"href":"https:\/\/nandi.info\/index.php?rest_route=\/wp\/v2\/users\/1"}],"replies":[{"embeddable":true,"href":"https:\/\/nandi.info\/index.php?rest_route=%2Fwp%2Fv2%2Fcomments&post=9769"}],"version-history":[{"count":0,"href":"https:\/\/nandi.info\/index.php?rest_route=\/wp\/v2\/posts\/9769\/revisions"}],"wp:attachment":[{"href":"https:\/\/nandi.info\/index.php?rest_route=%2Fwp%2Fv2%2Fmedia&parent=9769"}],"wp:term":[{"taxonomy":"category","embeddable":true,"href":"https:\/\/nandi.info\/index.php?rest_route=%2Fwp%2Fv2%2Fcategories&post=9769"},{"taxonomy":"post_tag","embeddable":true,"href":"https:\/\/nandi.info\/index.php?rest_route=%2Fwp%2Fv2%2Ftags&post=9769"}],"curies":[{"name":"wp","href":"https:\/\/api.w.org\/{rel}","templated":true}]}}