{"id":9679,"date":"2022-11-05T09:58:05","date_gmt":"2022-11-05T08:58:05","guid":{"rendered":"https:\/\/nandi.info\/?p=9679"},"modified":"2022-11-05T09:58:05","modified_gmt":"2022-11-05T08:58:05","slug":"les-humeurs-de-facoh-la-militarisation-de-la-police-en-debat","status":"publish","type":"post","link":"https:\/\/nandi.info\/?p=9679","title":{"rendered":"Les humeurs de Facoh : La militarisation de la Police en d\u00e9bat"},"content":{"rendered":"\n<p class=\"has-drop-cap\">Le gouvernement de Transition du Mali vient d\u2019adopter en ce 5 octobre 2022 un avant-projet de loi portant militarisation de la Police nationale et de la Protection civile apr\u00e8s environ 31 ans de pratique d\u00e9mocratique qui avait \u00e9vit\u00e9 ce param\u00e8tre.<\/p>\n\n\n\n<p>Du coup, le syndicalisme qui avait tant divis\u00e9 la Police par la multitude des syndicats, est interdit comme dans l\u2019arm\u00e9e et la gendarmerie. Le CNT qui est une esp\u00e8ce de caisse de r\u00e9sonnance de la Transition militaire en cours a approuv\u00e9 ce texte \u00e0 la majorit\u00e9 absolue. Le projet de loi pr\u00e9cise que l\u2019objectif vis\u00e9 par la mesure est d\u2019assurer les arri\u00e8res dans les zones d\u00e9barrass\u00e9es des terroristes et d\u2019y \u00e9tablir la s\u00e9curit\u00e9 des personnes et leurs biens convoit\u00e9s par les narco-djihadistes.<\/p>\n\n\n\n<p>Dans un r\u00e9gime r\u00e9publicain et la\u00efc, le corps de la Police est normalement civil, mais dans nos pays d\u00e9clar\u00e9s faussement d\u00e9mocratiques, toutes les entorses sous divers pr\u00e9textes aux principes d\u00e9mocratiques sont permises. L\u2019exp\u00e9rience du CMLN de 1968 \u00e0 1991 o\u00f9 la Police avait \u00e9t\u00e9 militaris\u00e9e en janvier 1973 doit nous servir de cas d\u2019\u00e9cole par les abus et les exc\u00e8s relev\u00e9s au sein de ce corps devenu depuis paramilitaire.<\/p>\n\n\n\n<p>Son directeur g\u00e9n\u00e9ral, le lieutenant Ti\u00e8coro Bagayogo, de sinistre m\u00e9moire, s\u2019\u00e9tait permis toutes les extravagances, se comportant en public comme en priv\u00e9 comme un cowboy sous l\u2019\u0153il impuissant de Moussa Traor\u00e9 pourtant chef de l\u2019Etat. Il est vrai que celui-ci avait \u00e9t\u00e9 directeur de la milice populaire cr\u00e9\u00e9e par l\u2019US-RDA et que les malfaisances de ce corps avaient en partie conduit au coup d\u2019Etat de novembre 1968.<\/p>\n\n\n\n<p>On ne le dit pas assez, mais ce fut le r\u00e9gime hitl\u00e9rien (1933-1945) qui popularisa la militarisation de la Police avec ses cr\u00e9ations bizarres comme les SA (sections d\u2019assaut), les SS et la Gestapo, la Police politique d\u2019Hitler. Ces diff\u00e9rents corps paramilitaires permirent au dictateur nazi de prendre en otage le peuple allemand durant toute la vie du III\u00e8 Reich. Hitler fut imit\u00e9 par les dictateurs du sud de l\u2019Europe&nbsp;: Franco en Espagne (1892-1975), Salazar au Portugal (1889-1970) et Mussolini en Italie arr\u00eat\u00e9 en 1945 et ex\u00e9cut\u00e9 par des partisans. Tous ces anti-h\u00e9ros firent de la militarisation de la police un instrument de propagande et de domination au service de leurs folles ambitions.<\/p>\n\n\n\n<p>Si l\u2019on revient au Mali, la militarisation de la Police de janvier 1973 fut le nerf de la guerre pour le G\u00e9n\u00e9ral Moussa Traor\u00e9, qui s\u2019en servit pour asseoir sa dictature personnelle sous le CMLN et sa partie civile repr\u00e9sent\u00e9e par l\u2019UDPM. En mars 1991, au nom du maintien d\u2019ordre, la Police militaris\u00e9e monta au front et fit des victimes par centaines parmi la population civile, les \u00e9l\u00e8ves et les \u00e9tudiants. C\u2019est sans doute pour cette raison que la Conf\u00e9rence nationale d\u2019ao\u00fbt 1991 revint sur la copie de la militarisation du corps en le dotant d\u2019un autre statut.<\/p>\n\n\n\n<p>En tout \u00e9tat de cause, il revient \u00e0 l\u2019arm\u00e9e d\u2019aller \u00e0 la guerre et de nettoyer ses propres \u00e9curies, quitte \u00e0 cr\u00e9er des r\u00e9giments sp\u00e9ciaux pour cette t\u00e2che.<\/p>\n\n\n\n<p><strong>Facoh Donki Diarra<\/strong><\/p>\n\n\n\n<p><em>(\u00e9crivain)<\/em><\/p>\n\n\n\n<p><\/p>\n","protected":false},"excerpt":{"rendered":"<p>Le gouvernement de Transition du Mali vient d\u2019adopter en ce 5 octobre 2022 un avant-projet de loi portant militarisation de la Police nationale et de la Protection civile apr\u00e8s environ&hellip;<\/p>\n","protected":false},"author":1,"featured_media":9054,"comment_status":"open","ping_status":"closed","sticky":false,"template":"","format":"standard","meta":{"content-type":"","_lmt_disableupdate":"","_lmt_disable":"","_jetpack_memberships_contains_paid_content":false,"footnotes":"","jetpack_publicize_message":"","jetpack_publicize_feature_enabled":true,"jetpack_social_post_already_shared":true,"jetpack_social_options":{"image_generator_settings":{"template":"highway","default_image_id":0,"font":"","enabled":false},"version":2}},"categories":[33,66,21],"tags":[],"class_list":["post-9679","post","type-post","status-publish","format-standard","has-post-thumbnail","hentry","category-mali-tribune","category-police","category-societe"],"jetpack_publicize_connections":[],"featured_image_urls":{"full":"","thumbnail":"","medium":"","medium_large":"","large":"","1536x1536":"","2048x2048":"","penci-recipe-1200x1200":"","penci-recipe-1200x900":"","penci-recipe-1200x675":"","penci-single-full":"","penci-slider-full-thumb":"","penci-full-thumb":"","penci-slider-thumb":"","penci-magazine-slider":"","penci-thumb":"","penci-masonry-thumb":"","penci-thumb-square":"","penci-thumb-vertical":"","penci-thumb-small":""},"author_info":{"display_name":"Nandi","author_link":"https:\/\/nandi.info\/?author=1"},"category_info":"<a href=\"https:\/\/nandi.info\/?cat=33\" rel=\"category\">Mali Tribune<\/a> <a href=\"https:\/\/nandi.info\/?cat=66\" rel=\"category\">Police<\/a> <a href=\"https:\/\/nandi.info\/?cat=21\" rel=\"category\">Soci\u00e9t\u00e9<\/a>","tag_info":"Soci\u00e9t\u00e9","comment_count":"0","jetpack_featured_media_url":"","jetpack_sharing_enabled":true,"_links":{"self":[{"href":"https:\/\/nandi.info\/index.php?rest_route=\/wp\/v2\/posts\/9679","targetHints":{"allow":["GET"]}}],"collection":[{"href":"https:\/\/nandi.info\/index.php?rest_route=\/wp\/v2\/posts"}],"about":[{"href":"https:\/\/nandi.info\/index.php?rest_route=\/wp\/v2\/types\/post"}],"author":[{"embeddable":true,"href":"https:\/\/nandi.info\/index.php?rest_route=\/wp\/v2\/users\/1"}],"replies":[{"embeddable":true,"href":"https:\/\/nandi.info\/index.php?rest_route=%2Fwp%2Fv2%2Fcomments&post=9679"}],"version-history":[{"count":0,"href":"https:\/\/nandi.info\/index.php?rest_route=\/wp\/v2\/posts\/9679\/revisions"}],"wp:featuredmedia":[{"embeddable":true,"href":"https:\/\/nandi.info\/index.php?rest_route=\/"}],"wp:attachment":[{"href":"https:\/\/nandi.info\/index.php?rest_route=%2Fwp%2Fv2%2Fmedia&parent=9679"}],"wp:term":[{"taxonomy":"category","embeddable":true,"href":"https:\/\/nandi.info\/index.php?rest_route=%2Fwp%2Fv2%2Fcategories&post=9679"},{"taxonomy":"post_tag","embeddable":true,"href":"https:\/\/nandi.info\/index.php?rest_route=%2Fwp%2Fv2%2Ftags&post=9679"}],"curies":[{"name":"wp","href":"https:\/\/api.w.org\/{rel}","templated":true}]}}