{"id":9621,"date":"2022-11-03T08:21:00","date_gmt":"2022-11-03T07:21:00","guid":{"rendered":"https:\/\/nandi.info\/?p=9621"},"modified":"2022-11-03T08:21:00","modified_gmt":"2022-11-03T07:21:00","slug":"justice-transitionnelle-au-mali-land-mali-partage-son-document-de-plaidoyer-avec-les-medias-et-les-osc","status":"publish","type":"post","link":"https:\/\/nandi.info\/?p=9621","title":{"rendered":"Justice transitionnelle au Mali : L\u2019AND-Mali partage son document de plaidoyer avec les m\u00e9dias et les OSC"},"content":{"rendered":"\n<p><strong><em>Le vendredi 28 octobre 2022, l\u2019AND-Mali a organis\u00e9 \u00e0 une conf\u00e9rence de presse \u00e0 Koulikoro, pour partager avec les m\u00e9dias et les OSC, son document de plaidoyer pour la participation des victimes de violations des droits de l\u2019homme au processus de justice transitionnelle au Mali.<\/em><\/strong><\/p>\n\n\n\n<p>Dans le cadre de la mise en \u0153uvre de son projet&nbsp;<em>\u00ab&nbsp;am\u00e9lioration de la participation citoyenne au processus de la justice transitionnelle (APC-JT)&nbsp;\u00bb<\/em>, l\u2019association noyau dur pour la promotion de la justice transitionnelle au Mali (AND-Mali) a \u00e9labor\u00e9 un document de plaidoyer pour les victimes de violation des droits de l\u2019homme.<\/p>\n\n\n\n<p>Selon le pr\u00e9sident de l\u2019AND-Mali Drissa Niankil\u00e9, ce document de plaidoyer porte sur les donn\u00e9es issues des foras organis\u00e9s par l\u2019AND-Mali dans les r\u00e9gions de S\u00e9gou, Mopti, Koulikoro et le district de Bamako.<\/p>\n\n\n\n<p><em>\u00ab&nbsp;L\u2019objectif est de porter \u00e0 la connaissance des d\u00e9cideurs maliens, les opinions, aspirations et points de vue des victimes de la crise malienne sur leur participation r\u00e9elle et efficace dans les diff\u00e9rents m\u00e9canismes de justice transitionnelle en cours ou \u00e0 venir au Mali<\/em>&nbsp;\u00bb, affirme-t-il.<\/p>\n\n\n\n<p>Dans le document de plaidoyer, les recommandations des victimes sont relatives \u00e0 la participation de celles-ci \u00e0 l\u2019agence de r\u00e9paration ; au centre de m\u00e9moire pour l\u2019unit\u00e9 et la paix (CMUP) ; aux m\u00e9canismes du DDR\/RSS ; aux comit\u00e9s de paix et de r\u00e9conciliation mises en place par le minist\u00e8re de la R\u00e9conciliation de la Paix et de la Coh\u00e9sion sociale et enfin \u00e0 l\u2019am\u00e9lioration de l\u2019acc\u00e8s \u00e0 la justice des victimes de violation des droits humains.<\/p>\n\n\n\n<p>Pour finir, le pr\u00e9sident de l\u2019AND interpelle les d\u00e9cideurs maliens, \u00e0 prendre en compte ces recommandations faites par les victimes, pour mener \u00e0 bien ce processus de justice transitionnelle et pour une paix durable au Mali.<\/p>\n\n\n\n<p>\u00ab&nbsp;<em>La justice transitionnelle ne peut r\u00e9ussir sans l\u2019implication des victimes concern\u00e9s<\/em>&nbsp;\u00bb, ajoute-t-il.<\/p>\n\n\n\n<p><strong>Ze\u00efnabou Fofana<\/strong><\/p>\n","protected":false},"excerpt":{"rendered":"<p>Le vendredi 28 octobre 2022, l\u2019AND-Mali a organis\u00e9 \u00e0 une conf\u00e9rence de presse \u00e0 Koulikoro, pour partager avec les m\u00e9dias et les OSC, son document de plaidoyer pour la participation&hellip;<\/p>\n","protected":false},"author":1,"featured_media":9622,"comment_status":"open","ping_status":"closed","sticky":false,"template":"","format":"standard","meta":{"content-type":"","_lmt_disableupdate":"","_lmt_disable":"","_jetpack_memberships_contains_paid_content":false,"footnotes":"","jetpack_publicize_message":"","jetpack_publicize_feature_enabled":true,"jetpack_social_post_already_shared":true,"jetpack_social_options":{"image_generator_settings":{"template":"highway","default_image_id":0,"font":"","enabled":false},"version":2}},"categories":[33,21],"tags":[],"class_list":["post-9621","post","type-post","status-publish","format-standard","has-post-thumbnail","hentry","category-mali-tribune","category-societe"],"jetpack_publicize_connections":[],"featured_image_urls":{"full":"","thumbnail":"","medium":"","medium_large":"","large":"","1536x1536":"","2048x2048":"","penci-recipe-1200x1200":"","penci-recipe-1200x900":"","penci-recipe-1200x675":"","penci-single-full":"","penci-slider-full-thumb":"","penci-full-thumb":"","penci-slider-thumb":"","penci-magazine-slider":"","penci-thumb":"","penci-masonry-thumb":"","penci-thumb-square":"","penci-thumb-vertical":"","penci-thumb-small":""},"author_info":{"display_name":"Nandi","author_link":"https:\/\/nandi.info\/?author=1"},"category_info":"<a href=\"https:\/\/nandi.info\/?cat=33\" rel=\"category\">Mali Tribune<\/a> <a href=\"https:\/\/nandi.info\/?cat=21\" rel=\"category\">Soci\u00e9t\u00e9<\/a>","tag_info":"Soci\u00e9t\u00e9","comment_count":"0","jetpack_featured_media_url":"","jetpack_sharing_enabled":true,"_links":{"self":[{"href":"https:\/\/nandi.info\/index.php?rest_route=\/wp\/v2\/posts\/9621","targetHints":{"allow":["GET"]}}],"collection":[{"href":"https:\/\/nandi.info\/index.php?rest_route=\/wp\/v2\/posts"}],"about":[{"href":"https:\/\/nandi.info\/index.php?rest_route=\/wp\/v2\/types\/post"}],"author":[{"embeddable":true,"href":"https:\/\/nandi.info\/index.php?rest_route=\/wp\/v2\/users\/1"}],"replies":[{"embeddable":true,"href":"https:\/\/nandi.info\/index.php?rest_route=%2Fwp%2Fv2%2Fcomments&post=9621"}],"version-history":[{"count":0,"href":"https:\/\/nandi.info\/index.php?rest_route=\/wp\/v2\/posts\/9621\/revisions"}],"wp:featuredmedia":[{"embeddable":true,"href":"https:\/\/nandi.info\/index.php?rest_route=\/"}],"wp:attachment":[{"href":"https:\/\/nandi.info\/index.php?rest_route=%2Fwp%2Fv2%2Fmedia&parent=9621"}],"wp:term":[{"taxonomy":"category","embeddable":true,"href":"https:\/\/nandi.info\/index.php?rest_route=%2Fwp%2Fv2%2Fcategories&post=9621"},{"taxonomy":"post_tag","embeddable":true,"href":"https:\/\/nandi.info\/index.php?rest_route=%2Fwp%2Fv2%2Ftags&post=9621"}],"curies":[{"name":"wp","href":"https:\/\/api.w.org\/{rel}","templated":true}]}}