{"id":9584,"date":"2022-11-02T10:25:00","date_gmt":"2022-11-02T09:25:00","guid":{"rendered":"https:\/\/nandi.info\/?p=9584"},"modified":"2022-11-02T10:25:00","modified_gmt":"2022-11-02T09:25:00","slug":"litige-autour-du-titre-foncier-n199-a-koulouba-nord-est-ngolo-fomba-en-passe-detre-illegalement-depossede-de-son-bien-immobilier-les-autorites-de-la-transition-interpellees","status":"publish","type":"post","link":"https:\/\/nandi.info\/?p=9584","title":{"rendered":"Litige autour du titre foncier n\u00b0199 \u00e0 Koulouba nord-est : N\u2019Golo Fomba en passe d\u2019\u00eatre ill\u00e9galement d\u00e9poss\u00e9d\u00e9 de son bien immobilier, les autorit\u00e9s de la transition interpell\u00e9es !"},"content":{"rendered":"\n<p><strong>Le litige foncier continue et prend une nouvelle forme dans notre pays. Et le hic qui titille, c\u2019est que ce sont les pauvres qui en sont tr\u00e8s g\u00e9n\u00e9ralement les perdants en raison de leur manque de moyen. C\u2019est le cas de notre concitoyen, N\u2019Golo Fomba, qui poss\u00e8de tous les documents administratifs devant faire de lui le propri\u00e9taire l\u00e9gitime du titre foncier N\u00b0 199, \u00e0 Koulouba Nord-est, en Commune III du district de Bamako.<\/strong><\/p>\n\n\n\n<p class=\"has-drop-cap\">Malheureusement, M. Fomba se trouve aujourd\u2019hui, dans une situation de ruine et de d\u00e9solation, \u00e0 cause de l\u2019influence sur la justice d\u2019un certain Mantala Sangar\u00e9 qui ne jure que par lui d\u00e9poss\u00e9der de son titre foncier en complicit\u00e9 avec un certain Pierre Dakouo, un pasteur. Le Ministre de la Justice et des Droit de l\u2019Homme, Garde des Sceaux, Mamoudou Kassogu\u00e9 est fortement interpell\u00e9&nbsp;!<\/p>\n\n\n\n<p>Au Mali, certains op\u00e9rateurs \u00e9conomiques ou hommes d\u2019enfer, pardon, homme d\u2019affaires, ne sont s\u00e9duits que par les terres appartenant aux pauvres. Et en cas d\u2019assignation en justice, c\u2019est le pauvre citoyen qui a toujours tort.<\/p>\n\n\n\n<p>Le litige foncier opposant depuis un certain temps M. N\u2019Golo Fomba, un boucher de son \u00e9tat \u00e0 Mantala Sangar\u00e9, en est la parfaite illustration. C\u2019est avec stup\u00e9faction que M. Fomba a fait la gen\u00e8se de ce litige autour du titre 199C\/III cr\u00e9\u00e9 par l\u2019\u00c9tat du Mali depuis le 26 d\u00e9cembre 2003 et ne r\u00e9sulte pas d\u2019une convoitise.<\/p>\n\n\n\n<p>\u00c0 l\u2019en croire, tout a commenc\u00e9 dans un premier temps o\u00f9 l\u2019op\u00e9rateur \u00e9conomique, \u2018\u2019San Zou\u2019\u2019 a voulu, dans un pass\u00e9 r\u00e9cent, acheter le titre foncier en question. Mais ce dernier a renonc\u00e9 apr\u00e8s s\u2019\u00eatre rendu compte que la parcelle litigieuse appartenait, l\u00e9galement, au sieur Fomba. Cela, bien avant qu\u2019il n\u2019investisse sur le terrain.<\/p>\n\n\n\n<p><strong>D\u00e9but d\u2019une situation cauchemardesque&nbsp;<\/strong><\/p>\n\n\n\n<p>Si Fomba a pens\u00e9 que son titre \u00e9tait d\u00e9sormais \u00e0 l\u2019abri des pr\u00e9dateurs fonciers, il s\u2019est fait une illusion. Car il sera surpris par une autre histoire autour de son titre foncier. Ce qui risque de briser son r\u00eave de construire sur son site et de dire son adieu aux probl\u00e8mes r\u00e9currents de la location \u00e0 Bamako.<\/p>\n\n\n\n<p>Selon le pauvre Fomba, malgr\u00e9 l\u2019authenticit\u00e9 de ses documents administratifs, son bien immobilier n\u2019a pas \u00e9chapp\u00e9 \u00e0 l\u2019avidit\u00e9 fonci\u00e8re du nomm\u00e9 Mantala Sangar\u00e9, un promoteur de pharmacies de la place. \u00ab&nbsp;<em>Mantala m\u2019a demand\u00e9 de lui vendre ma parcelle. Chose que je n\u2019ai pas accept\u00e9. Il m\u2019a propos\u00e9 la somme de plus 20 millions que je n\u2019ai pas accept\u00e9s. Alors, il m\u2019a dit que si je n\u2019accepte pas sa proposition, qu\u2019il va s\u2019en servir pour annuler la d\u00e9cision de la Cour d\u2019Appel qui&nbsp; m\u2019a accord\u00e9 la paternit\u00e9 du titre en question<\/em>&nbsp;\u00bb, a r\u00e9v\u00e9l\u00e9 Fomba. Il poursuit que c\u2019est dans ces conditions que Pierre Dakouo, a approch\u00e9 Mantala Sangar\u00e9, pour que ce dernier entame une action en justice \u00e0 sa place&nbsp;; d\u2019autant que le sieur Mantala dispose d\u2019une parcelle sur le titre de Pierre Dakouo. L\u2019objectif de cette d\u00e9marche \u00e9tait que la parcelle de Pierre lui revienne de droit, au cas o\u00f9 le sieur Mantala gagnerait le proc\u00e8s.<\/p>\n\n\n\n<p>\u00ab&nbsp;<em>Du tribunal de Grande Instance de la commune III, \u00e0 la Cour d\u2019Appel, Mantala a perdu partout<\/em>&nbsp;\u00bb, soutient Fomba. Mais il dit \u00eatre surpris \u00e0 la Cour Supr\u00eame lorsqu\u2019on lui a dit que son dossier est authentique mais qu\u2019il a pay\u00e9 le montant \u00e0 verser pour l\u2019obtention de son titre en retard. Chose que Fomba n\u2019a pas compris alors que son titre est ant\u00e9rieur \u00e0 celui de Mantala et poss\u00e8de en plus, tous les documents n\u00e9cessaires. Aussi, il ajoute que lorsque la Mairie de la Commune III a d\u00e9cid\u00e9 de proc\u00e9der au morcellement de la zone, le domaine de l\u2019Etat lui avait notifi\u00e9 de ne toucher l\u2019endroit&nbsp; sur le site litigieux parce qu\u2019est un titre foncier.<\/p>\n\n\n\n<p><strong>Fomba sur le point d\u2019\u00eatre victime de sa pauvret\u00e9&nbsp;!<\/strong><\/p>\n\n\n\n<p>Face \u00e0 cette situation qui lui coupe le sommeil, Fomba ne sait plus \u00e0 quel saint se vouer et n\u2019a que ses yeux pour pleurer. \u00ab&nbsp;<em>On suppose que je suis pauvre et que je n\u2019ai pas droit \u00e0 un titre foncier. Mantala veut m\u2019exproprier de mon titre pour pr\u00e9parer l\u2019avenir de ses enfants. Qu\u2019il sache qu\u2019il n\u2019est&nbsp; pas le seul chef de famille. Moi j\u2019ai des enfants aussi. Donc je n\u2019accepterai jamais qu\u2019on me d\u00e9poss\u00e8de de mon bien aussi facilement. J\u2019interpelle donc les plus hautes autorit\u00e9s de la transition \u00e0 se saisir de cette affaire, pas pour m\u2019aider en raison de ma pauvret\u00e9, mais plut\u00f4t parce que je d\u00e9tiens toutes les preuves qui font de moi propri\u00e9taires l\u00e9gal de mon titre<\/em>&nbsp;\u00bb, lance Fomba,&nbsp; les larmes aux yeux.<\/p>\n\n\n\n<p>En tout cas, cette affaire doit servir de mati\u00e8re pour les autorit\u00e9s malienne de transition qui ont pris l\u2019engagement de mettre fin \u00e0 l\u2019injustice et \u00e0 la corruption dans l\u2019administration malienne. La remise de M. Fomba dans ses droits contribuera, non seulement, \u00e0&nbsp; restaurer&nbsp; la confiance en la justice malienne&nbsp;; mais surtout de prouver \u00e0 suffisance, la volont\u00e9 manifeste des autorit\u00e9s de faire du Mali, un pays sans injustice, conform\u00e9ment, \u00e0 l\u2019esprit de la refondation de notre pays.<\/p>\n\n\n\n<p><strong>Adama Coulibaly<\/strong><\/p>\n\n\n\n<p><strong>Le Nouveau R\u00e9veil<\/strong><\/p>\n","protected":false},"excerpt":{"rendered":"<p>Le litige foncier continue et prend une nouvelle forme dans notre pays. Et le hic qui titille, c\u2019est que ce sont les pauvres qui en sont tr\u00e8s g\u00e9n\u00e9ralement les perdants&hellip;<\/p>\n","protected":false},"author":1,"featured_media":9594,"comment_status":"open","ping_status":"closed","sticky":false,"template":"","format":"standard","meta":{"content-type":"","_lmt_disableupdate":"","_lmt_disable":"","_jetpack_memberships_contains_paid_content":false,"footnotes":"","jetpack_publicize_message":"","jetpack_publicize_feature_enabled":true,"jetpack_social_post_already_shared":true,"jetpack_social_options":{"image_generator_settings":{"template":"highway","default_image_id":0,"font":"","enabled":false},"version":2}},"categories":[102,81,21],"tags":[],"class_list":["post-9584","post","type-post","status-publish","format-standard","has-post-thumbnail","hentry","category-habitations-parcelles","category-le-nouveau-reveil","category-societe"],"jetpack_publicize_connections":[],"featured_image_urls":{"full":"","thumbnail":"","medium":"","medium_large":"","large":"","1536x1536":"","2048x2048":"","penci-recipe-1200x1200":"","penci-recipe-1200x900":"","penci-recipe-1200x675":"","penci-single-full":"","penci-slider-full-thumb":"","penci-full-thumb":"","penci-slider-thumb":"","penci-magazine-slider":"","penci-thumb":"","penci-masonry-thumb":"","penci-thumb-square":"","penci-thumb-vertical":"","penci-thumb-small":""},"author_info":{"display_name":"Nandi","author_link":"https:\/\/nandi.info\/?author=1"},"category_info":"<a href=\"https:\/\/nandi.info\/?cat=102\" rel=\"category\">Habitations - Parcelles<\/a> <a href=\"https:\/\/nandi.info\/?cat=81\" rel=\"category\">Le Nouveau R\u00e9veil<\/a> <a href=\"https:\/\/nandi.info\/?cat=21\" rel=\"category\">Soci\u00e9t\u00e9<\/a>","tag_info":"Soci\u00e9t\u00e9","comment_count":"0","jetpack_featured_media_url":"","jetpack_sharing_enabled":true,"_links":{"self":[{"href":"https:\/\/nandi.info\/index.php?rest_route=\/wp\/v2\/posts\/9584","targetHints":{"allow":["GET"]}}],"collection":[{"href":"https:\/\/nandi.info\/index.php?rest_route=\/wp\/v2\/posts"}],"about":[{"href":"https:\/\/nandi.info\/index.php?rest_route=\/wp\/v2\/types\/post"}],"author":[{"embeddable":true,"href":"https:\/\/nandi.info\/index.php?rest_route=\/wp\/v2\/users\/1"}],"replies":[{"embeddable":true,"href":"https:\/\/nandi.info\/index.php?rest_route=%2Fwp%2Fv2%2Fcomments&post=9584"}],"version-history":[{"count":0,"href":"https:\/\/nandi.info\/index.php?rest_route=\/wp\/v2\/posts\/9584\/revisions"}],"wp:featuredmedia":[{"embeddable":true,"href":"https:\/\/nandi.info\/index.php?rest_route=\/"}],"wp:attachment":[{"href":"https:\/\/nandi.info\/index.php?rest_route=%2Fwp%2Fv2%2Fmedia&parent=9584"}],"wp:term":[{"taxonomy":"category","embeddable":true,"href":"https:\/\/nandi.info\/index.php?rest_route=%2Fwp%2Fv2%2Fcategories&post=9584"},{"taxonomy":"post_tag","embeddable":true,"href":"https:\/\/nandi.info\/index.php?rest_route=%2Fwp%2Fv2%2Ftags&post=9584"}],"curies":[{"name":"wp","href":"https:\/\/api.w.org\/{rel}","templated":true}]}}