{"id":9550,"date":"2022-11-01T11:40:36","date_gmt":"2022-11-01T10:40:36","guid":{"rendered":"https:\/\/nandi.info\/?p=9550"},"modified":"2022-11-01T11:40:36","modified_gmt":"2022-11-01T10:40:36","slug":"avant-projet-de-nouvelle-constitution-le-csdm-entre-constats-et-exigences","status":"publish","type":"post","link":"https:\/\/nandi.info\/?p=9550","title":{"rendered":"Avant-projet de nouvelle constitution : Le Csdm entre constats et exigences"},"content":{"rendered":"\n<p><strong>Lors de son passage au d\u00e9bat \u00ab&nbsp;Politik&nbsp;\u00bb, le pr\u00e9sident du Conseil sup\u00e9rieur de la diaspora malienne, Mohamed Ch\u00e9rif Ha\u00efdara, est revenu sur les multiples actions de son association en faveur de la diaspora malienne en particulier, et de l\u2019av\u00e8nement d\u2019un Mali meilleur en g\u00e9n\u00e9ral. A la diff\u00e9rence du Haut conseil des Maliens de l\u2019ext\u00e9rieur qui s\u2019est transform\u00e9 en une association de soutien au gouvernement, le Csdm a d\u00e9cid\u00e9 d\u2019\u00eatre une association de veille citoyenne, de d\u00e9fense des droits des Maliens de la diaspora partout o\u00f9 ils sont. L\u2019occasion pour lui de formuler des nouvelles exigences aux autorit\u00e9s sur la nouvelle constitution<\/strong><\/p>\n\n\n\n<p class=\"has-drop-cap\">Dans son intervention, le pr\u00e9sident du Csdm, membre du Conseil national de la soci\u00e9t\u00e9 civile du Mali, a indiqu\u00e9 que son association a beaucoup \u0153uvr\u00e9 pour l\u2019am\u00e9lioration des conditions de vie et de travail des Maliens \u00e9tablis \u00e0 l\u2019ext\u00e9rieur.&nbsp;<em>\u00ab&nbsp;Nous avons exig\u00e9 de l\u2019\u00c9tat malien d\u2019accorder \u00e0 la diaspora malienne sa place dans la construction de la nation. Nous avons fait savoir que la diaspora malienne ne peut se limiter uniquement \u00e0 l\u2019argent que nous avons envoyons au Mali&nbsp;\u00bb,<\/em>&nbsp;a-t-il laiss\u00e9 entendre. A l\u2019en croire, la diaspora malienne contribue beaucoup \u00e0 l\u2019\u00e9conomie malienne. Dans la r\u00e9gion de Kayes, indique-t-il, 70% des infrastructures, \u00ab&nbsp;<em>que ce soit scolaires, m\u00e9dicales, routi\u00e8res\u2026c\u2019est l\u2019effort de la diaspora de Kayes<\/em>.<em>&nbsp;C\u2019est gr\u00e2ce aux r\u00e9mittences de la diaspora que le Mali tient sur ses deux pieds. Il est donc incompr\u00e9hensible qu\u2019il n\u2019y ait pas une attention particuli\u00e8re envers cette diaspora&nbsp;\u00bb,&nbsp;<\/em>a laiss\u00e9 entendre Mohamed Ch\u00e9rif Ha\u00efdara.<\/p>\n\n\n\n<p>Selon lui, c\u2019est la complicit\u00e9 du Hcme avec l\u2019\u00c9tat qui a acc\u00e9l\u00e9r\u00e9 la cr\u00e9ation du Csdm. \u00ab&nbsp;Apr\u00e8s constats et analyses, nous avons estim\u00e9 qu\u2019il faut que la diaspora soit repr\u00e9sent\u00e9e dans les instances de prise de d\u00e9cisions&nbsp;\u00bb, explique-t-il, avant d\u2019ajouter&nbsp;:&nbsp;<em>\u00ab&nbsp;C\u2019est dans ce cadre que le Csdm a d\u00e9cid\u00e9 d\u2019\u00eatre le porteur de la voix des sans voix au sein de la diaspora. L\u2019engouement derri\u00e8re le Csdm ne prouve que l\u2019engagement effectif que la diaspora a constat\u00e9 en parlant et en agissant \u00e0 son nom&nbsp;\u00bb.<\/em><\/p>\n\n\n\n<p>De sa cr\u00e9ation \u00e0 nos jours, le Csdm a jou\u00e9 plusieurs r\u00f4les dans l\u2019int\u00e9r\u00eat de la diaspora malienne. Tout r\u00e9cemment, avec le confinement, il a men\u00e9 plusieurs actions.&nbsp;<em>\u00ab&nbsp;Pendant le confinement, nous avons cr\u00e9\u00e9 une application qui a permis \u00e0 beaucoup de Maliens en difficult\u00e9 de pouvoir s\u2019en sortir. C\u2019est le Csdm qui s\u2019est lev\u00e9 pour demander le rapatriement des Maliens en difficult\u00e9. Les Maliens ont vu l\u2019engagement du Csdm et le gouvernement nous le reconnait. Le gouvernement a compris notre engagement&nbsp;; il n\u2019est pas partisan, il est patriotique&nbsp;\u00bb,<\/em>&nbsp;mart\u00e8le Mohamed Ch\u00e9rif Ha\u00efdara.<\/p>\n\n\n\n<p>Selon lui, les Maliens reconnaissent le Csdm gr\u00e2ce \u00e0 ses multiples actions. Cette association s\u2019est battue pour la repr\u00e9sentation des Maliens au sein du CNT. Ce n\u2019est pas tout. Il s\u2019est battu pour que le minist\u00e8re d\u00e9di\u00e9 aux Maliens \u00e9tablis \u00e0 l\u2019ext\u00e9rieur change de nom.&nbsp;<em>\u00ab&nbsp;Nous avons constat\u00e9 que le Mali a \u00e9t\u00e9 le premier pays \u00e0 mettre en place une organisation pour sa diaspora. C\u2019\u00e9tait en 1992. Nous avons \u00e9t\u00e9 aussi le premier pays \u00e0 avoir un minist\u00e8re plein d\u00e9di\u00e9 \u00e0 sa diaspora. A l\u2019\u00e9poque, c\u2019\u00e9tait le \u2018\u2019minist\u00e8re des Maliens de l\u2019ext\u00e9rieur\u2019\u2019. Mais le Csdm a demand\u00e9 \u00e0 ce que le nom change, parce qu\u2019il n\u2019y a pas de Maliens de l\u2019ext\u00e9rieur. Il n\u2019y a qu\u2019un seul Malien, celui \u00e9tabli \u00e0 l\u2019int\u00e9rieur et celui \u00e9tabli \u00e0 l\u2019ext\u00e9rieur. Le nom a chang\u00e9 gr\u00e2ce \u00e0 l\u2019insistance du Csdm. Il est devenu \u2018\u2019Le minist\u00e8re des Maliens \u00e9tablis \u00e0 ext\u00e9rieur\u2019\u2019<\/em>&nbsp;\u00bb.<\/p>\n\n\n\n<p>Selon Mohamed Ch\u00e9rif Ha\u00efdara, le Conseil sup\u00e9rieur de la diaspora malienne est une association qui est cr\u00e9\u00e9e pour servir les Maliens \u00e9tablis \u00e0 l\u2019ext\u00e9rieur et non se servir d\u2019eux. L\u2019association a vu le jour apr\u00e8s beaucoup d\u2019ann\u00e9es de constats. Selon lui, \u00e0 la date d\u2019aujourd\u2019hui, nous sommes dans 52 pays et avons 1 600000 membres et sympathisants.&nbsp; Sur la question d\u2019un d\u00e9bat contradictoire avec&nbsp; Habib Sylla, le pr\u00e9sident du Csdm exprime sa disponibilit\u00e9.&nbsp;<em>\u00abJe suis parfaitement d\u2019accord. Je suis pr\u00eat pour un d\u00e9bat contradictoire sur Africable avec mon grand fr\u00e8re \u00e0 une date de sa convenance. Consid\u00e9rez le comme \u00e9tant une invitation de d\u00e9bat entre le Csdm et le Haut conseil des Maliens de l\u2019ext\u00e9rieur, notamment entre Habib Sylla et moi-m\u00eame&nbsp;\u00bb,<\/em>&nbsp;a d\u00e9clar\u00e9 Mohamed Ch\u00e9rif Ha\u00efdara.<\/p>\n\n\n\n<p>Par ailleurs, le pr\u00e9sident du Csdm&nbsp; s\u2019est prononc\u00e9 sur le bilan sur l\u2019\u00e9tat de son association. Pour lui, la seconde faiti\u00e8re des Maliens de l\u2019ext\u00e9rieur se porte \u00e0 merveille. Il a ainsi rappel\u00e9 les multiples efforts du Csdm au plan national et international. A l\u2019en croire, son association a \u00e9t\u00e9 aux diff\u00e9rents grands rendez-vous au Mali.&nbsp;<em>\u00ab&nbsp;Le Csdm a pris des avocats contre l\u2019\u00c9tat ivoirien pour indemniser les victimes des violences ant\u00e9rieures. Vous voyez l\u2019\u00c9tat malien faire prendre des avocats contre l\u2019\u00c9tat ivoirien? Nous l\u2019avons fait&nbsp;\u00bb,<\/em>&nbsp;a-t-il laiss\u00e9 entendre.<\/p>\n\n\n\n<p><strong>&nbsp;\u00ab Il faut lib\u00e9rer les 46 militaires ivoiriens&nbsp;\u00bb<\/strong><\/p>\n\n\n\n<p>Le Csdm est l\u2019une des organisations \u00e0 demander la lib\u00e9ration des 46 militaires ivoiriens. Il r\u00e9it\u00e8re cette demande leur lib\u00e9ration. Mohamed Ch\u00e9rif Ha\u00efdara a d\u2019ailleurs salu\u00e9 toutes initiatives entrant dans le cadre de l\u2019apaisement du climat entre les deux pays.&nbsp;<em>\u00abDans l\u2019affaire des soldats ivoiriens, je salue Cess\u00e9 Kom\u00e9 qui a achet\u00e9 les billets d\u2019avion, il a log\u00e9 la d\u00e9l\u00e9gation ivoirienne qui est venue faire une m\u00e9diation et il les a mis en contact avec le Ch\u00e9rif de Nioro.&nbsp; Le Csdm Mali a demand\u00e9 depuis le d\u00e9but de lib\u00e9rer les soldats ivoiriens. Nous avons des informations qui prouvent que le Mali a raison sur toute la ligne<\/em>&nbsp;\u00bb, a-t-il laiss\u00e9 entendre.<\/p>\n\n\n\n<p><strong>Ce que le Conseil exige de l\u2019Etat<\/strong><\/p>\n\n\n\n<p>Sur la question de la nationalit\u00e9, Mohamed Ch\u00e9rif Ha\u00efdara a exprim\u00e9 son opposition. Pour lui, cela est une injustice \u00e0 l\u2019encontre des Maliens \u00e9tablis \u00e0 l\u2019ext\u00e9rieur. Ce que nous exigeons, c\u2019est que le Malien qui a une double nationalit\u00e9 se pr\u00e9sente aux \u00e9lections pr\u00e9sidentielles. Quand il aurait gagn\u00e9, qu\u2019il renonce \u00e0 sa 2<sup>\u00e8me<\/sup>&nbsp;nationalit\u00e9 avant de pr\u00eater serment. Nous avons des exemples, lBK avait la double nationalit\u00e9. Mais quand il avait \u00e9t\u00e9 \u00e9lu, il a abandonn\u00e9 l\u2019autre nationalit\u00e9. Pour lui, les Maliens qui ont une double nationalit\u00e9 ne devraient renoncer \u00e0 leur seconde nationalit\u00e9 que s\u2019ils venaient \u00e0 \u00eatre \u00e9lus pr\u00e9sident de la R\u00e9publique. Le Csdm a \u00e9galement sollicit\u00e9 que la tranche d\u2019\u00e2ge \u00e0 la pr\u00e9sidentielle soit comprise entre 35 et 70 ans maximum.<\/p>\n\n\n\n<p>Une autre exigence du Csdm \u00e0 l\u2019Etat. Pour lui, au S\u00e9n\u00e9gal, les citoyens \u00e9tablis \u00e0 l\u2019ext\u00e9rieur&nbsp; sont repr\u00e9sent\u00e9s par 15 d\u00e9put\u00e9s.&nbsp;<em>\u00ab&nbsp;Nous, Maliens \u00e9tablis \u00e0 l\u2019ext\u00e9rieur, nous exigeons un droit constitutionnel pour \u00eatre repr\u00e9sent\u00e9s au parlement&nbsp;\u00bb,<\/em>&nbsp;a laiss\u00e9 entendre Mohamed Ch\u00e9rif Ha\u00efdara.<\/p>\n\n\n\n<p><strong>B. Guindo<\/strong><\/p>\n","protected":false},"excerpt":{"rendered":"<p>Lors de son passage au d\u00e9bat \u00ab&nbsp;Politik&nbsp;\u00bb, le pr\u00e9sident du Conseil sup\u00e9rieur de la diaspora malienne, Mohamed Ch\u00e9rif Ha\u00efdara, est revenu sur les multiples actions de son association en faveur&hellip;<\/p>\n","protected":false},"author":1,"featured_media":9551,"comment_status":"open","ping_status":"closed","sticky":false,"template":"","format":"standard","meta":{"content-type":"","_lmt_disableupdate":"","_lmt_disable":"","_jetpack_memberships_contains_paid_content":false,"footnotes":"","jetpack_publicize_message":"","jetpack_publicize_feature_enabled":true,"jetpack_social_post_already_shared":true,"jetpack_social_options":{"image_generator_settings":{"template":"highway","default_image_id":0,"font":"","enabled":false},"version":2}},"categories":[71,23],"tags":[],"class_list":["post-9550","post","type-post","status-publish","format-standard","has-post-thumbnail","hentry","category-le-pays","category-politique"],"jetpack_publicize_connections":[],"featured_image_urls":{"full":"","thumbnail":"","medium":"","medium_large":"","large":"","1536x1536":"","2048x2048":"","penci-recipe-1200x1200":"","penci-recipe-1200x900":"","penci-recipe-1200x675":"","penci-single-full":"","penci-slider-full-thumb":"","penci-full-thumb":"","penci-slider-thumb":"","penci-magazine-slider":"","penci-thumb":"","penci-masonry-thumb":"","penci-thumb-square":"","penci-thumb-vertical":"","penci-thumb-small":""},"author_info":{"display_name":"Nandi","author_link":"https:\/\/nandi.info\/?author=1"},"category_info":"<a href=\"https:\/\/nandi.info\/?cat=71\" rel=\"category\">Le Pays<\/a> <a href=\"https:\/\/nandi.info\/?cat=23\" rel=\"category\">Politique<\/a>","tag_info":"Politique","comment_count":"0","jetpack_featured_media_url":"","jetpack_sharing_enabled":true,"_links":{"self":[{"href":"https:\/\/nandi.info\/index.php?rest_route=\/wp\/v2\/posts\/9550","targetHints":{"allow":["GET"]}}],"collection":[{"href":"https:\/\/nandi.info\/index.php?rest_route=\/wp\/v2\/posts"}],"about":[{"href":"https:\/\/nandi.info\/index.php?rest_route=\/wp\/v2\/types\/post"}],"author":[{"embeddable":true,"href":"https:\/\/nandi.info\/index.php?rest_route=\/wp\/v2\/users\/1"}],"replies":[{"embeddable":true,"href":"https:\/\/nandi.info\/index.php?rest_route=%2Fwp%2Fv2%2Fcomments&post=9550"}],"version-history":[{"count":0,"href":"https:\/\/nandi.info\/index.php?rest_route=\/wp\/v2\/posts\/9550\/revisions"}],"wp:featuredmedia":[{"embeddable":true,"href":"https:\/\/nandi.info\/index.php?rest_route=\/"}],"wp:attachment":[{"href":"https:\/\/nandi.info\/index.php?rest_route=%2Fwp%2Fv2%2Fmedia&parent=9550"}],"wp:term":[{"taxonomy":"category","embeddable":true,"href":"https:\/\/nandi.info\/index.php?rest_route=%2Fwp%2Fv2%2Fcategories&post=9550"},{"taxonomy":"post_tag","embeddable":true,"href":"https:\/\/nandi.info\/index.php?rest_route=%2Fwp%2Fv2%2Ftags&post=9550"}],"curies":[{"name":"wp","href":"https:\/\/api.w.org\/{rel}","templated":true}]}}