{"id":9542,"date":"2022-11-01T10:58:27","date_gmt":"2022-11-01T09:58:27","guid":{"rendered":"https:\/\/nandi.info\/?p=9542"},"modified":"2022-11-01T10:58:27","modified_gmt":"2022-11-01T09:58:27","slug":"affaire-de-blaspheme-le-ministere-des-affaires-religieuses-indigne-la-communaute-musulmane-en-colere-la-justice-sautosaisit","status":"publish","type":"post","link":"https:\/\/nandi.info\/?p=9542","title":{"rendered":"Affaire de blasph\u00e8me : Le minist\u00e8re des Affaires religieuses indign\u00e9, la communaut\u00e9 musulmane en col\u00e8re, la justice s\u2019autosaisit"},"content":{"rendered":"\n<p><strong>Dans une vid\u00e9o, un jeune a tenu des propos blasph\u00e9matoires \u00e0 l\u2019\u00e9gard de la communaut\u00e9 des fid\u00e8les musulmans et se livrant \u00e0 des agissements injurieux contre le coran, le proph\u00e8te Mohamed et l\u2019islam. Apr\u00e8s le communiqu\u00e9 flou du d\u00e9partement de la tutelle, les musulmans ont exprim\u00e9 leur col\u00e8re et ont m\u00eame annonc\u00e9 un rassemblement pendant que la justice, elle s\u2019est autosaisie du dossier.<\/strong><\/p>\n\n\n\n<p><em>\u00ab&nbsp; Le ministre des Affaires religieuses, du Culte et de Coutumes a appris avec amertume, via les r\u00e9seaux sociaux, des propos et actes blasph\u00e9matoires de la part d\u2019un individu malintentionn\u00e9 \u00e0 l\u2019encontre de l\u2019Islam, religion de la majorit\u00e9 des Maliens&nbsp;\u00bb,<\/em>&nbsp;a pr\u00e9cis\u00e9 le minist\u00e8re des Affaires religieuses, du Culte et de Coutumes dans un communiqu\u00e9 hier, dans la matin\u00e9e.&nbsp;<em>\u00ab&nbsp;Devant la gravit\u00e9 de tels actes pouvant porter atteinte \u00e0 l\u2019ordre public, le ministre des Affaires religieuses, du Culte et des Coutumes condamne sans r\u00e9serve de telles provocations. II assure la communaut\u00e9 musulmane, et toutes les autres communaut\u00e9s religieuses cultuelles reconnues en R\u00e9publique du Mali, de son engagement \u00e0 accompagner dans la gestion des actes ci-dessus&nbsp;\u00bb,<\/em>&nbsp;a-t-on ajout\u00e9 avant d\u2019appeler&nbsp;<em>\u00ab&nbsp;la communaut\u00e9 musulmane \u00e0 la retenue et exhorte ses leaders \u00e0 appeler au calme, \u00e0 la s\u00e9r\u00e9nit\u00e9 et \u00e0 la patience afin que les autorit\u00e9s puissent r\u00e9gler le probl\u00e8me dans un climat apais\u00e9 devant les instances indiqu\u00e9es en la mati\u00e8re<\/em>&nbsp;\u00bb.<\/p>\n\n\n\n<p>Mais ce qui a manqu\u00e9 au communiqu\u00e9, c\u2019est la pr\u00e9cision. Quel est le nom du blasph\u00e9mateur&nbsp;? Sur quel r\u00e9seau social le blasph\u00e8me a \u00e9t\u00e9 fait&nbsp;? Toutes ces informations devaient apparaitre dans le communiqu\u00e9, surtout qu\u2019il interview \u00e0 un moment o\u00f9 il y a d\u00e9bats sur une des sorties du fils d\u2019un c\u00e9l\u00e8bre pr\u00eacheur.&nbsp;La vid\u00e9o incrimin\u00e9e a fait le tour de Facebook. Le d\u00e9partement aurait d\u00fb prendre le temps qu\u2019il faut pour donner toutes les informations concernant l\u2019auteur du blasph\u00e8me et le contenu de son message.<\/p>\n\n\n\n<p><strong>Les musulmans en col\u00e8re<\/strong><\/p>\n\n\n\n<p>Face \u00e0 la gravit\u00e9 de la situation, le haut conseil islamique du Mali et ses d\u00e9membrements ont invit\u00e9 tous les musulmans \u00e0 un grand rassemblement le vendredi prochain pour d\u00e9noncer l\u2019acte injurieux contre les symboles de l\u2019islam. \u00ab S\u2019il est vrai que la majorit\u00e9 des maliens sont des musulmans, on doit \u00eatre respect\u00e9s et \u00eatre trait\u00e9s avec \u00e9gard. Tous au monument de l\u2019ind\u00e9pendance le vendredi \u00e0 14h30mn \u00bb ont-ils laiss\u00e9 entendre avant d\u2019ajouter que \u00ab l\u2019acte qui a \u00e9t\u00e9 commis, notamment insulter le proph\u00e8te (PSL), insulter le coran, insulter Dieu, en islam, la sentence c\u2019est d\u2019ex\u00e9cuter le coupable\u00bb.<\/p>\n\n\n\n<p><strong>La Justice s\u2019autosaisit du dossier<\/strong><\/p>\n\n\n\n<p>Aux derni\u00e8res nouvelles, le tribunal de la commune IV du district de Bamako a lanc\u00e9 un avis de recherche contre le suspect.&nbsp;<em>\u00ab&nbsp;En esp\u00e9rant que les unit\u00e9s le trouveront avant les religieux ou qu\u2019il se rendra rapidement \u00e0 l\u2019unit\u00e9 de gendarmerie ou de police la plus proche dans son int\u00e9r\u00eat d\u2019abord. Aidez \u00e0 identifier et \u00e0 interpeller le monsieur dont image ci-dessous pour des faits qui peuvent admettre l\u2019application de l\u2019article 58 du code p\u00e9nal&nbsp;\u00bb,<\/em>&nbsp;a-t-on lu sur la page Facebook du Parquet.<\/p>\n\n\n\n<p>Le procureur g\u00e9n\u00e9ral s\u2019est aussi prononc\u00e9 sur le dossier.&nbsp;<em>\u00ab&nbsp;Depuis quelques jours, une vid\u00e9o pr\u00e9sentant un individu tenant des propos d\u00e9sobligeants \u00e0 l\u2019\u00e9gard de la communaut\u00e9 des fid\u00e8les musulmans et se livrant \u00e0 des agissements injurieux contre le coran, le proph\u00e8te Mohamed (Paix et Salut sur Lui) et l\u2019islam, circule sur les r\u00e9seaux sociaux. Ces propos et agissements sont constitutifs de manifestations contraires \u00e0 la libert\u00e9 de conscience et de culte susceptibles de dresser les citoyens les uns contre les autres. Le Procureur g\u00e9n\u00e9ral informe l\u2019opinion publique nationale et internationale qu\u2019il a ordonn\u00e9 relativement \u00e0 ces faits, l\u2019ouverture d\u2019une enqu\u00eate judiciaire. Aussi invite-t-il les populations \u00e0 apporter leur concours aux autorit\u00e9s judiciaires comp\u00e9tentes, \u00e0 l\u2019effet de leur permettre d\u2019identifier, localiser et interpeller l\u2019auteur de ces faits, pr\u00e9vus et punis notamment par les dispositions combin\u00e9es des articles 58 du Code p\u00e9nal 55 et 56 de la Loi n\u00b02019-056 du 05 d\u00e9cembre 2019 portant r\u00e9pression de la cybercriminalit\u00e9. En cons\u00e9quence, il sait pouvoir compter sur l\u2019esprit civique et la compr\u00e9hension de toutes et de tous pour observer le calme et la retenue relativement \u00e0 ces faits&nbsp;\u00bb,&nbsp;<\/em>a pr\u00e9cis\u00e9 son communiqu\u00e9.<\/p>\n\n\n\n<p><strong>B. G<\/strong><\/p>\n\n\n\n<p><\/p>\n","protected":false},"excerpt":{"rendered":"<p>Dans une vid\u00e9o, un jeune a tenu des propos blasph\u00e9matoires \u00e0 l\u2019\u00e9gard de la communaut\u00e9 des fid\u00e8les musulmans et se livrant \u00e0 des agissements injurieux contre le coran, le proph\u00e8te&hellip;<\/p>\n","protected":false},"author":1,"featured_media":9543,"comment_status":"open","ping_status":"closed","sticky":false,"template":"","format":"standard","meta":{"content-type":"","_lmt_disableupdate":"","_lmt_disable":"","_jetpack_memberships_contains_paid_content":false,"footnotes":"","jetpack_publicize_message":"","jetpack_publicize_feature_enabled":true,"jetpack_social_post_already_shared":true,"jetpack_social_options":{"image_generator_settings":{"template":"highway","default_image_id":0,"font":"","enabled":false},"version":2}},"categories":[71,92,21],"tags":[],"class_list":["post-9542","post","type-post","status-publish","format-standard","has-post-thumbnail","hentry","category-le-pays","category-slider","category-societe"],"jetpack_publicize_connections":[],"featured_image_urls":{"full":"","thumbnail":"","medium":"","medium_large":"","large":"","1536x1536":"","2048x2048":"","penci-recipe-1200x1200":"","penci-recipe-1200x900":"","penci-recipe-1200x675":"","penci-single-full":"","penci-slider-full-thumb":"","penci-full-thumb":"","penci-slider-thumb":"","penci-magazine-slider":"","penci-thumb":"","penci-masonry-thumb":"","penci-thumb-square":"","penci-thumb-vertical":"","penci-thumb-small":""},"author_info":{"display_name":"Nandi","author_link":"https:\/\/nandi.info\/?author=1"},"category_info":"<a href=\"https:\/\/nandi.info\/?cat=71\" rel=\"category\">Le Pays<\/a> <a href=\"https:\/\/nandi.info\/?cat=92\" rel=\"category\">Slider<\/a> <a href=\"https:\/\/nandi.info\/?cat=21\" rel=\"category\">Soci\u00e9t\u00e9<\/a>","tag_info":"Soci\u00e9t\u00e9","comment_count":"0","jetpack_featured_media_url":"","jetpack_sharing_enabled":true,"_links":{"self":[{"href":"https:\/\/nandi.info\/index.php?rest_route=\/wp\/v2\/posts\/9542","targetHints":{"allow":["GET"]}}],"collection":[{"href":"https:\/\/nandi.info\/index.php?rest_route=\/wp\/v2\/posts"}],"about":[{"href":"https:\/\/nandi.info\/index.php?rest_route=\/wp\/v2\/types\/post"}],"author":[{"embeddable":true,"href":"https:\/\/nandi.info\/index.php?rest_route=\/wp\/v2\/users\/1"}],"replies":[{"embeddable":true,"href":"https:\/\/nandi.info\/index.php?rest_route=%2Fwp%2Fv2%2Fcomments&post=9542"}],"version-history":[{"count":0,"href":"https:\/\/nandi.info\/index.php?rest_route=\/wp\/v2\/posts\/9542\/revisions"}],"wp:featuredmedia":[{"embeddable":true,"href":"https:\/\/nandi.info\/index.php?rest_route=\/"}],"wp:attachment":[{"href":"https:\/\/nandi.info\/index.php?rest_route=%2Fwp%2Fv2%2Fmedia&parent=9542"}],"wp:term":[{"taxonomy":"category","embeddable":true,"href":"https:\/\/nandi.info\/index.php?rest_route=%2Fwp%2Fv2%2Fcategories&post=9542"},{"taxonomy":"post_tag","embeddable":true,"href":"https:\/\/nandi.info\/index.php?rest_route=%2Fwp%2Fv2%2Ftags&post=9542"}],"curies":[{"name":"wp","href":"https:\/\/api.w.org\/{rel}","templated":true}]}}