{"id":9425,"date":"2022-10-27T16:25:31","date_gmt":"2022-10-27T14:25:31","guid":{"rendered":"https:\/\/nandi.info\/?p=9425"},"modified":"2022-10-27T16:25:31","modified_gmt":"2022-10-27T14:25:31","slug":"situation-sur-le-terrain-le-mali-demonte-le-rapport-de-lonu","status":"publish","type":"post","link":"https:\/\/nandi.info\/?p=9425","title":{"rendered":"Situation sur le terrain : Le Mali d\u00e9monte le rapport de l\u2019ONU"},"content":{"rendered":"\n<p><strong>Suite \u00e0 la publication du Rapport trimestriel du Secr\u00e9taire g\u00e9n\u00e9ral des Nations Unies sur la situation au Mali, couvrant la p\u00e9riode du 03 juin au 19 septembre 2022, Le gouvernement du Mali a apport\u00e9 des observations en guise de r\u00e9plique.<\/strong><\/p>\n\n\n\n<p class=\"has-drop-cap\">Au-del\u00e0,&nbsp;le gouvernement malien regrette&nbsp;que&nbsp;\u00ab&nbsp;<em>de telles all\u00e9gations ternissent l\u2019image du Mali, sapent le moral des troupes en op\u00e9ration et dressent, sans aucune base r\u00e9elle, la communaut\u00e9 internationale contre la volont\u00e9 des autorit\u00e9s de Transition de lib\u00e9rer le territoire national du joug terroriste<\/em>&nbsp;\u00bb.<\/p>\n\n\n\n<p>Le gouvernement du Mali dit avoir pris connaissance du rapport trimestriel du Secr\u00e9taire g\u00e9n\u00e9ral sur la situation au Mali, conform\u00e9ment aux dispositions de la r\u00e9solution 2640 (2022) portant sur le mandat de la Mission multidimensionnelle int\u00e9gr\u00e9e des Nations Unies pour la Stabilisation au Mali (MINUSMA)&nbsp;: \u00ab&nbsp;<em>Le Gouvernement du Mali se f\u00e9licite que le Secr\u00e9taire g\u00e9n\u00e9ral ait reconnu les progr\u00e8s r\u00e9alis\u00e9s par les autorit\u00e9s de la Transition. Cependant, il regrette que le rapport sous examen mette un accent particulier sur les d\u00e9fis et les difficult\u00e9s rencontr\u00e9es, en faisant passer sous silence de nombreuses r\u00e9alisations dans le cadre de la conduite de la Transition<\/em>&nbsp;\u00bb.<\/p>\n\n\n\n<p>Aussi, le gouvernement pr\u00e9cise que les omissions constat\u00e9es concernent \u00e9galement des \u00e9l\u00e9ments pourtant factuels et v\u00e9rifiables qui semblent avoir \u00e9chapp\u00e9 \u00e0 la vigilance habituelle du Secr\u00e9tariat g\u00e9n\u00e9ral.<\/p>\n\n\n\n<p><strong>Demande d\u2019une r\u00e9union d\u2019urgence<\/strong><\/p>\n\n\n\n<p>\u00ab&nbsp;<em>En d\u00e9pit de ce d\u00e9s\u00e9quilibre, le gouvernement reste dispos\u00e9 \u00e0 poursuivre la coop\u00e9ration avec les Nations Unies et l\u2019ensemble des partenaires, en vue de la r\u00e9alisation des actions prioritaires de la Transition<\/em>&nbsp;\u00bb, ajoute-t-il.<\/p>\n\n\n\n<p>En outre, le gouvernement reconna\u00eet que les FDSM (Forces de d\u00e9fense et de s\u00e9curit\u00e9 du Mali) ont certes effectu\u00e9 des patrouilles avec la Minusma, mais le chiffre 175 est \u00e0 revoir largement \u00e0 la baisse&nbsp;:&nbsp;\u00ab&nbsp;<em>Sur l\u2019axe Tombouctou-Goundam, aucune patrouille de la MINUSMA n\u2019a \u00e9t\u00e9 ex\u00e9cut\u00e9e depuis 4 mois. La s\u00e9curisation de l\u2019a\u00e9rodrome de Dir\u00e9 est r\u00e9guli\u00e8rement assur\u00e9e par les Forces Arm\u00e9es Maliennes (FAMA) pour l\u2019atterrissage des vols humanitaires. \u00c0 Gao, la MINUSMA ne conduit aucune patrouille conjointe avec les FDSM. De m\u00eame, dans la ville de S\u00e9var\u00e9, aucune patrouille conjointe de s\u00e9curisation n\u2019est conduite. Outre ces ajustements factuels, le rapport sous examen aurait gagn\u00e9 en objectivit\u00e9 s\u2019il informait davantage sur les efforts du Gouvernement, par ailleurs r\u00e9guli\u00e8rement couronn\u00e9s de succ\u00e8s sur le terrain, dans le cadre de la s\u00e9curisation du territoire national et de la protection des populations civiles. En effet, il est regrettable qu\u2019en de nombreuses occurrences, le rapport mentionne uniquement les actions des groupes arm\u00e9s terroristes, sans pour autant informer sur les r\u00e9actions des FAMA<\/em>&nbsp;\u00bb<\/p>\n\n\n\n<p>Toujours dans le chapitre s\u00e9curitaire, poursuit les autorit\u00e9s de la transition, il est surprenant que, dans le cadre du r\u00e9cit factuel, le rapport du Secr\u00e9taire g\u00e9n\u00e9ral ait pass\u00e9 sous silence la saisine du Conseil de s\u00e9curit\u00e9 de l\u2019ONU par le Mali, par lettre n\u00b0 444\/MAECI en date du 15 ao\u00fbt 2022, pour ce qui concerne les tentatives de d\u00e9stabilisation et les violations r\u00e9p\u00e9t\u00e9es de l\u2019espace a\u00e9rien par les forces fran\u00e7aises. Ces actes d\u2019agression d\u2019une extr\u00eame gravit\u00e9 ne doivent pas rester sans suite.&nbsp;Le gouvernement renouvelle sa demande d\u2019une r\u00e9union sp\u00e9cifique du Conseil de s\u00e9curit\u00e9.<\/p>\n\n\n\n<p>Le gouvernement malien regrette que le Secr\u00e9tariat g\u00e9n\u00e9ral rapporte \u00ab&nbsp;<em>dans un document officiel des all\u00e9gations graves, sans v\u00e9rification minutieuse, qui sont sans fondement.&nbsp;&nbsp;De telles all\u00e9gations ternissent l\u2019image du Mali, sapent le moral des troupes en op\u00e9ration et dressent, sans aucune base r\u00e9elle, la communaut\u00e9 internationale contre la volont\u00e9 des autorit\u00e9s de Transition de lib\u00e9rer le territoire national du joug terroriste&nbsp;<\/em>\u00bb, pr\u00e9cise le gouvernement.<\/p>\n\n\n\n<p>Face \u00e0 ces situations, Bamako invite le Secr\u00e9tariat des Nations Unies \u00e0 s\u2019\u00e9carter de cette posture n\u00e9gative et hostile et \u00e0 s\u2019inscrire dans la d\u00e9marche qui justifie sa pr\u00e9sence au Mali : aider les Maliennes et les Maliens \u00e0 faire face et \u00e0 surmonter les difficult\u00e9s en lien avec la crise s\u00e9curitaire.<\/p>\n\n\n\n<p><strong>L\u2019obligation pour la Minusma de coop\u00e9rer<\/strong><\/p>\n\n\n\n<p>Restreindre les mouvements de mission onusienne&nbsp;? Contrairement aux informations contenues dans le rapport, le gouvernement pr\u00e9cise qu\u2019il n\u2019existe aucune volont\u00e9 de restreindre les mouvements de la Minusma sur le terrain.&nbsp;\u00ab&nbsp;<em>Il y a plut\u00f4t une volont\u00e9 de coordination des actions avec la Minusma. Le gouvernement a \u00e9t\u00e9 amen\u00e9 \u00e0 prendre certaines mesures pour les besoins de planification, de coordination et de s\u00e9curit\u00e9 nationale<\/em>&nbsp;\u00bb, avant de rappeler que le rapport ne pr\u00e9cise pas le contexte dans lequel ces restrictions sont survenues afin de permettre d\u2019apporter une r\u00e9ponse appropri\u00e9e \u00e0 ces all\u00e9gations.<\/p>\n\n\n\n<p>Pour le gouvernement, certaines restrictions interviennent lorsque les FAMa sont en op\u00e9ration et cela pour la s\u00e9curit\u00e9 des riverains. Il pr\u00e9cise que dans le cadre de l\u2019op\u00e9ration militaire engag\u00e9e au centre, une zone d\u2019interdiction temporaire a \u00e9t\u00e9 cr\u00e9\u00e9e pour \u00e9viter les incidents, notamment avec la Minusma&nbsp;:&nbsp;\u00ab&nbsp;<em>La cr\u00e9ation de cette zone d\u2019interdiction est l\u2019affirmation de la souverainet\u00e9 de l\u2019\u00c9tat malien. Au lendemain du d\u00e9part de la Force Barkhane du Mali, il a \u00e9t\u00e9 d\u00e9cid\u00e9 que la protection de la force onusienne soit assur\u00e9e par les FAMa. Ainsi, pour faciliter les d\u00e9placements a\u00e9riens de la Minusma, une d\u00e9rogation mensuelle lui a \u00e9t\u00e9 accord\u00e9e. Cette d\u00e9rogation consiste \u00e0 adresser une demande de vol \u00e0 la partie malienne, qui n\u2019a jamais fait l\u2019objet de refus. Il est aussi indiqu\u00e9 \u00e0 tous les partenaires, y compris la Minusma, d\u2019adresser \u00e0 l\u2019Arm\u00e9e de l\u2019Air, une demande 36 heures avant tout vol<\/em>&nbsp;\u00bb.<\/p>\n\n\n\n<p>Concernant l\u2019affaire des soldats ivoiriens arr\u00eat\u00e9s au Mali, Bamako pr\u00e9cise que le dossier suit d\u00e9sormais son cours judiciaire, mais aussi qu\u2019il reste ouvert \u00e0 une solution diplomatique, dans l\u2019esprit des relations fraternelles et de bon voisinage qui ont toujours caract\u00e9ris\u00e9 les liens entre le Mali et la C\u00f4te d\u2019Ivoire.&nbsp;\u00ab&nbsp;<em>La meilleure illustration de cette bonne disposition des plus hautes autorit\u00e9s maliennes est l\u2019accord de l\u2019offre de m\u00e9diation du Pr\u00e9sident togolais, qui a d\u00e9j\u00e0 permis la lib\u00e9ration, pour raisons humanitaires, de 3 soldats femmes ; le Mali a re\u00e7u tous les \u00e9missaires et toutes les missions de bons offices, y compris la d\u00e9l\u00e9gation de Chefs d\u2019\u00c9tat d\u00e9p\u00each\u00e9e par le Sommet de la CEDEAO tenu \u00e0 New York, en marge de la semaine de haut niveau de la 77<sup>\u00e8me<\/sup>&nbsp;&nbsp;session de l\u2019Assembl\u00e9e g\u00e9n\u00e9rale des Nations Unies&nbsp;\u00bb, pr\u00e9cise le M\u00e9morandum.&nbsp;<\/em>En outre, le Mali invite les responsables des organisations internationales \u00e0 \u00e9viter tout parti pris, et \u00e0 plut\u00f4t inscrire leurs d\u00e9marches dans une approche constructive<em>. \u00ab&nbsp;C\u2019est surtout ce qui est attendu de nos partenaires, y compris les Nations Unies&nbsp;<\/em>\u00bb, r\u00e9v\u00e8le le document du gouvernement.<\/p>\n\n\n\n<p>Conform\u00e9ment \u00e0 son mandat, le Gouvernement du Mali invite la MINUSMA \u00e0 pleinement coop\u00e9rer avec la partie malienne, en vue de l\u2019efficacit\u00e9 des actions communes sur le terrain.<\/p>\n\n\n\n<p>Pour conclure, le gouvernement malien assure que malgr\u00e9 la complexit\u00e9 de la situation socio-\u00e9conomique, politique et s\u00e9curitaire actuelle du Mali ainsi que des enjeux g\u00e9ostrat\u00e9giques propres \u00e0 la r\u00e9gion du Sahel, le gouvernement poursuit les efforts avec ses moyens pour assurer l\u2019int\u00e9grit\u00e9 de son territoire national et la s\u00e9curit\u00e9 des personnes et de leurs biens dans le strict respect des droits de l\u2019homme et du droit humanitaire international&nbsp;:&nbsp;\u00ab&nbsp;<em>Conform\u00e9ment \u00e0 son mandat, le gouvernement invite la Minusma \u00e0 pleinement coop\u00e9rer avec la partie malienne, en vue de l\u2019efficacit\u00e9 des actions communes sur le terrain. Dans la perspective du renforcement de ladite coop\u00e9ration, le gouvernement invite \u00e9galement la Minusma \u00e0 recentrer sa mission sur les fondements de sa pr\u00e9sence au Mali, notamment le soutien \u00e0 la restauration de l\u2019autorit\u00e9 de l\u2019\u00c9tat sur l\u2019ensemble du territoire ; la protection des populations civiles ; une meilleure articulation&nbsp;avec les services comp\u00e9tents maliens et son appui \u00e0 la mise en \u0153uvre de l\u2019Accord&nbsp;<\/em>\u00bb.<\/p>\n\n\n\n<p><strong>Cyrille Coulibaly<\/strong><\/p>\n\n\n\n<p><strong>Le Nouveau  R\u00e9veil<\/strong><\/p>\n","protected":false},"excerpt":{"rendered":"<p>Suite \u00e0 la publication du Rapport trimestriel du Secr\u00e9taire g\u00e9n\u00e9ral des Nations Unies sur la situation au Mali, couvrant la p\u00e9riode du 03 juin au 19 septembre 2022, Le gouvernement&hellip;<\/p>\n","protected":false},"author":1,"featured_media":9428,"comment_status":"open","ping_status":"closed","sticky":false,"template":"","format":"standard","meta":{"content-type":"","_lmt_disableupdate":"","_lmt_disable":"","_jetpack_memberships_contains_paid_content":false,"footnotes":"","jetpack_publicize_message":"","jetpack_publicize_feature_enabled":true,"jetpack_social_post_already_shared":true,"jetpack_social_options":{"image_generator_settings":{"template":"highway","default_image_id":0,"font":"","enabled":false},"version":2}},"categories":[81,59,21],"tags":[],"class_list":["post-9425","post","type-post","status-publish","format-standard","has-post-thumbnail","hentry","category-le-nouveau-reveil","category-nations-unies","category-societe"],"jetpack_publicize_connections":[],"featured_image_urls":{"full":"","thumbnail":"","medium":"","medium_large":"","large":"","1536x1536":"","2048x2048":"","penci-recipe-1200x1200":"","penci-recipe-1200x900":"","penci-recipe-1200x675":"","penci-single-full":"","penci-slider-full-thumb":"","penci-full-thumb":"","penci-slider-thumb":"","penci-magazine-slider":"","penci-thumb":"","penci-masonry-thumb":"","penci-thumb-square":"","penci-thumb-vertical":"","penci-thumb-small":""},"author_info":{"display_name":"Nandi","author_link":"https:\/\/nandi.info\/?author=1"},"category_info":"<a href=\"https:\/\/nandi.info\/?cat=81\" rel=\"category\">Le Nouveau R\u00e9veil<\/a> <a href=\"https:\/\/nandi.info\/?cat=59\" rel=\"category\">Nations Unies<\/a> <a href=\"https:\/\/nandi.info\/?cat=21\" rel=\"category\">Soci\u00e9t\u00e9<\/a>","tag_info":"Soci\u00e9t\u00e9","comment_count":"0","jetpack_featured_media_url":"","jetpack_sharing_enabled":true,"_links":{"self":[{"href":"https:\/\/nandi.info\/index.php?rest_route=\/wp\/v2\/posts\/9425","targetHints":{"allow":["GET"]}}],"collection":[{"href":"https:\/\/nandi.info\/index.php?rest_route=\/wp\/v2\/posts"}],"about":[{"href":"https:\/\/nandi.info\/index.php?rest_route=\/wp\/v2\/types\/post"}],"author":[{"embeddable":true,"href":"https:\/\/nandi.info\/index.php?rest_route=\/wp\/v2\/users\/1"}],"replies":[{"embeddable":true,"href":"https:\/\/nandi.info\/index.php?rest_route=%2Fwp%2Fv2%2Fcomments&post=9425"}],"version-history":[{"count":0,"href":"https:\/\/nandi.info\/index.php?rest_route=\/wp\/v2\/posts\/9425\/revisions"}],"wp:featuredmedia":[{"embeddable":true,"href":"https:\/\/nandi.info\/index.php?rest_route=\/"}],"wp:attachment":[{"href":"https:\/\/nandi.info\/index.php?rest_route=%2Fwp%2Fv2%2Fmedia&parent=9425"}],"wp:term":[{"taxonomy":"category","embeddable":true,"href":"https:\/\/nandi.info\/index.php?rest_route=%2Fwp%2Fv2%2Fcategories&post=9425"},{"taxonomy":"post_tag","embeddable":true,"href":"https:\/\/nandi.info\/index.php?rest_route=%2Fwp%2Fv2%2Ftags&post=9425"}],"curies":[{"name":"wp","href":"https:\/\/api.w.org\/{rel}","templated":true}]}}