{"id":9395,"date":"2022-10-25T12:19:43","date_gmt":"2022-10-25T10:19:43","guid":{"rendered":"https:\/\/nandi.info\/?p=9395"},"modified":"2022-10-25T12:19:43","modified_gmt":"2022-10-25T10:19:43","slug":"boad-le-mali-sollicite-le-remplacement-de-moustapha-ben-barka","status":"publish","type":"post","link":"https:\/\/nandi.info\/?p=9395","title":{"rendered":"BOAD : Le Mali sollicite le remplacement de Moustapha Ben Barka"},"content":{"rendered":"\n<p><strong>Dakar, la capitale s\u00e9n\u00e9galaise a servi de cadre au Conseil des ministres de l\u2019Uemoa le 30 septembre 2022, parmi les nombreuses questions discut\u00e9es \u00e0 huis clos, la demande a fait l\u2019objet d\u2019une discussion, le souhait des autorit\u00e9s maliennes de remplacer l\u2019actuel vice-pr\u00e9sident de la Banque ouest-africaine de d\u00e9veloppement (Boad), le Malien Moustapha Ben Barka. Le conseil des ministres \u00e9tait pr\u00e9sid\u00e9 par le Togolais Sani Yaya.<\/strong><\/p>\n\n\n\n<p class=\"has-drop-cap\">Selon le magazine Jeune Afrique, les autorit\u00e9s de la transition voudraient le remplacement de Moustapha Ben Barka au poste de deuxi\u00e8me vice-pr\u00e9sident de la Banque ouest-africaine de d\u00e9veloppement (Boad).<\/p>\n\n\n\n<p>L\u2019ancien secr\u00e9taire g\u00e9n\u00e9ral de la pr\u00e9sidence du Mali sous le r\u00e9gime d\u00e9chu d\u2019IBK repr\u00e9sentait le Mali \u00e0 ce poste depuis 2020. Vis\u00e9, \u00e0 la demande de la justice malienne, par une notice rouge d\u2019Interpol dans le cadre de l\u2019affaire de l\u2019acquisition de l\u2019avion pr\u00e9sidentiel d\u2019Ibrahim Boubacar Ke\u00efta, Moustapha Ben Barka, num\u00e9ro deux de cette institution r\u00e9gionale, avait \u00e9t\u00e9 bri\u00e8vement interpell\u00e9 \u00e0 Paris \u00e0 la mi-septembre.<\/p>\n\n\n\n<p>Selon les informations de Jeune Afrique, les autorit\u00e9s maliennes voudraient le voir remplac\u00e9 par Abdoulaye Daff\u00e9, ancien patron de la Banque de d\u00e9veloppement du Mali (BDM) et ancien ministre des Finances au Mali.<\/p>\n\n\n\n<p><strong>Issa Djiguiba<\/strong><\/p>\n","protected":false},"excerpt":{"rendered":"<p>Dakar, la capitale s\u00e9n\u00e9galaise a servi de cadre au Conseil des ministres de l\u2019Uemoa le 30 septembre 2022, parmi les nombreuses questions discut\u00e9es \u00e0 huis clos, la demande a fait&hellip;<\/p>\n","protected":false},"author":1,"featured_media":9396,"comment_status":"open","ping_status":"closed","sticky":false,"template":"","format":"standard","meta":{"content-type":"","_lmt_disableupdate":"","_lmt_disable":"","_jetpack_memberships_contains_paid_content":false,"footnotes":"","jetpack_publicize_message":"","jetpack_publicize_feature_enabled":true,"jetpack_social_post_already_shared":true,"jetpack_social_options":{"image_generator_settings":{"template":"highway","default_image_id":0,"font":"","enabled":false},"version":2}},"categories":[71,23],"tags":[],"class_list":["post-9395","post","type-post","status-publish","format-standard","has-post-thumbnail","hentry","category-le-pays","category-politique"],"jetpack_publicize_connections":[],"featured_image_urls":{"full":"","thumbnail":"","medium":"","medium_large":"","large":"","1536x1536":"","2048x2048":"","penci-recipe-1200x1200":"","penci-recipe-1200x900":"","penci-recipe-1200x675":"","penci-single-full":"","penci-slider-full-thumb":"","penci-full-thumb":"","penci-slider-thumb":"","penci-magazine-slider":"","penci-thumb":"","penci-masonry-thumb":"","penci-thumb-square":"","penci-thumb-vertical":"","penci-thumb-small":""},"author_info":{"display_name":"Nandi","author_link":"https:\/\/nandi.info\/?author=1"},"category_info":"<a href=\"https:\/\/nandi.info\/?cat=71\" rel=\"category\">Le Pays<\/a> <a href=\"https:\/\/nandi.info\/?cat=23\" rel=\"category\">Politique<\/a>","tag_info":"Politique","comment_count":"0","jetpack_featured_media_url":"","jetpack_sharing_enabled":true,"_links":{"self":[{"href":"https:\/\/nandi.info\/index.php?rest_route=\/wp\/v2\/posts\/9395","targetHints":{"allow":["GET"]}}],"collection":[{"href":"https:\/\/nandi.info\/index.php?rest_route=\/wp\/v2\/posts"}],"about":[{"href":"https:\/\/nandi.info\/index.php?rest_route=\/wp\/v2\/types\/post"}],"author":[{"embeddable":true,"href":"https:\/\/nandi.info\/index.php?rest_route=\/wp\/v2\/users\/1"}],"replies":[{"embeddable":true,"href":"https:\/\/nandi.info\/index.php?rest_route=%2Fwp%2Fv2%2Fcomments&post=9395"}],"version-history":[{"count":0,"href":"https:\/\/nandi.info\/index.php?rest_route=\/wp\/v2\/posts\/9395\/revisions"}],"wp:featuredmedia":[{"embeddable":true,"href":"https:\/\/nandi.info\/index.php?rest_route=\/"}],"wp:attachment":[{"href":"https:\/\/nandi.info\/index.php?rest_route=%2Fwp%2Fv2%2Fmedia&parent=9395"}],"wp:term":[{"taxonomy":"category","embeddable":true,"href":"https:\/\/nandi.info\/index.php?rest_route=%2Fwp%2Fv2%2Fcategories&post=9395"},{"taxonomy":"post_tag","embeddable":true,"href":"https:\/\/nandi.info\/index.php?rest_route=%2Fwp%2Fv2%2Ftags&post=9395"}],"curies":[{"name":"wp","href":"https:\/\/api.w.org\/{rel}","templated":true}]}}