{"id":9390,"date":"2022-10-25T11:50:31","date_gmt":"2022-10-25T09:50:31","guid":{"rendered":"https:\/\/nandi.info\/?p=9390"},"modified":"2022-10-25T11:50:31","modified_gmt":"2022-10-25T09:50:31","slug":"securite-sociale-les-caisses-du-mali-au-forum-mondial","status":"publish","type":"post","link":"https:\/\/nandi.info\/?p=9390","title":{"rendered":"S\u00e9curit\u00e9 Sociale :&nbsp;Les Caisses du MALI au Forum Mondial&nbsp;"},"content":{"rendered":"\n<p class=\"has-drop-cap\">Quelques 1.200 participants venus de 150 pays, ont assist\u00e9 ce lundi 24 octobre 2022, \u00e0 Marrakech (Maroc) \u00e0 la c\u00e9r\u00e9monie d\u2019ouverture du 4\u00e8me Forum Mondial de la S\u00e9curit\u00e9 Sociale.&nbsp;<\/p>\n\n\n\n<p>Ce rendez-vous d\u2019envergure de cinq (5) jours est organis\u00e9 par l\u2019AISS (Association International de la S\u00e9curit\u00e9 Sociale), plac\u00e9 sous le haut patronage de sa Majest\u00e9 le roi Mohamed VI.<\/p>\n\n\n\n<p>Il a pour but d\u2019examiner les strat\u00e9gies de r\u00e9formes des syst\u00e8mes de s\u00e9curit\u00e9 sociale et d\u2019\u00e9changer sur les standards et solutions innovantes en la mati\u00e8re.&nbsp;<\/p>\n\n\n\n<p>Prennent part \u00e0 cette rencontre : des officiels marocains et des pays membres de l\u2019AISS, des pr\u00e9sidents et&nbsp; directeurs g\u00e9n\u00e9raux d\u2019\u00e9tablissements et organismes nationaux et internationaux, et des experts internationaux&nbsp; en mati\u00e8re de s\u00e9curit\u00e9 sociale.&nbsp;&nbsp;<\/p>\n\n\n\n<p>Le Mali est pr\u00e9sent avec les Directeurs G\u00e9n\u00e9raux de la CANAM (m\u00e9decin G\u00e9n\u00e9ral de Brigade Boubacar Demb\u00e9l\u00e9), de la CMSS (Issiaka Kon\u00e9), le Directeur G\u00e9n\u00e9ral de l\u2019ANAM (Hameth Ben H Traor\u00e9), le Directeur G\u00e9n\u00e9ral Adjoint de l\u2019INPS (Dr Mamadou Diakit\u00e9), le Coordinateur du Projet Acc\u00e9l\u00e9rer les Progr\u00e8s vers la Couverture Sanitaire Universelle, PACSU (Dr. Ousmane Diallo). Ils sont accompagn\u00e9s par leurs techniciens respectifs.&nbsp;<\/p>\n\n\n\n<figure class=\"wp-block-image size-large\"><img decoding=\"async\" src=\"https:\/\/nandi.info\/wp-content\/uploads\/2022\/10\/Securite-Sociale-Les-Caisses-du-MALI-au-Forum-Mondial-1-1024x575.jpg\" alt=\"\" class=\"wp-image-9391\"\/><\/figure>\n\n\n\n<p>Ce mercredi 26 octobre 2022, le Directeur G\u00e9n\u00e9ral de la CANAM animera un panel dont le th\u00e8me est \u00ab Lignes directrices de l\u2019AISS en mati\u00e8re de solutions administratives pour l\u2019extension de la couverture \u00bb.<\/p>\n\n\n\n<p>Cet espace d\u2019expression aura pour mod\u00e9rateur M. S\u00e9verin Maxime Anguil\u00e9, Directeur g\u00e9n\u00e9ral de la Caisse nationale d&rsquo;assurance maladie et de garantie sociale du Gabon. L\u2019orateur a pour nom M. Patrick Marx Expert protection sociale internationale \u00e0 l\u2019arm\u00e9e Ecole nationale sup\u00e9rieure de s\u00e9curit\u00e9 sociale (EN3S, Saint-\u00c9tienne, France).<\/p>\n\n\n\n<p><strong>Depuis Marrakech&nbsp;<\/strong><\/p>\n\n\n\n<p><strong>Ibrahim GUINDO<\/strong><\/p>\n\n\n\n<p><strong>Conseiller Technique, CANAM<\/strong><\/p>\n","protected":false},"excerpt":{"rendered":"<p>Quelques 1.200 participants venus de 150 pays, ont assist\u00e9 ce lundi 24 octobre 2022, \u00e0 Marrakech (Maroc) \u00e0 la c\u00e9r\u00e9monie d\u2019ouverture du 4\u00e8me Forum Mondial de la S\u00e9curit\u00e9 Sociale.&nbsp; Ce&hellip;<\/p>\n","protected":false},"author":1,"featured_media":9393,"comment_status":"open","ping_status":"closed","sticky":false,"template":"","format":"standard","meta":{"content-type":"","_lmt_disableupdate":"","_lmt_disable":"","_jetpack_memberships_contains_paid_content":false,"footnotes":"","jetpack_publicize_message":"","jetpack_publicize_feature_enabled":true,"jetpack_social_post_already_shared":true,"jetpack_social_options":{"image_generator_settings":{"template":"highway","default_image_id":0,"font":"","enabled":false},"version":2}},"categories":[43,92,21],"tags":[],"class_list":["post-9390","post","type-post","status-publish","format-standard","has-post-thumbnail","hentry","category-nandi-info","category-slider","category-societe"],"jetpack_publicize_connections":[],"featured_image_urls":{"full":"","thumbnail":"","medium":"","medium_large":"","large":"","1536x1536":"","2048x2048":"","penci-recipe-1200x1200":"","penci-recipe-1200x900":"","penci-recipe-1200x675":"","penci-single-full":"","penci-slider-full-thumb":"","penci-full-thumb":"","penci-slider-thumb":"","penci-magazine-slider":"","penci-thumb":"","penci-masonry-thumb":"","penci-thumb-square":"","penci-thumb-vertical":"","penci-thumb-small":""},"author_info":{"display_name":"Nandi","author_link":"https:\/\/nandi.info\/?author=1"},"category_info":"<a href=\"https:\/\/nandi.info\/?cat=43\" rel=\"category\">Nandi.info<\/a> <a href=\"https:\/\/nandi.info\/?cat=92\" rel=\"category\">Slider<\/a> <a href=\"https:\/\/nandi.info\/?cat=21\" rel=\"category\">Soci\u00e9t\u00e9<\/a>","tag_info":"Soci\u00e9t\u00e9","comment_count":"0","jetpack_featured_media_url":"","jetpack_sharing_enabled":true,"_links":{"self":[{"href":"https:\/\/nandi.info\/index.php?rest_route=\/wp\/v2\/posts\/9390","targetHints":{"allow":["GET"]}}],"collection":[{"href":"https:\/\/nandi.info\/index.php?rest_route=\/wp\/v2\/posts"}],"about":[{"href":"https:\/\/nandi.info\/index.php?rest_route=\/wp\/v2\/types\/post"}],"author":[{"embeddable":true,"href":"https:\/\/nandi.info\/index.php?rest_route=\/wp\/v2\/users\/1"}],"replies":[{"embeddable":true,"href":"https:\/\/nandi.info\/index.php?rest_route=%2Fwp%2Fv2%2Fcomments&post=9390"}],"version-history":[{"count":0,"href":"https:\/\/nandi.info\/index.php?rest_route=\/wp\/v2\/posts\/9390\/revisions"}],"wp:featuredmedia":[{"embeddable":true,"href":"https:\/\/nandi.info\/index.php?rest_route=\/"}],"wp:attachment":[{"href":"https:\/\/nandi.info\/index.php?rest_route=%2Fwp%2Fv2%2Fmedia&parent=9390"}],"wp:term":[{"taxonomy":"category","embeddable":true,"href":"https:\/\/nandi.info\/index.php?rest_route=%2Fwp%2Fv2%2Fcategories&post=9390"},{"taxonomy":"post_tag","embeddable":true,"href":"https:\/\/nandi.info\/index.php?rest_route=%2Fwp%2Fv2%2Ftags&post=9390"}],"curies":[{"name":"wp","href":"https:\/\/api.w.org\/{rel}","templated":true}]}}