{"id":9384,"date":"2022-10-24T17:02:19","date_gmt":"2022-10-24T15:02:19","guid":{"rendered":"https:\/\/nandi.info\/?p=9384"},"modified":"2022-10-24T17:02:19","modified_gmt":"2022-10-24T15:02:19","slug":"burkina-faso-les-engagements-du-capitaine-ibrahim-traore","status":"publish","type":"post","link":"https:\/\/nandi.info\/?p=9384","title":{"rendered":"Burkina Faso : Les engagements du capitaine Ibrahim Traor\u00e9"},"content":{"rendered":"\n<p><strong>D\u00e9sign\u00e9 pr\u00e9sident de la transition lors des derni\u00e8res consultations, le capitaine Ibrahim Traor\u00e9 a pr\u00eat\u00e9 serment vendredi dernier devant le Conseil constitutionnel. Dans son allocution, le nouvel homme fort du Faso a pris plusieurs engagements, surtout dans le domaine de la lutte contre l\u2019ins\u00e9curit\u00e9.<\/strong><\/p>\n\n\n\n<p><strong>Lisez son discours&nbsp;!<\/strong><\/p>\n\n\n\n<p>Monsieur le Pr\u00e9sident par int\u00e9rim du Conseil constitutionnel,<\/p>\n\n\n\n<p>Mesdames et messieurs les Pr\u00e9sidents d\u2019institutions,<\/p>\n\n\n\n<p>Monsieur le Chef d\u2019\u00c9tat-major g\u00e9n\u00e9ral des arm\u00e9es,<\/p>\n\n\n\n<p>Mesdames et messieurs les Conseillers membres du Conseil constitutionnel,<\/p>\n\n\n\n<p>Autorit\u00e9s militaires, paramilitaires,<\/p>\n\n\n\n<p>Autorit\u00e9s coutumi\u00e8res et religieuses,<\/p>\n\n\n\n<p>Distingu\u00e9s invit\u00e9s, mesdames et messieurs<\/p>\n\n\n\n<p>Je n\u2019irai pas vous faire un discours ce matin, je vous parlerai \u00e0 mes propres mots, du fond de mon c\u0153ur, en ayant pour main courante des id\u00e9es du message que j\u2019ai \u00e0 vous porter.<\/p>\n\n\n\n<p>Monsieur le Pr\u00e9sident du Conseil constitutionnel,<\/p>\n\n\n\n<p>Mesdames et messieurs les membres du Constitutionnel,<\/p>\n\n\n\n<p>Distingu\u00e9s invit\u00e9s,<\/p>\n\n\n\n<p>Peuple combattant du Burkina Faso<\/p>\n\n\n\n<p>Il me sied ici de rappeler les circonstances dans lesquelles la crise du 30 septembre est intervenue. Sur ce, nous voyons tous cette situation s\u00e9curitaire et humanitaire d\u00e9gradante dans laquelle vivait notre Nation. Celle-ci nous a conduit en janvier dernier \u00e0 poser des actes anticonstitutionnels pour redresser et redonner vie \u00e0 cette Nation. L\u2019objectif de l\u2019av\u00e8nement du Mouvement patriotique pour la Sauvegarde et la Restauration \u00e9tait de prendre notre destin en main.<\/p>\n\n\n\n<p>Cependant, depuis le 24 janvier jusqu\u2019au 30 septembre, nous avons pu constater des d\u00e9rives qui ont conduit encore au 30 septembre \u00e0 un recadrage de cette Transition. C\u2019est pourquoi, une fois de plus, comme nous l\u2019a inculqu\u00e9 un de nos devanciers, cit\u00e9 par le Pr\u00e9sident par int\u00e9rim du Conseil constitutionnel, le Capitaine Thomas SANKARA, il le disait, nous avons d\u00e9cid\u00e9 en toute \u00e2me et conscience, devant l\u2019histoire d\u2019assumer notre r\u00e9volte.<\/p>\n\n\n\n<p>Cette r\u00e9volte est celle des milliers de personnes d\u00e9plac\u00e9es internes, cette r\u00e9volte est celle des soldats au front, qui d\u00e9fient donc continuellement et courageusement l\u2019ennemi qui se cachait et qui ne se cache plus. Cette guerre, que nous avons longtemps d\u00e9cri\u00e9e d\u2019\u00eatre une guerre non conventionnelle, mais aujourd\u2019hui, nous pouvons nous assurer que nous avons une arm\u00e9e en face.<\/p>\n\n\n\n<p>Cette r\u00e9volte est aussi celle des Volontaires pour la d\u00e9fense de la patrie, qui payent \u00e9galement le lourd tribut, mais qui d\u00e9fendent corps et \u00e2me cette patrie. Cette r\u00e9volte est celle de nos fr\u00e8res et s\u0153urs des localit\u00e9s afflig\u00e9es. Elle est enfin celle de tous les Burkinab\u00e8 de l\u2019int\u00e9rieur et de l\u2019ext\u00e9rieur, qui conscients de l\u2019ab\u00eeme dans laquelle \u00e9tait la Nation, nous ont conduit \u00e0 nous assumer.<\/p>\n\n\n\n<p>Je ne saurais continuer sans pr\u00e9senter nos condol\u00e9ances aux familles \u00e9plor\u00e9es pour les tomb\u00e9es de ces \u00e9v\u00e9nements du 30 septembre, souhaiter \u00e9galement prompt r\u00e9tablissement aux bless\u00e9s, \u00e0 toute personne qui a \u00e9t\u00e9 victime de ces \u00e9v\u00e8nements des 30 septembre, 1er et 2 octobre. J\u2019aimerais aussi dire que ces \u00e9v\u00e8nements sont leur r\u00e9volte \u00e0 eux, nous leur rendons hommage.<\/p>\n\n\n\n<p>En outre, j\u2019aimerais bien saluer ici et devant tout le monde, les autorit\u00e9s coutumi\u00e8res, religieuses, toutes les notabilit\u00e9s qui n\u2019ont m\u00e9nag\u00e9 aucun effort, au cours de ces \u00e9v\u00e8nements pour que nous \u00e9vitions le pire. Je les remercie du fond du c\u0153ur pour leurs contributions \u00e0 apaiser les tensions, \u00e0 ce qu\u2019il y ait un d\u00e9nouement pacifique de la situation. Merci encore \u00e0 toutes ces notabilit\u00e9s, \u00e0 toutes ces autorit\u00e9s.<\/p>\n\n\n\n<p>Le contexte dans lequel est notre Nation est assez difficile \u00e0 d\u00e9crire, l\u2019existence m\u00eame de la Nation est en p\u00e9ril. Sur ce peuple combattant du Burkina Faso, nous sommes confront\u00e9s \u00e0 une crise s\u00e9curitaire et humanitaire sans pr\u00e9c\u00e9dent. Je souhaiterais que chacun prenne conscience de cette situation et que nous puissions sortir de l\u00e0 grandis et plus soud\u00e9s. Au-del\u00e0 du fait qu\u2019une grande partie de notre territoire \u00e9chappe \u00e0 notre contr\u00f4le, des milliers de nos concitoyens se retrouvent donc refugi\u00e9s dans leur propre pays, ceux que nous avons appel\u00e9s pendant longtemps des PDI, Personnes d\u00e9plac\u00e9es internes.<\/p>\n\n\n\n<p>Je souhaiterais donc vous rappeler l\u00e0 nos objectifs qui ne sont autres que la reconqu\u00eate du territoire nationale occup\u00e9 par ces hordes de terroristes; nos objectifs ne sont autres que de donner un souffle de vie nouveau \u00e0 tous ces compatriotes afflig\u00e9s par ce conflit.<\/p>\n\n\n\n<p>C\u2019est aussi d\u2019envisager un d\u00e9veloppement endog\u00e8ne. Nous ne pouvons compter que sur nous-m\u00eames, en essayant de repenser profond\u00e9ment notre agriculture, notre \u00e9levage, notre technologie et en interrogeant le socle des actions de notre aspiration \u00e0 la prosp\u00e9rit\u00e9.<\/p>\n\n\n\n<p>Je voudrais rassurer, une fois de plus, nos partenaires et les pays amis du Burkina Faso que nous respecterons les engagements internationaux.<\/p>\n\n\n\n<p>Aucun sacrifice ne sera de trop pour sortir ce pays de la situation dans laquelle il se trouve. Donc notre engagement, c\u2019est pour un retour de la paix et notre boussole sera toujours ce peuple. C\u2019est ce qui va nous guider tout le long de ces vingt et un (21) mois.<\/p>\n\n\n\n<p>Sur ce, j\u2019appelle donc \u00e0 une mobilisation patriotique et populaire. J\u2019appelle tous les combattants du Burkina Faso ; jeunes, hommes, femmes, tous les notables coutumiers, religieux, tous les Burkinab\u00e8 de la diaspora dans leur diversit\u00e9 \u00e0 s\u2019unir, \u00e0 se lever et \u00e0 s\u2019engager pour une lutte, une lutte contre cette hydre terroriste qui, depuis quelques ann\u00e9es, ne fait que d\u00e9chirer le tissu social au Burkina Faso et nous emp\u00eache de vivre.<\/p>\n\n\n\n<p>J\u2019en appelle donc \u00e0 tous, que ce soit des villes non encore affect\u00e9es ou des campagnes au fin fond du Burkina, touch\u00e9es. Que tous nous nous unissions. Cette guerre n\u2019est pas uniquement une guerre des peuples hors de nos grandes villes. A l\u2019int\u00e9rieur des villes nous avons int\u00e9r\u00eat \u00e0 prendre conscience de la situation, \u00e0 nous lever, \u00e0 nous unir avec ces peuples afflig\u00e9s pour qu\u2019au Burkina Faso nous soyons un.<\/p>\n\n\n\n<p>Enfin donc, il faut que je vous rappelle ici, pour ma part, je serai engag\u00e9 \u00e0 vos c\u00f4t\u00e9s, aux c\u00f4t\u00e9s de tous les Burkinab\u00e8 sur les diff\u00e9rents fronts pour la lib\u00e9ration totale de notre territoire. Pour ma nation, je me battrai jusqu\u2019au dernier souffle. Et je vous appelle tous \u00e0 int\u00e9grer cela.<\/p>\n\n\n\n<p>Je souhaite r\u00e9it\u00e9rer ici, \u00e0 tous mes compatriotes, mes remerciements et, souhaiter que cet \u00e9lan qui nous a guid\u00e9s au cours de ces derniers jours, et que cette ferveur de la jeunesse soient encore plus grands dans la lutte contre le terrorisme.<\/p>\n\n\n\n<p>F\u00e9d\u00e9rons nos \u00e9nergies, unissons-nous pour de vrai. Soyons solidaires, soutenons-nous. Que vous soyez Burkinab\u00e8 de l\u2019ext\u00e9rieur ou de l\u2019int\u00e9rieur, chacun a sa contribution pour que ce pays sorte de l\u00e0 o\u00f9 il est.<\/p>\n\n\n\n<p>Ma conviction est certaine. Le Burkina a des hommes capables, le Burkina a des combattants et nous pouvons nous en sortir. Nous pouvons gagner cette bataille, nous pouvons gagner cette guerre. Je suis convaincu et je le dis, nous avons des combattants et nous le pouvons.<\/p>\n\n\n\n<p>Enfin ch\u00e8res Forces de d\u00e9fense et de s\u00e9curit\u00e9, paramilitaires, je vous invite et je nous invite \u00e0 nous unir et \u00e0 taire certaines querelles parce que l\u2019ennemi en face est beaucoup uni. Que chaque porteur de tenue puisse donner du sien et qu\u2019ensemble chacun puisse apporter sa contribution et que nous puissions vaincre dans les brefs d\u00e9lais. L\u2019ennemi n\u2019est pas au-dessus de nous. Si des Volontaires pour la d\u00e9fense de la patrie se sacrifient jour et nuit, nous porteurs de tenue nous n\u2019avons aucune raison que de nous unir, de les appuyer et d\u2019aller en rang pour vaincre.<\/p>\n\n\n\n<p>Sur ce, vive le Burkina Faso !<\/p>\n\n\n\n<p>La patrie ou la mort, nous vaincrons !<\/p>\n\n\n\n<p>Je vous remercie !<\/p>\n\n\n\n<p>\u201cSeul le prononc\u00e9 fait foi\u201d<\/p>\n\n\n\n<p><strong>NB\u00a0: le titre et le chap\u00f4 sont de notre r\u00e9daction<\/strong><\/p>\n\n\n\n<p><strong>Le Pays<\/strong><\/p>\n","protected":false},"excerpt":{"rendered":"<p>D\u00e9sign\u00e9 pr\u00e9sident de la transition lors des derni\u00e8res consultations, le capitaine Ibrahim Traor\u00e9 a pr\u00eat\u00e9 serment vendredi dernier devant le Conseil constitutionnel. Dans son allocution, le nouvel homme fort du&hellip;<\/p>\n","protected":false},"author":1,"featured_media":9385,"comment_status":"open","ping_status":"closed","sticky":false,"template":"","format":"standard","meta":{"content-type":"","_lmt_disableupdate":"","_lmt_disable":"","_jetpack_memberships_contains_paid_content":false,"footnotes":"","jetpack_publicize_message":"","jetpack_publicize_feature_enabled":true,"jetpack_social_post_already_shared":true,"jetpack_social_options":{"image_generator_settings":{"template":"highway","default_image_id":0,"font":"","enabled":false},"version":2}},"categories":[57,71],"tags":[],"class_list":["post-9384","post","type-post","status-publish","format-standard","has-post-thumbnail","hentry","category-international","category-le-pays"],"jetpack_publicize_connections":[],"featured_image_urls":{"full":"","thumbnail":"","medium":"","medium_large":"","large":"","1536x1536":"","2048x2048":"","penci-recipe-1200x1200":"","penci-recipe-1200x900":"","penci-recipe-1200x675":"","penci-single-full":"","penci-slider-full-thumb":"","penci-full-thumb":"","penci-slider-thumb":"","penci-magazine-slider":"","penci-thumb":"","penci-masonry-thumb":"","penci-thumb-square":"","penci-thumb-vertical":"","penci-thumb-small":""},"author_info":{"display_name":"Nandi","author_link":"https:\/\/nandi.info\/?author=1"},"category_info":"<a href=\"https:\/\/nandi.info\/?cat=57\" rel=\"category\">International<\/a> <a href=\"https:\/\/nandi.info\/?cat=71\" rel=\"category\">Le Pays<\/a>","tag_info":"Le Pays","comment_count":"0","jetpack_featured_media_url":"","jetpack_sharing_enabled":true,"_links":{"self":[{"href":"https:\/\/nandi.info\/index.php?rest_route=\/wp\/v2\/posts\/9384","targetHints":{"allow":["GET"]}}],"collection":[{"href":"https:\/\/nandi.info\/index.php?rest_route=\/wp\/v2\/posts"}],"about":[{"href":"https:\/\/nandi.info\/index.php?rest_route=\/wp\/v2\/types\/post"}],"author":[{"embeddable":true,"href":"https:\/\/nandi.info\/index.php?rest_route=\/wp\/v2\/users\/1"}],"replies":[{"embeddable":true,"href":"https:\/\/nandi.info\/index.php?rest_route=%2Fwp%2Fv2%2Fcomments&post=9384"}],"version-history":[{"count":0,"href":"https:\/\/nandi.info\/index.php?rest_route=\/wp\/v2\/posts\/9384\/revisions"}],"wp:featuredmedia":[{"embeddable":true,"href":"https:\/\/nandi.info\/index.php?rest_route=\/"}],"wp:attachment":[{"href":"https:\/\/nandi.info\/index.php?rest_route=%2Fwp%2Fv2%2Fmedia&parent=9384"}],"wp:term":[{"taxonomy":"category","embeddable":true,"href":"https:\/\/nandi.info\/index.php?rest_route=%2Fwp%2Fv2%2Fcategories&post=9384"},{"taxonomy":"post_tag","embeddable":true,"href":"https:\/\/nandi.info\/index.php?rest_route=%2Fwp%2Fv2%2Ftags&post=9384"}],"curies":[{"name":"wp","href":"https:\/\/api.w.org\/{rel}","templated":true}]}}