{"id":9355,"date":"2022-10-24T12:26:50","date_gmt":"2022-10-24T10:26:50","guid":{"rendered":"https:\/\/nandi.info\/?p=9355"},"modified":"2022-10-24T12:26:50","modified_gmt":"2022-10-24T10:26:50","slug":"le-capitaine-ibrahim-traore-est-porte-en-triomphe-a-la-presidence-du-faso-le-tombeur-de-damiba-ecrira-t-il-une-nouvelle-page-glorieuse-du-burkina-faso","status":"publish","type":"post","link":"https:\/\/nandi.info\/?p=9355","title":{"rendered":"<strong>Le capitaine Ibrahim Traore est port\u00e9 en triomphe \u00e0 la pr\u00e9sidence du Faso&nbsp;: <\/strong><strong>Le tombeur de Damiba \u00e9crira-t-il une nouvelle page glorieuse du Burkina Faso&nbsp;?<\/strong><strong><\/strong>"},"content":{"rendered":"\n<p><strong><em>Apr\u00e8s son choix \u00e0 l\u2019unanimit\u00e9 des d\u00e9l\u00e9gu\u00e9s pr\u00e9sents aux assisses nationales tenues le 14 octobre 2022, le capitaine Ibrahim Traor\u00e9 a \u00e9t\u00e9 investi par le Conseil Constitutionnel du Faso le vendredi 21 octobre 2022 pour pr\u00e9sider une transition de 21 mois. Le jeune capitaine qui rappelle fort opportun\u00e9ment deux autres capitaines, un du Faso, Thomas Sankara et un autre du Ghana, John Jerry Rawlings,&nbsp; est appel\u00e9, comme ses deux illustres devanciers \u00e0 \u00e9crire l\u2019une des pages les plus glorieuses de l\u2019histoire du Burkina Faso. Pays pauvre, enclav\u00e9 et en proie \u00e0 une ins\u00e9curit\u00e9 g\u00e9n\u00e9ralis\u00e9e et d\u2019une grande complexit\u00e9, les d\u00e9fis du jeune Capitaine et ses fr\u00e8res d\u2019armes qui ont pris le pouvoir, sont \u00e9normes. Pour les relever, les armes seules ne suffisent pas, il faut \u00e9galement du d\u00e9veloppement, bref d\u2019un bien-\u00eatre social. Le Capitaine Pr\u00e9sident fera-t-il mieux que ses deux pr\u00e9d\u00e9cesseurs, Kabore et Damiba&nbsp;? A quoi doit-on s\u2019attendre en cas d\u2019\u00e9chec&nbsp;?<\/em><\/strong><\/p>\n\n\n\n<p class=\"has-drop-cap\">Le Burkina Faso, comme le Mali et la Guin\u00e9e sont les trois pays de la sous-r\u00e9gion les plus instables \u00e0 cause des coups d\u2019\u00e9tats \u00e0 r\u00e9p\u00e9tition. Ces pays sont &nbsp;gouvern\u00e9s aujourd\u2019hui par des militaires qui se sont engag\u00e9s dans un processus de transition pour une sortie de crise, \u00e0 travers un retour \u00e0 l\u2019ordre constitutionnel. Ces p\u00e9riodes transitoires dont la dur\u00e9e varie selon qu\u2019on soit au Mali, au Burkina ou en Guin\u00e9e, doivent \u00eatre des moments des r\u00e9formes, mais aussi et surtout d\u2019espoirs pour des citoyens qui ne croient plus en leurs hommes politiques. Si le pays de Mamady Doumbouya \u00e9chappe pour l\u2019instant \u00e0 la horde terroriste, le Mali et le Burkina constituent l\u2019\u00e9picentre de la guerre contre les forces du mal. Une guerre asym\u00e9trique est impos\u00e9e \u00e0 des arm\u00e9es non initi\u00e9es et form\u00e9es pour la guerre conventionnelle d\u2019o\u00f9 &nbsp;la hardiesse et la complexit\u00e9 de la situation dans ces deux pays. En effet, l\u2019ins\u00e9curit\u00e9 a \u00e9t\u00e9 sans nul doute la principale raison du double coup d\u2019\u00e9tat perp\u00e9tr\u00e9 en moins de 8 mois au Burkina Faso. Le Lieutenant-Colonel Paul Henri Sandaogo Damiba a chass\u00e9 le Pr\u00e9sident d\u00e9mocratiquement \u00e9lu Roch Marc Christian Kabore et 8 mois de gestion calamiteuse de Damiba, ont suffi pour que le jeune capitaine Ibrahim Traor\u00e9 et ses hommes pour chasser \u00e0 leur tour le lieutenant-colonel Damiba. La m\u00eame cause &nbsp;semble produire le m\u00eame effet, ou encore le Coutoukou est tir\u00e9 il faut le boire. Le jeune Capitaine a pris les r\u00eanes du pouvoir, comme dit un adage Bambara, le cheval est l\u00e0, et l\u2019espace est l\u00e0, qu\u2019il prouve maintenant aux Burkinab\u00e8 que son ambition n\u2019\u00e9tait pas le pouvoir, mais la r\u00e9solution des probl\u00e8mes auxquels son peuple est confront\u00e9.<\/p>\n\n\n\n<p>Ainsi, fort d\u2019un soutien populaire, le Capitaine Ibrahim Traor\u00e9 vient d\u2019ajouter une nouvelle corde \u00e0 son arc en \u00e9tant &nbsp;investi, le vendredi 21 octobre 2022, &nbsp;dans ses fonctions de Pr\u00e9sident de la transition, chef de l\u2019Etat du Burkina Faso. Il a d\u00e9sormais les coud\u00e9es franches&nbsp; pour l\u00e9galement et dans une moindre mesure l\u00e9gitimement commencer \u00e0 s\u2019attaquer aux maux qui minent le Burkina Faso, qui sont entre autres l\u2019ins\u00e9curit\u00e9, le sous-d\u00e9veloppement avec son corolaire de pauvret\u00e9, de vie ch\u00e8re et de d\u00e9perdition scolaire. Il est fortement et urgemment attendu sur ces fronts. Pour y faire face &nbsp;il semble d\u00e9j\u00e0 donner le ton en proc\u00e9dant \u00e0 un recrutement massif au sein des forces de d\u00e9fense et de s\u00e9curit\u00e9 du Burkina Faso. Car en plus du manque d\u2019armes, l\u2019arm\u00e9e Burkinab\u00e9 est \u00e9galement confront\u00e9e \u00e0 un manque d\u2019effectif pour s\u00e9curiser le territoire du Faso. Ainsi pour pallier ce d\u00e9ficit de combattants, les autorit\u00e9s avaient souvent &nbsp;recours aux milices d\u2019auto-d\u00e9fense locales, appel\u00e9es VDP. Comme toutes les arm\u00e9es sous nos tropiques, celle du Faso est &nbsp;mal form\u00e9e ou du moins pas pr\u00e9par\u00e9e pour cette nouvelle guerre asym\u00e9trique.<\/p>\n\n\n\n<p>&nbsp;En effet, en prenant \u00e0 bras le corps le probl\u00e8me d\u2019effectif au sein de l\u2019arm\u00e9e, le Capitaine Traor\u00e9 aura non seulement mesur\u00e9 la gravit\u00e9 de la situation s\u00e9curitaire, mais aussi et surtout &nbsp;aura pris conscience que c\u2019est sur le plan s\u00e9curitaire qu\u2019il&nbsp; sera jug\u00e9. En tout cas en r\u00e9ussissant \u00e0 bouter hors des fronti\u00e8res burkinab\u00e9 les forces du mal, le Capitaine Traor\u00e9 enl\u00e8vera non seulement une grosse \u00e9pine du pied des Burkinab\u00e9 qui sont priv\u00e9s de leurs droits les plus \u00e9l\u00e9mentaires, comme ceux d\u2019aller et de venir, de vaquer librement \u00e0 leurs activit\u00e9s et surtout le droit \u00e0 l\u2019instruction, auquel des milliers d\u2019enfants burkinab\u00e9 sont priv\u00e9s. Mais aussi et surtout, en cas de succ\u00e8s, il \u00e9crira l\u2019une des pages les plus glorieuses de l\u2019histoire r\u00e9cente du Burkina Faso. Les d\u00e9fis sont \u00e9normes et les enjeux sont&nbsp; connus, il reste \u00e0 se donner les moyens pour &nbsp;leur r\u00e9solution. Cela passera par un don de soi, des sacrifices pour la patrie.<\/p>\n\n\n\n<p>En somme, les Burkinab\u00e8 sont \u00e0 la recherche d\u2019un autre h\u00e9ros et lib\u00e9rateur, \u00e0 l\u2019image du Capitaine Sankar\u00e9. Le Capitaine Traor\u00e9 sera-t-il cette denr\u00e9e rare&nbsp;? En tout cas la balle est dans son camp et qu\u2019il soit s\u00fbr d\u2019une chose, il&nbsp; rentrera dans l\u2019histoire quand il r\u00e9ussira \u00e0 bouter hors d\u2019\u00e9tat de nuire les forces obscurantistes. Le second d\u00e9fi apr\u00e8s la s\u00e9curit\u00e9 sera la bonne&nbsp; organisation et dans le d\u00e9lai imparti, des \u00e9lections libres, transparentes et cr\u00e9dibles dont les r\u00e9sultats seront accept\u00e9s par tous les acteurs. Pour rappel, le pr\u00e9alable \u00e0 toutes bonnes \u00e9lections \u00e9tant &nbsp;la mise en place d\u2019organes ind\u00e9pendants, fruits des r\u00e9formes majeures et inclusives, alors un autre challenge du jeune Capitaine sera la mise en place d\u2019institutions fortes.<\/p>\n\n\n\n<p>En d\u00e9finitive, Le capitaine Ibrahim Traor\u00e9, port\u00e9 en triomphe \u00e0 la pr\u00e9sidence du Faso, fort d\u2019un soutien populaire, doit pouvoir relever les d\u00e9fis auxquels le Burkina Faso est confront\u00e9. En tout cas son honneur et sa cr\u00e9dibilit\u00e9 en d\u00e9pendent. &nbsp;&nbsp;&nbsp;<\/p>\n\n\n\n<p><strong>Youssouf Sissoko &nbsp;&nbsp;&nbsp;&nbsp;&nbsp;&nbsp;&nbsp;&nbsp;&nbsp;&nbsp;&nbsp;&nbsp;&nbsp;&nbsp;&nbsp;<em>&nbsp;&nbsp;&nbsp;&nbsp;<\/em><\/strong><strong>&nbsp;<\/strong><\/p>\n","protected":false},"excerpt":{"rendered":"<p>Apr\u00e8s son choix \u00e0 l\u2019unanimit\u00e9 des d\u00e9l\u00e9gu\u00e9s pr\u00e9sents aux assisses nationales tenues le 14 octobre 2022, le capitaine Ibrahim Traor\u00e9 a \u00e9t\u00e9 investi par le Conseil Constitutionnel du Faso le&hellip;<\/p>\n","protected":false},"author":1,"featured_media":9357,"comment_status":"open","ping_status":"closed","sticky":false,"template":"","format":"standard","meta":{"content-type":"","_lmt_disableupdate":"","_lmt_disable":"","_jetpack_memberships_contains_paid_content":false,"footnotes":"","jetpack_publicize_message":"","jetpack_publicize_feature_enabled":true,"jetpack_social_post_already_shared":true,"jetpack_social_options":{"image_generator_settings":{"template":"highway","default_image_id":0,"font":"","enabled":false},"version":2}},"categories":[57,68],"tags":[],"class_list":["post-9355","post","type-post","status-publish","format-standard","has-post-thumbnail","hentry","category-international","category-lalternance"],"jetpack_publicize_connections":[],"featured_image_urls":{"full":"","thumbnail":"","medium":"","medium_large":"","large":"","1536x1536":"","2048x2048":"","penci-recipe-1200x1200":"","penci-recipe-1200x900":"","penci-recipe-1200x675":"","penci-single-full":"","penci-slider-full-thumb":"","penci-full-thumb":"","penci-slider-thumb":"","penci-magazine-slider":"","penci-thumb":"","penci-masonry-thumb":"","penci-thumb-square":"","penci-thumb-vertical":"","penci-thumb-small":""},"author_info":{"display_name":"Nandi","author_link":"https:\/\/nandi.info\/?author=1"},"category_info":"<a href=\"https:\/\/nandi.info\/?cat=57\" rel=\"category\">International<\/a> <a href=\"https:\/\/nandi.info\/?cat=68\" rel=\"category\">L'alternance<\/a>","tag_info":"L'alternance","comment_count":"0","jetpack_featured_media_url":"","jetpack_sharing_enabled":true,"_links":{"self":[{"href":"https:\/\/nandi.info\/index.php?rest_route=\/wp\/v2\/posts\/9355","targetHints":{"allow":["GET"]}}],"collection":[{"href":"https:\/\/nandi.info\/index.php?rest_route=\/wp\/v2\/posts"}],"about":[{"href":"https:\/\/nandi.info\/index.php?rest_route=\/wp\/v2\/types\/post"}],"author":[{"embeddable":true,"href":"https:\/\/nandi.info\/index.php?rest_route=\/wp\/v2\/users\/1"}],"replies":[{"embeddable":true,"href":"https:\/\/nandi.info\/index.php?rest_route=%2Fwp%2Fv2%2Fcomments&post=9355"}],"version-history":[{"count":0,"href":"https:\/\/nandi.info\/index.php?rest_route=\/wp\/v2\/posts\/9355\/revisions"}],"wp:featuredmedia":[{"embeddable":true,"href":"https:\/\/nandi.info\/index.php?rest_route=\/"}],"wp:attachment":[{"href":"https:\/\/nandi.info\/index.php?rest_route=%2Fwp%2Fv2%2Fmedia&parent=9355"}],"wp:term":[{"taxonomy":"category","embeddable":true,"href":"https:\/\/nandi.info\/index.php?rest_route=%2Fwp%2Fv2%2Fcategories&post=9355"},{"taxonomy":"post_tag","embeddable":true,"href":"https:\/\/nandi.info\/index.php?rest_route=%2Fwp%2Fv2%2Ftags&post=9355"}],"curies":[{"name":"wp","href":"https:\/\/api.w.org\/{rel}","templated":true}]}}