{"id":9340,"date":"2022-10-22T06:30:00","date_gmt":"2022-10-22T04:30:00","guid":{"rendered":"https:\/\/nandi.info\/?p=9340"},"modified":"2022-10-22T06:30:00","modified_gmt":"2022-10-22T04:30:00","slug":"ibrahima-ndiaye-dit-iba-homme-detat-et-politicien-xxl","status":"publish","type":"post","link":"https:\/\/nandi.info\/?p=9340","title":{"rendered":"<strong>Ibrahima Ndiaye dit Iba : Homme <\/strong><strong>d&rsquo;Etat et politicien XXL<\/strong><strong><\/strong>"},"content":{"rendered":"\n<p><strong>Le samedi 15 octobre 2022, en route pour rencontrer Ibrahima Ndiaye dit Iba, nous avons endur\u00e9 les embouteillages \u00e0 l&rsquo;aller comme au retour sur l&rsquo;axe Yirimadio. La raison ? Le pr\u00eacheur Ousmane Ch\u00e9rif Madani Ha\u00efdara proc\u00e9dait ce jour au Stade du 26-Mars \u00e0 la s\u00e9ance de b\u00e9n\u00e9dictions de l&rsquo;anniversaire du bapt\u00eame de notre Proph\u00e8te Mohammed (PSL). L&rsquo;int\u00e9r\u00eat de rencontrer un homme d&rsquo;Etat, et la satisfaction suscit\u00e9e par son interview nous permirent d&rsquo;\u00eatre patient et compr\u00e9hensif face \u00e0 l&rsquo;agressivit\u00e9 de certains fanatiques du guide spirituel.&nbsp; Notre h\u00e9ros de la semaine pour l&rsquo;animation de la rubrique \u00a0\u00bb Que sont-ils devenus ? \u00ab\u00a0, s&rsquo;appelle Iba Ndiaye.&nbsp; Un des acteurs principaux du Mouvement d\u00e9mocratique de 1991, il est un homme politique, mais fut aussi un grand administrateur qui s&rsquo;est distingu\u00e9 dans la gestion de l&rsquo;Etat. Il observe aujourd&rsquo;hui une retraite politique. Cet ancien secr\u00e9taire g\u00e9n\u00e9ral de l&rsquo;Ad\u00e9ma estime avoir v\u00e9cu son temps, et se trouve dans la posture de servir toujours son pays. Autrement dit il faut savoir prendre des d\u00e9cisions sages. Sinon il a d\u00e9cid\u00e9 de faire la politique dans un contexte al\u00e9atoire et risqu\u00e9 sous un r\u00e9gime dictatorial : enl\u00e8vement, emprisonnement, brimades dans l&rsquo;administration. Pourquoi il a quitt\u00e9 sa famille d&rsquo;origine pour l&rsquo;URD ? Comment le choix vers ce parti s&rsquo;est dessin\u00e9 ? Quel jugement porte-t-il sur le Mouvement d\u00e9mocratique ?&nbsp; Que pense-t-il de la position diplomatique de notre pays ? Quelles sont les raisons de son soutien \u00e0 la Transition ? Iba Ndiaye reconnu pour son franc-parler reste droit sur sa lign\u00e9e, pour ass\u00e9ner sa part de v\u00e9rit\u00e9 sur la conduite des affaires de l&rsquo;Etat.&nbsp; Le contexte ? La rubrique \u00a0\u00bb Que sont-ils devenus ? \u00a0\u00bb de votre journal pr\u00e9f\u00e9r\u00e9, Aujourd&rsquo;hui-Mali.<\/strong><\/p>\n\n\n\n<p class=\"has-drop-cap\">Ibrahima Ndiaye dit Iba est originaire de Kayes, o\u00f9 il est n\u00e9 le 2 Mai 1948. C&rsquo;est \u00e0 l&rsquo;\u00e9cole fondamentale de Kayes Khasso qu&rsquo;il passe au DEF en 1965. Il devient professeur de maths-physique quatre ans plus tard apr\u00e8s son passage \u00e0 l&rsquo;Ecole normale secondaire. Il fait ses premi\u00e8res armes dans l&rsquo;enseignement dans le cercle de K\u00e9ni\u00e9ba, avant de retourner \u00e0 ses racines \u00e0 Kayes Khasso et Kayes N&rsquo;di. Des moments enrichissants qui n&#8217;emp\u00eacheront pas son affectation \u00e0 l&rsquo;Institut des jeunes aveugles. Le directeur de l&rsquo;IJA, \u00e0 l&rsquo;\u00e9poque Isma\u00efla Konat\u00e9, s\u00e9duit par l&rsquo;amour du m\u00e9tier cultiv\u00e9 \u00e0 Iba Ndiaye et son abn\u00e9gation \u00e0 dispenser les cours, s&#8217;emploie \u00e0 lui trouver une bourse de sp\u00e9cialisation de deux ans en Tunisie.<\/p>\n\n\n\n<p>Il rend un vibrant hommage au vieux Konat\u00e9, et retient de lui un cadre au sens relev\u00e9 de responsabilit\u00e9. Apr\u00e8s quelques ann\u00e9es d&rsquo;enseignement, il b\u00e9n\u00e9ficie d&rsquo;une autre bourse pour des \u00e9tudes sup\u00e9rieures \u00e0 l&rsquo;Universit\u00e9 de Bordeaux II (1982-1983), et \u00e0 l&rsquo;Universit\u00e9 de Paris X-Nanterre (1983-1987).<\/p>\n\n\n\n<p>Ce cursus universitaire est sanctionn\u00e9 par une ma\u00eetrise en sciences de l&rsquo;\u00e9ducation et un dipl\u00f4me d&rsquo;\u00e9tudes approfondies (DEA) en psychologie sociale et d&rsquo;un dipl\u00f4me sup\u00e9rieur de l&rsquo;\u00e9ducation. A son retour, il reprend service sous un r\u00e9gime dictatorial, dont la puissance avait commenc\u00e9 \u00e0 vibrer parce que le vent de la d\u00e9mocratie devait commencer \u00e0 souffler en Afrique. Et voil\u00e0 que l&rsquo;Ad\u00e9ma Association est cr\u00e9\u00e9e, et Iba Ndiaye dirigera la coordination de la Commune VI, puis secr\u00e9taire \u00e0 la solidarit\u00e9 de l&rsquo;Ad\u00e9ma\/PASJ, mis sur fonds baptismaux apr\u00e8s la chute du r\u00e9gime de Moussa Traor\u00e9.<\/p>\n\n\n\n<p>Il devient secr\u00e9taire g\u00e9n\u00e9ral du parti lors du premier congr\u00e8s de l&rsquo;Ad\u00e9ma (1991-1999). L&rsquo;enfant de Kayes occupera par la suite le haut poste de 2e vice-pr\u00e9sident du parti. Revers\u00e9 dans l&rsquo;administration g\u00e9n\u00e9rale, il est maire central du district de Bamako (1998-2003) et pr\u00e9side en m\u00eame temps les destin\u00e9es de l&rsquo;Association des municipalit\u00e9s du Mali.<\/p>\n\n\n\n<p>Cadre comp\u00e9tent et fervent d\u00e9fenseur de son parti et de ses acquis, Iba Ndiaye prend les r\u00eanes&nbsp; de l&rsquo;Agence nationale pour l&#8217;emploi (ANPE). C&rsquo;est \u00e0 ce poste qu&rsquo;il est nomm\u00e9 ministre de l&rsquo;Emploi et de la Formation professionnelle en octobre 2007. Il y sera maintenu au remaniement du mois d&rsquo;avril 2009. Ecrivain il l&rsquo;est aussi pour avoir \u00e9crit deux livres : <strong>\u00ab\u00a0Ad\u00e9ma\/PASJ, le parti de l&rsquo;avenir\u00a0\u00bb<\/strong> (1996), <strong>\u00ab\u00a0Les \u00e9lections de 1997 : r\u00e9sultats, r\u00e9flexions, d\u00e9fis \u00e0 notre culture d\u00e9mocratique\u00a0\u00bb<\/strong> (1998).<\/p>\n\n\n\n<p>Fid\u00e8le compagnon du pr\u00e9sident Alpha Oumar Konar\u00e9, ils se sont connus \u00e0 Kayes quand celui-ci lui enseignait au second cycle de l&rsquo;\u00e9cole du Khasso le fran\u00e7ais-histoire-g\u00e9o.Sans complaisance il appr\u00e9cie la combativit\u00e9 de l&rsquo;ancien pr\u00e9sident, et assume tout ce qu&rsquo;ils ont fait ensemble. Seulement il n&rsquo;est pas d&rsquo;accord avec son silence ; pour la simple raison qu&rsquo;Alpha Oumar a promis d&rsquo;\u00eatre un militant de l&rsquo;Ad\u00e9ma au terme de ses mandats. Au-del\u00e0 Iba Ndiaye dit avoir compris le silence de son ancien mentor, parce qu&rsquo;il a \u00e9vit\u00e9 de pr\u00eater le flanc au risque d&rsquo;\u00eatre abattu.<\/p>\n\n\n\n<p><strong>L&rsquo;actualit\u00e9 \u00e0 la loupe, repentir<\/strong><\/p>\n\n\n\n<p>Une rencontre avec Iba Ndiaye quel que soit le contexte d\u00e9bouche n\u00e9cessairement sur l&rsquo;actualit\u00e9 du jour.&nbsp; Logiquement nous d\u00e9battons d\u00e8s le d\u00e9but de l&rsquo;entretien de ce projet de la nouvelle Constitution.&nbsp; Qu&rsquo;est-ce qu&rsquo;il en pense ? Sa premi\u00e8re appr\u00e9hension par rapport \u00e0 l&rsquo;Africanisme n&rsquo;est pas remise en cause. Car cela est une identit\u00e9 malienne. Ce qui l&rsquo;a soulag\u00e9. Autre pr\u00e9occupation prise en compte, qui constitue d&rsquo;ailleurs une innovation, c&rsquo;est la possibilit\u00e9 de destitution du pr\u00e9sident de la R\u00e9publique.<\/p>\n\n\n\n<p>La solution trouv\u00e9e sous la forme de sanction, au nomadisme politique est une avanc\u00e9e majeure pour stabiliser les partis, c&rsquo;est-\u00e0-dire qu&rsquo;un d\u00e9put\u00e9 ou un maire qui transf\u00e8re dans un parti politique perd son mandat. Raison pour laquelle il salue le bon travail de la Commission de r\u00e9daction. Le coup d&rsquo;Etat est encore condamn\u00e9 dans les m\u00eames termes. Cela d\u00e9note une r\u00e9elle conviction des militaires d&rsquo;\u00e9viter dans l&rsquo;avenir les coups de force. M\u00eame s&rsquo;ils en ont fait.<\/p>\n\n\n\n<p>Iba Ndiaye n&rsquo;est pas un inconnu de la sc\u00e8ne politique malienne. Il a toujours donn\u00e9 son avis sur l&rsquo;actualit\u00e9. Il se pla\u00eet de dire \u00eatre t\u00e9moin de tous les coups d&rsquo;Etats au Mali de 1968 \u00e0 2021. S&rsquo;il ressasse \u00e0 pr\u00e9sent la liesse \u00e0 l&rsquo;annonce de la chute du pr\u00e9sident Modibo K\u00e9\u00efta, cependant il a \u00e9t\u00e9 par la suite d\u00e9\u00e7u.&nbsp; Parce que les militaires ont promis un vent d&rsquo;espoir, qui s&rsquo;est malheureusement transform\u00e9 en harmattan. Le pays ne se d\u00e9veloppait pas, la libert\u00e9 d&rsquo;expression entrav\u00e9e, les salaires tombaient en compte-goutte, des enseignants embrassent l&rsquo;aventure, faute de moyens, des couples volent en \u00e9clat, Modibo K\u00e9ita est rest\u00e9 en prison pendant neuf ans sans jugement.&nbsp;<\/p>\n\n\n\n<p>C&rsquo;est pourquoi le Mouvement d\u00e9mocratique avait ses raisons pour se dresser contre ce r\u00e9gime. Les acquis de la d\u00e9mocratie sont visibles et salutaires. Iba Ndiaye se r\u00e9jouit aujourd&rsquo;hui que le Mali soit \u00e0 l&rsquo;abri de tout ce que le peuple a v\u00e9cu sous le feu g\u00e9n\u00e9ral Moussa Traor\u00e9.&nbsp; Au moins les dix ans de l&rsquo;Ad\u00e9ma n&rsquo;ont enregistr\u00e9 aucune perte en vie humaine, malgr\u00e9 le fait que son si\u00e8ge, et les maisons de ses leaders aient \u00e9t\u00e9 incendi\u00e9s, lors des manifestations de l&rsquo;AEEM.<\/p>\n\n\n\n<p>Au-del\u00e0, Iba Ndiaye se repent. Il reconna\u00eet que les hommes politiques doivent demander pardon au peuple malien. Pour la simple raison que la population a \u00e9t\u00e9 leur victime. Mieux les hommes politiques entre eux doivent se pardonner. Pourquoi ce repentir ? <em>\u00ab\u00a0J&rsquo;ai fait le constat qu&rsquo;une bonne partie de l&rsquo;opinion d\u00e9teste les hommes politiques. C&rsquo;est les d\u00e9lices du pouvoir qui constituent l&rsquo;enjeu principal pour la conqu\u00eate du pouvoir. A cause de cela, il y a trop de faits n\u00e9gatifs entre nous\u00a0\u00bb.<\/em><\/p>\n\n\n\n<p>Iba Ndiaye est l&rsquo;un des politiciens les plus constants. Acteur principal et grand d\u00e9fenseur du Mouvement d\u00e9mocratique, il pr\u00f4ne le respect de l&rsquo;opinion des uns et des autres. Pour lui, les deux mandats de l&rsquo;Adema sont colossaux, et ont contribu\u00e9 \u00e0 formater l&rsquo;histoire politique du pays.<\/p>\n\n\n\n<p>Sa vision de la situation actuelle de la nation rel\u00e8ve d&rsquo;un sens patriotique plus \u00e9lev\u00e9. Face \u00e0 la mont\u00e9e en puissance d&rsquo;une junte et l&rsquo;inertie d&rsquo;une classe politique, il soutient que les rep\u00e8res sont brouill\u00e9s. Le Mali est en difficult\u00e9. La s\u00e9curit\u00e9 a connu un grand progr\u00e8s, et il faudra l&rsquo;am\u00e9liorer dans le temps parce que la crise n&rsquo;est pas seulement s\u00e9curitaire, mais multidimensionnelle.&nbsp; Dans ce cas le mieux serait de prioriser tous les volets pour avoir une bonne vision. Les difficult\u00e9s \u00e9conomiques sont la suite logique, sinon la cons\u00e9quence imm\u00e9diate de l&rsquo;effort de guerre. Or \u00e0 ce niveau il faut une victoire.<\/p>\n\n\n\n<p>Le pays s&rsquo;est retrouv\u00e9 dans un r\u00e9gime d&rsquo;exception sans le vouloir. Mais face aux d\u00e9rives d&rsquo;un r\u00e9gime d\u00e9mocratique, Iba Ndiaye rappelle que les Maliens se sont lev\u00e9s et l&rsquo;intervention de l&rsquo;arm\u00e9e a \u00e9t\u00e9 salutaire. Et selon lui tant que le pays demeurera dans ce r\u00e9gime d&rsquo;exception, il ne sortira pas de l&rsquo;auberge. Donc il faut soutenir la Transition avec des critiques pour corriger les lacunes. A d\u00e9faut le soutien serait aveugle, ou int\u00e9ress\u00e9.<\/p>\n\n\n\n<p>Cette position tranch\u00e9e d&rsquo;Iba Ndiaye pour soutenir la Transition, s&rsquo;applique-t-elle \u00e0 la crise diplomatique que connait le Mali ? Est-ce qu&rsquo;il cautionne la radicalisation diplomatique de nos autorit\u00e9s ? L&rsquo;ancien ministre n&rsquo;\u00e9pouse pas l&rsquo;option de la junte sur le plan diplomatique.&nbsp; Certes dans l&rsquo;histoire du Mali, c&rsquo;est un fait nouveau.&nbsp; Mais il est persuad\u00e9 que nous ne pouvons pas mener une crise sur ce plan. Dans ce cas, il faudrait des efforts concert\u00e9s avec les pays qui vivent les m\u00eames probl\u00e8mes.&nbsp; Une brouille avec la C\u00e9d\u00e9ao n&rsquo;est pas souhaitable. Il soutient clairement que nos dirigeants ne doivent pas accepter que la France soit un probl\u00e8me entre la C\u00e9d\u00e9ao et nous.<\/p>\n\n\n\n<p>Pour avoir \u00e9t\u00e9 membre fondateur des deux entit\u00e9s de l&rsquo;Adema (association et parti politique), il est incompr\u00e9hensible, m\u00eame paradoxal qu&rsquo;il quitte son navire au profit d&rsquo;une autre formation politique. Comment ce divorce est arriv\u00e9 ? Iba Ndiaye dans un calme olympien justifie son d\u00e9part de l&rsquo;Ad\u00e9ma par la d\u00e9viation de ses leaders des id\u00e9aux qui ont caract\u00e9ris\u00e9 la naissance de leur b\u00e9b\u00e9 commun. Donc il a d\u00e9cid\u00e9 de d\u00e9missionner pour exprimer sa d\u00e9sapprobation par rapport au soutien ind\u00e9fectible de l&rsquo;Ad\u00e9ma lors des \u00e9lections pr\u00e9sidentielles \u00e0 feu le pr\u00e9sident IBK. Comment accompagner un pr\u00e9sident dont le discours \u00e9tait en d\u00e9phasage avec les lignes de l&rsquo;Ad\u00e9ma ? Pis, IBK \u00e9tait tr\u00e8s critique vis-\u00e0-vis du Mouvement d\u00e9mocratique, or nous avons pris de gros risques pour aboutir \u00e0 la d\u00e9mocratie dans notre pays, argumente-t-il.<\/p>\n\n\n\n<p>Pourquoi avoir transf\u00e9r\u00e9 \u00e0 l&rsquo;URD au lieu de cr\u00e9er un parti politique ? Iba Ndiaye avance ses raisons : <em>\u00ab\u00a0Cr\u00e9er un parti n&rsquo;\u00e9tait pas la bonne alternative.&nbsp; J&rsquo;ai \u00e9t\u00e9 contact\u00e9 par Souma\u00efla Ciss\u00e9 avec qui j&rsquo;ai eu de tr\u00e8s bons rapports \u00e0 l&rsquo;Ad\u00e9ma, ainsi que plusieurs cadres d&rsquo;ailleurs.&nbsp; D&rsquo;autant plus que je n&rsquo;\u00e9tais plus en harmonie avec mon parti d&rsquo;origine, il fallait que je milite dans l&rsquo;opposition. Je ne regrette pas mon choix pour URD, dont j&rsquo;ai m\u00eame contribu\u00e9 au renforcement.&nbsp; Cependant, c&rsquo;est d\u00e9plorable que l&rsquo;on ne parvienne pas \u00e0 resserrer les rangs apr\u00e8s le d\u00e9c\u00e8s de Souma\u00efla Ciss\u00e9. C&rsquo;est le m\u00eame syndrome que l&rsquo;Ad\u00e9ma a connu quand le pr\u00e9sident Alpha Oumar Konar\u00e9 est parti\u00a0\u00bb.<\/em><\/p>\n\n\n\n<p>Comme bon souvenir Iba Ndiaye retient la victoire de l&rsquo;Adema aux \u00e9lections de 1992. Le coup d&rsquo;Etat du capitaine Amadou Haya Sanogo est son principal mauvais souvenir ? Parce que cela a \u00e9t\u00e9 une catastrophe et m\u00eame un coup de t\u00eate. Selon lui, les jeunes n&rsquo;\u00e9taient pas pr\u00e9par\u00e9s \u00e0 g\u00e9rer le pouvoir. Voil\u00e0 comment nous nous sommes retrouv\u00e9 dans un d\u00e9sordre total.<\/p>\n\n\n\n<p>&nbsp;L&rsquo;ancien ministre est mari\u00e9 et p\u00e8re de quatre enfants.<\/p>\n\n\n\n<p><strong>O. Roger<\/strong><\/p>\n\n\n\n<p><strong>T\u00e9l (00223) 63 88 24 23<\/strong><\/p>\n\n\n\n<p><\/p>\n","protected":false},"excerpt":{"rendered":"<p>Le samedi 15 octobre 2022, en route pour rencontrer Ibrahima Ndiaye dit Iba, nous avons endur\u00e9 les embouteillages \u00e0 l&rsquo;aller comme au retour sur l&rsquo;axe Yirimadio. La raison ? Le&hellip;<\/p>\n","protected":false},"author":1,"featured_media":9341,"comment_status":"open","ping_status":"closed","sticky":false,"template":"","format":"standard","meta":{"content-type":"","_lmt_disableupdate":"","_lmt_disable":"","_jetpack_memberships_contains_paid_content":false,"footnotes":"","jetpack_publicize_message":"","jetpack_publicize_feature_enabled":true,"jetpack_social_post_already_shared":true,"jetpack_social_options":{"image_generator_settings":{"template":"highway","default_image_id":0,"font":"","enabled":false},"version":2}},"categories":[19,44,21],"tags":[],"class_list":["post-9340","post","type-post","status-publish","format-standard","has-post-thumbnail","hentry","category-aujourdhui-mali","category-que-sont-ils-devenus","category-societe"],"jetpack_publicize_connections":[],"featured_image_urls":{"full":"","thumbnail":"","medium":"","medium_large":"","large":"","1536x1536":"","2048x2048":"","penci-recipe-1200x1200":"","penci-recipe-1200x900":"","penci-recipe-1200x675":"","penci-single-full":"","penci-slider-full-thumb":"","penci-full-thumb":"","penci-slider-thumb":"","penci-magazine-slider":"","penci-thumb":"","penci-masonry-thumb":"","penci-thumb-square":"","penci-thumb-vertical":"","penci-thumb-small":""},"author_info":{"display_name":"Nandi","author_link":"https:\/\/nandi.info\/?author=1"},"category_info":"<a href=\"https:\/\/nandi.info\/?cat=19\" rel=\"category\">Aujourd\u2019hui Mali<\/a> <a href=\"https:\/\/nandi.info\/?cat=44\" rel=\"category\">Que sont-ils devenus ?<\/a> <a href=\"https:\/\/nandi.info\/?cat=21\" rel=\"category\">Soci\u00e9t\u00e9<\/a>","tag_info":"Soci\u00e9t\u00e9","comment_count":"0","jetpack_featured_media_url":"","jetpack_sharing_enabled":true,"_links":{"self":[{"href":"https:\/\/nandi.info\/index.php?rest_route=\/wp\/v2\/posts\/9340","targetHints":{"allow":["GET"]}}],"collection":[{"href":"https:\/\/nandi.info\/index.php?rest_route=\/wp\/v2\/posts"}],"about":[{"href":"https:\/\/nandi.info\/index.php?rest_route=\/wp\/v2\/types\/post"}],"author":[{"embeddable":true,"href":"https:\/\/nandi.info\/index.php?rest_route=\/wp\/v2\/users\/1"}],"replies":[{"embeddable":true,"href":"https:\/\/nandi.info\/index.php?rest_route=%2Fwp%2Fv2%2Fcomments&post=9340"}],"version-history":[{"count":0,"href":"https:\/\/nandi.info\/index.php?rest_route=\/wp\/v2\/posts\/9340\/revisions"}],"wp:featuredmedia":[{"embeddable":true,"href":"https:\/\/nandi.info\/index.php?rest_route=\/"}],"wp:attachment":[{"href":"https:\/\/nandi.info\/index.php?rest_route=%2Fwp%2Fv2%2Fmedia&parent=9340"}],"wp:term":[{"taxonomy":"category","embeddable":true,"href":"https:\/\/nandi.info\/index.php?rest_route=%2Fwp%2Fv2%2Fcategories&post=9340"},{"taxonomy":"post_tag","embeddable":true,"href":"https:\/\/nandi.info\/index.php?rest_route=%2Fwp%2Fv2%2Ftags&post=9340"}],"curies":[{"name":"wp","href":"https:\/\/api.w.org\/{rel}","templated":true}]}}