{"id":9330,"date":"2022-10-22T06:15:00","date_gmt":"2022-10-22T04:15:00","guid":{"rendered":"https:\/\/nandi.info\/?p=9330"},"modified":"2022-10-22T06:15:00","modified_gmt":"2022-10-22T04:15:00","slug":"deces-de-younoussi-toure-la-nation-pleure-un-grand-intellectuel-rigoureux-loyal-et-honnete","status":"publish","type":"post","link":"https:\/\/nandi.info\/?p=9330","title":{"rendered":"<strong>D\u00e9c\u00e8s de Younoussi Tour\u00e9&nbsp;: La Nation pleure un grand intellectuel, rigoureux, loyal et honn\u00eate !<\/strong>"},"content":{"rendered":"\n<p><strong><em>\u00ab\u00a0Inna lillahi wa inna ilayhi raji&rsquo;un Allahouma ajirni fi musibati\u00a0\u00bb. Cette formule islamique tir\u00e9e de la sourate Al Baqara verset 156 et prononc\u00e9e lors d&rsquo;un malheur a encore frapp\u00e9 le Mali, dans la cour des grands commis ayant servi la nation, plus pr\u00e9cis\u00e9ment dans la famille Tour\u00e9 de Niodougou, cercle de Niafunk\u00e9. Elle peut se traduire par : \u00ab\u00a0C&rsquo;est \u00e0 Dieu que nous appartenons et c&rsquo;est \u00e0 Lui que nous retournons\u00a0\u00bb. Eh oui, Younoussi Tour\u00e9 est d\u00e9c\u00e9d\u00e9 t\u00f4t dans la matin\u00e9e du lundi 17 octobre 2022 \u00e0 Paris, en France, des suites de maladie. La terrible nouvelle fut annonc\u00e9e par son parti politique, l&rsquo;URD, et, comme une tra\u00een\u00e9e de poudre, elle s&rsquo;est r\u00e9pandue dans le monde entier \u00e0 travers la toile. Fondamentalement, le choc est immense \u00e0 Bamako et \u00e0 l&rsquo;int\u00e9rieur du Mali tant Younoussi fut le prototype m\u00eame du commis de l&rsquo;Etat et d&rsquo;homme politique travailleur, honn\u00eate et rest\u00e9 digne jusqu&rsquo;au bout du souffle. Sur ses 81 ans sur terre, pr\u00e8s de 50 ont \u00e9t\u00e9 consacr\u00e9s \u00e0 sa patrie et \u00e0 l&rsquo;Afrique, deux entit\u00e9s qui pleurent aujourd&rsquo;hui un grand intellectuel. Cet apr\u00e8s-midi, Younoussi reposera \u00e9ternellement dans sa derni\u00e8re demeure au cimeti\u00e8re de Sotuba au terme d&rsquo;un hommage m\u00e9rit\u00e9 \u00e0 son domicile bamakois au quartier Hippodrome.<\/em><\/strong><\/p>\n\n\n\n<p class=\"has-drop-cap\">Enfant exemplaire du village, il le fut ! Brillant \u00e9l\u00e8ve et \u00e9tudiant mod\u00e8le, il le fut ! Cadre fonctionnaire de l&rsquo;Etat int\u00e8gre, il le fut ! Homme politique honn\u00eate et visionnaire, il le fut ! Notabilit\u00e9 humble et fervent musulman, il le fut ! Oui, Monsieur Younoussi Tour\u00e9 fut puisqu&rsquo;il n&rsquo;est plus de ce monde. Le natif de Niodougou a perdu, lundi matin dans un h\u00f4pital de Paris, le seul combat que nul ne gagne, celui contre la mort.<\/p>\n\n\n\n<p><strong>Une lourde perte<\/strong><\/p>\n\n\n\n<p>Certes, Younoussi Tour\u00e9 n&rsquo;a pas \u00e9t\u00e9 l&rsquo;homme politique le plus influent, encore moins le meilleur fonctionnaire que le Mali ait connu, mais la nouvelle de sa disparition a eu l&rsquo;effet d&rsquo;une bombe qui renvoie aux d\u00e9c\u00e8s de ses illustres devanciers au <strong>\u00ab\u00a0Royaume de la v\u00e9rit\u00e9\u00a0\u00bb<\/strong>, \u00e0 savoir Modibo K\u00e9\u00efta, Moussa Traor\u00e9, Amadou Toumani Tour\u00e9, Souma\u00efla Ciss\u00e9, Ibrahim Boubacar K\u00e9\u00efta, Soumeylou Boub\u00e8ye Ma\u00efga et autres.<\/p>\n\n\n\n<p>Le monde politique d&rsquo;ici et d&rsquo;ailleurs, sa grande famille politique, l&rsquo;URD, et l&rsquo;ensemble du peuple malien ont accueilli cette perte comme un coup dur pour la nation tant furent \u00e9normes les \u0153uvres de Younoussi pour son pays et surtout que ses concitoyens ont toujours besoin de ses services.<\/p>\n\n\n\n<p><strong><em>\u00ab\u00a0A sa famille durement \u00e9plor\u00e9e et \u00e0 la section URD de Niafunk\u00e9, le Pr. Salikou Sanogo et l&rsquo;ensemble des membres du BEN URD pr\u00e9sentent leurs sinc\u00e8res condol\u00e9ances. Dors en paix Monsieur le Pr\u00e9sident, le peuple Urd ne t&rsquo;oubliera jamais !\u00a0\u00bb<\/em><\/strong> Telle fut la r\u00e9action de son parti d\u00e8s l&rsquo;annonce du d\u00e9c\u00e8s de Younoussi.<\/p>\n\n\n\n<p>L&rsquo;Ad\u00e9ma\/PASJ salue la m\u00e9moire d&rsquo;<strong><em>\u00ab\u00a0un grand serviteur de l&rsquo;Etat, une personnalit\u00e9 politique de premier plan, dont la contribution \u00e0 la r\u00e9conciliation nationale, \u00e0 la coh\u00e9sion sociale et au rassemblement des forces vives du pays a \u00e9t\u00e9 tr\u00e8s importante\u00a0\u00bb.<\/em><\/strong><\/p>\n\n\n\n<p>Le parti de l&rsquo;Abeille juge Younoussi comme <strong><em>\u00ab\u00a0un travailleur acharn\u00e9, loyal, fid\u00e8le, mod\u00e8le achev\u00e9 de comp\u00e9tence et de d\u00e9vouement \u00e0 la cause nationale\u00a0\u00bb.<\/em><\/strong> Puis, l&rsquo;hommage de l&rsquo;Ad\u00e9ma confirme ce que toute le monde sait d\u00e9j\u00e0 : <strong><em>\u00ab\u00a0Younoussi Tour\u00e9 avait une parfaite ma\u00eetrise de tous les dossiers de l&rsquo;Etat\u00a0\u00bb<\/em><\/strong>. Et de conclure que <strong><em>\u00ab\u00a0le Mali vient ainsi de perdre l&rsquo;un de ses fils illustres. Cette perte lourde, brutale et inattendue intervient \u00e0 un moment crucial dans la vie de la nation, o\u00f9 la communion et l&rsquo;entente de tout le peuple malien sont souhait\u00e9es pour surmonter la perte des fr\u00e8res et s\u0153urs, dont la contribution est capitale dans l&rsquo;atteinte des objectifs de d\u00e9veloppement du pays\u00a0\u00bb. <\/em><\/strong>&nbsp;<\/p>\n\n\n\n<p>De son c\u00f4t\u00e9, Me Demba Traor\u00e9, membre du BEN-URD et tr\u00e8s proche du d\u00e9funt, couche sur papier un t\u00e9moignage \u00e9mouvant : <em>\u00ab\u00a0Que d&rsquo;\u00e9preuves pour le peuple de l&rsquo;URD ! Le choc est terrible, indescriptible. Oh quelle tristesse de te voir perdre l&rsquo;ultime bataille contre la maladie \u00e0 un moment o\u00f9 la nouvelle g\u00e9n\u00e9ration avait encore besoin de ton immense exp\u00e9rience d&rsquo;homme d&rsquo;Etat plein de sagesse, de militant \u00e9m\u00e9rite, de dirigeant exemplaire et respect\u00e9 qui a d\u00e9di\u00e9 son combat politique \u00e0 la r\u00e9conciliation nationale, \u00e0 la justice et au d\u00e9veloppement de son pays, le Mali. Tu as dirig\u00e9 des institutions nationales et sous-r\u00e9gionales avec honneur et dignit\u00e9. Cadre d&rsquo;une comp\u00e9tence et d&rsquo;une probit\u00e9 morale irr\u00e9prochables, tu as marqu\u00e9 toutes et tous par ta simplicit\u00e9, ton humanit\u00e9, ta grande sagesse. Comment pourrais-je oublier ton humilit\u00e9, ta grande capacit\u00e9 d&rsquo;\u00e9coute et le respect que tu as toujours vou\u00e9<\/em> <em>aux autres ? Tu as dirig\u00e9 notre parti, l&rsquo;URD, avec courage, loyaut\u00e9, fid\u00e9lit\u00e9 sans jamais t&rsquo;\u00e9loigner des r\u00e8gles du jeu d\u00e9mocratique, avec comme seule br\u00e9viaire la v\u00e9rit\u00e9, rien que la v\u00e9rit\u00e9. Ton leadership, ta carri\u00e8re et ta collaboration unanimement appr\u00e9ci\u00e9s et admir\u00e9s, ta complicit\u00e9 sinon ta compl\u00e9mentarit\u00e9 avec ton d\u00e9funt et inoubliable fr\u00e8re Souma\u00efla Ciss\u00e9, ont fait de l&rsquo;URD le parti le mieux structur\u00e9, le mieux implant\u00e9 et le plus envi\u00e9 sur l&rsquo;\u00e9chiquier politique national. Oh que de sacrifices consentis ! Je t&rsquo;ai vu arpenter les couloirs et les salles de r\u00e9union de l&rsquo;Assembl\u00e9e nationale pour t&rsquo;acquitter, dans les r\u00e8gles de l&rsquo;art, de tes devoirs de parlementaire, je t&rsquo;ai vu faire le tour du Mali pour visiter tes camarades de l&rsquo;int\u00e9rieur, parfois dans des conditions de voyage tr\u00e8s difficiles, mais avec enthousiasme et d\u00e9termination\u00a0\u00bb.<\/em><\/p>\n\n\n\n<p>Cet extrait du t\u00e9moignage associ\u00e9 \u00e0 d&rsquo;autres tout aussi poignants d&rsquo;amis et aux communiqu\u00e9s d&rsquo;hommage des partis (dont nous faisons ici l&rsquo;\u00e9conomie) d\u00e9crivent \u00e0 suffisance les qualit\u00e9s socio-humaines, professionnelles et politiques de Younoussi Tour\u00e9 de son vivant.<\/p>\n\n\n\n<p><strong>Homme politique affirm\u00e9<\/strong><\/p>\n\n\n\n<p>Justement, l&rsquo;homme a fait \u0153uvre utile tout au long de son existence dans ce monde des mortels de sa naissance le 1er janvier 1941 \u00e0 Niodougou \u00e0 sa mort le 17 octobre 2022 \u00e0 Paris.<\/p>\n\n\n\n<p>Sur son cursus scolaire et universitaire, les archives nous rappellent que Younoussi Tour\u00e9 a suivi ses \u00e9tudes primaires et secondaires \u00e0 Niafunk\u00e9, \u00e0 l&rsquo;Ecole des artisans soudanais, \u00e0 l&rsquo;Ecole normale de S\u00e9var\u00e9, \u00e0 l&rsquo;Ecole normale de Katibougou et au lyc\u00e9e Askia Mohamed. Il commence ses \u00e9tudes universitaires en 1963 \u00e0 l&rsquo;Universit\u00e9 d&rsquo;Abidjan, d&rsquo;o\u00f9 il sort en juin 1965 avec le dipl\u00f4me d&rsquo;\u00e9tudes \u00e9conomiques g\u00e9n\u00e9rales (DEEG). Il continue ses \u00e9tudes \u00e0 l&rsquo;Universit\u00e9 de Dakar \u00e0 l&rsquo;Ecole de formation technique de la Banque de France. Il est titulaire d&rsquo;un dipl\u00f4me d&rsquo;\u00e9tudes sup\u00e9rieures sp\u00e9cialis\u00e9es en sciences \u00e9conomiques.<\/p>\n\n\n\n<p>A l&rsquo;Universit\u00e9 de Dakar, il est secr\u00e9taire g\u00e9n\u00e9ral de l&rsquo;Association des \u00e9tudiants et stagiaires maliens \u00e0 Dakar (AESMD). A ce titre, il participe \u00e0 la gr\u00e8ve qui d\u00e9nonce le coup d&rsquo;Etat militaire contre le pr\u00e9sident ghan\u00e9en Kwam\u00e9 Nkrumah en 1966.<\/p>\n\n\n\n<p>Sur sa carri\u00e8re professionnelle, Younoussi Tour\u00e9 a travaill\u00e9 \u00e0 la Banque centrale du Mali dont il a \u00e9t\u00e9 le directeur g\u00e9n\u00e9ral, avant de devenir, plus tard, conseiller sp\u00e9cial du gouverneur de la Banque centrale des Etats de l&rsquo;Afrique de l&rsquo;Ouest (Bc\u00e9ao).<\/p>\n\n\n\n<p>Avec l&rsquo;av\u00e8nement de la d\u00e9mocratie multipartite au Mali, Younoussi Tour\u00e9 est nomm\u00e9 comme le 1er Premier ministre de l&rsquo;\u00e8re d\u00e9mocratique le 9 juin 1992 par le pr\u00e9sident \u00e9lu Alpha Oumar Konar\u00e9. Mais, suite \u00e0 des remous sociaux, il d\u00e9missionne au bout de dix mois, le 12 avril 1993.<\/p>\n\n\n\n<p>Alors, Younoussi reprend du service dans son domaine de pr\u00e9dilection \u00e0 savoir l&rsquo;\u00e9conomie et la monnaie. En effet, en 1995, il est nomm\u00e9 commissaire de l&rsquo;U\u00e9moa suivant Acte additionnel n\u00b002\/1995 portant nomination des membres de la Commission de l&rsquo;Union \u00e9conomique et mon\u00e9taire ouest-africaine. Il figurait sur la m\u00eame liste que d&rsquo;autres sommit\u00e9s comme Justin Damo Baro (Burkina Faso), Kalou Doua Bi (C\u00f4te d&rsquo;Ivoire), Laouali Baraou (Niger), Ousmane Seck (S\u00e9n\u00e9gal) et Yaovi Prosper Adodo (Togo). Selon des connaisseurs, c&rsquo;est la meilleure combinaison de commissaires que la Commission de l&rsquo;U\u00e9moa ait eue.<\/p>\n\n\n\n<p>Durant son mandat, le repr\u00e9sentant du Mali qu&rsquo;il \u00e9tait a rehauss\u00e9 l&rsquo;image du pays en laissant des traces ind\u00e9l\u00e9biles gr\u00e2ce \u00e0 des r\u00e9sultats appr\u00e9ciables notamment au sein du D\u00e9partement des politiques \u00e9conomiques et de la fiscalit\u00e9 int\u00e9rieure.<\/p>\n\n\n\n<p>Ce D\u00e9partement a en charge les politiques communes de l&rsquo;Union, dans les domaines ci-apr\u00e8s : l&rsquo;harmonisation du cadre juridique et comptable des finances publiques ; l&rsquo;harmonisation des fiscalit\u00e9s int\u00e9rieures, directes et indirectes et la mise en \u0153uvre du programme de transition fiscale; la surveillance multilat\u00e9rale de la convergence et des performances des politiques macro-\u00e9conomiques ; le suivi de la politique mon\u00e9taire, des march\u00e9s financiers et la microfinance ainsi que la mise en \u0153uvre de la libert\u00e9 de circulation des capitaux ; l&rsquo;appui aux r\u00e9formes des syst\u00e8mes de passation des march\u00e9s des Etats membres ; l&rsquo;assistance aux Etats membres dans le cadre des n\u00e9gociations avec les institutions financi\u00e8res internationales les analyses, \u00e9tudes et pr\u00e9visions \u00e9conomiques ; le renforcement des capacit\u00e9s des Etats membres en mati\u00e8re d&rsquo;\u00e9laboration et&nbsp; d&rsquo;\u00e9valuation de politiques \u00e9conomiques ; et la production de statistiques pour les organes et les institutions sp\u00e9cialis\u00e9es de l&rsquo;Union et l&rsquo;am\u00e9lioration de la performance des syst\u00e8mes statistiques nationaux.<\/p>\n\n\n\n<p>Apr\u00e8s l&rsquo;U\u00e9moa, Younoussi Tour\u00e9 regagne le bercail pour reprendre les activit\u00e9s politiques.<\/p>\n\n\n\n<p>En 2002, son parti l&rsquo;Ad\u00e9ma\/PASJ, avec comme candidat Souma\u00efla Ciss\u00e9, perd l&rsquo;\u00e9lection pr\u00e9sidentielle. En 2003, il quitte, avec Souma\u00efla Ciss\u00e9, le navire Adema min\u00e9 par une grave crise sur fond de trahison.<\/p>\n\n\n\n<p>Membre fondateur de l&rsquo;Union pour la R\u00e9publique et la d\u00e9mocratie (URD), il en fut le pr\u00e9sident pendant onze ans (2003-2014) et le pr\u00e9sident d&rsquo;honneur jusqu&rsquo;\u00e0 son d\u00e9c\u00e8s (2014-2022).<\/p>\n\n\n\n<p>En ao\u00fbt 2007, Younoussi Tour\u00e9 se porte candidat aux \u00e9lections l\u00e9gislatives dans la circonscription de Niafunk\u00e9. Il est \u00e9lu d\u00e8s le 1er tour avec son colistier Baba Oumar Bor\u00e9. En septembre 2007, il est \u00e9lu premier vice-pr\u00e9sident de l&rsquo;Assembl\u00e9e nationale.<\/p>\n\n\n\n<p>Le 8 juin 2012, Younoussi est d\u00e9sign\u00e9 pr\u00e9sident de l&rsquo;Assembl\u00e9e nationale suite au coup d&rsquo;Etat militaire de mars 2012 qui a propuls\u00e9 Dioncounda Traor\u00e9 (alors pr\u00e9sident de l&rsquo;Assembl\u00e9e nationale) comme pr\u00e9sident par int\u00e9rim du Mali. Il pr\u00e9side l&rsquo;h\u00e9micycle jusqu&rsquo;aux \u00e9lections l\u00e9gislatives de novembre 2013. Il s&rsquo;abstient de se pr\u00e9senter \u00e0 sa propre r\u00e9\u00e9lection \u00e0 Niafunk\u00e9.<\/p>\n\n\n\n<p>Un an plus tard, en novembre 2014, lors du 3\u00e8 congr\u00e8s ordinaire de l&rsquo;URD, Souma\u00efla Ciss\u00e9 lui succ\u00e8de \u00e0 la pr\u00e9sidence de l&rsquo;URD ; il fut d\u00e9sign\u00e9 pr\u00e9sident d&rsquo;honneur avec une acclamation nourrie. Ainsi s&rsquo;\u00e9teignait la carri\u00e8re politique active de l&rsquo;enfant de Niafunk\u00e9.<\/p>\n\n\n\n<p><strong>Financier et \u00ab\u00a0\u00e9crivain\u00a0\u00bb<\/strong><\/p>\n\n\n\n<p>Pour ouvrir une parenth\u00e8se, Younoussi \u00e9tait l&rsquo;\u00e9poux d&rsquo;une femme politique engag\u00e9e au sein de l&rsquo;Ad\u00e9ma\/PASJ, en la personne d&rsquo;Alimata Traor\u00e9, \u00e9galement un grand commis de l&rsquo;Etat. N\u00e9e le 14 novembre 1948 \u00e0 San, Alimata Traor\u00e9 est d\u00e9tentrice d&rsquo;une ma\u00eetrise en \u00e9conomie \u00e0 l&rsquo;Ecole nationale d&rsquo;administration de Bamako (ENA) et d&rsquo;un dipl\u00f4me d&rsquo;\u00e9tudes sup\u00e9rieures sp\u00e9cialis\u00e9es en banque. Elle fut PDG des Huileries cotonni\u00e8res du Mali (Huicoma), puis de la Soci\u00e9t\u00e9 nationale de tabac et allumettes du Mali (Sonatam). Elle occupe le poste de ministre de l&rsquo;Industrie, du Commerce et des Transports du 21 f\u00e9vrier 2000 au 14 juin 2002 puis celui de pr\u00e9sidente du conseil d&rsquo;administration de l&rsquo;Agence nationale de l&rsquo;aviation civile du Mali (Anac) de 2009 \u00e0 2016. Donc, une famille de cadres publics et de personnalit\u00e9s politiques.<\/p>\n\n\n\n<p>Pour en revenir \u00e0 Younoussi Tour\u00e9, l&rsquo;autre facette de sa vie ignor\u00e9e par ses compatriotes, c&rsquo;est que le banquier n&rsquo;a jamais quitt\u00e9 la sph\u00e8re des finances qu&rsquo;il a embrass\u00e9e \u00e0 nouveau depuis qu&rsquo;il s&rsquo;est retir\u00e9 de la sc\u00e8ne politique.<\/p>\n\n\n\n<p>En 2019, Younoussi int\u00e8gre la Caisse r\u00e9gionale de refinancement hypoth\u00e9caire (CRRH-U\u00e9moa) et en devient le pr\u00e9sident du conseil d&rsquo;administration. Alors, bienvenue aux bons r\u00e9sultats. Pour preuve, la CRRH-U\u00e9moa a tenu le 20 mai 2020, sa 9e assembl\u00e9e g\u00e9n\u00e9rale ordinaire et sa 11e assembl\u00e9e g\u00e9n\u00e9rale extraordinaire, par visioconf\u00e9rence, sous la pr\u00e9sidence de son PCA, Younoussi Tour\u00e9.<\/p>\n\n\n\n<p>L&rsquo;assembl\u00e9e g\u00e9n\u00e9rale ordinaire a approuv\u00e9 les comptes de la CRRH-U\u00e9moa pour l&rsquo;exercice 2019 avec un r\u00e9sultat net de 1 243 millions de F CFA, et d\u00e9cid\u00e9 de son affectation en r\u00e9serves et report \u00e0 nouveau. Elle a autoris\u00e9 au titre du programme d&rsquo;activit\u00e9s 2020 de la CRRH-U\u00e9moa, l&rsquo;\u00e9mission d&rsquo;obligations, \u00e0 concurrence de quatre-vingt milliards (80 000 000 000) de FCFA, pour le refinancement de pr\u00eats au logement consentis par les banques actionnaires.<\/p>\n\n\n\n<p>La CRRH-U\u00e9moa est une initiative r\u00e9gionale en faveur d&rsquo;un meilleur financement de l&rsquo;habitat dans les pays de l&rsquo;U\u00e9moa. Son actionnariat est constitu\u00e9 de 55 banques commerciales de l&rsquo;Union ; de la Boad, premi\u00e8re institution de financement \u00e0 long terme de l&rsquo;U\u00e9moa ; de la Soci\u00e9t\u00e9 financi\u00e8re internationale (SFI), filiale du groupe de la Banque mondiale pour le financement du secteur priv\u00e9 ; de la Banque d&rsquo;investissement et de d\u00e9veloppement de la C\u00e9d\u00e9ao (BIDC), institution de financement \u00e0 long terme de la C\u00e9d\u00e9ao, et de Shelter Afrique, institution continentale d\u00e9di\u00e9e \u00e0 la promotion et au financement de l&rsquo;habitat en Afrique. La CRRH-U\u00e9moa offre aux \u00e9tablissements de cr\u00e9dit de l&rsquo;U\u00e9moa, la possibilit\u00e9 d&rsquo;acc\u00e9der \u00e0 des ressources longues, pour le refinancement des pr\u00eats \u00e0 l&rsquo;habitat consentis \u00e0 leurs clients, et \u00e0 des taux comp\u00e9titifs.<\/p>\n\n\n\n<p>Au 31 d\u00e9cembre 2019, la CRRH-U\u00e9moa a, en presque huit ann\u00e9es d&rsquo;activit\u00e9s op\u00e9rationnelles, mobilis\u00e9 un total de 200,3 milliards F CFA de ressources longues, pour le refinancement de pr\u00eats aux logements consentis par 35 banques actionnaires couvrant les 8 pays de l&rsquo;U\u00e9moa.<\/p>\n\n\n\n<p>La CRRH-U\u00e9moa est toujours bien not\u00e9e depuis 2015 par les agences de notation. Ce qui fait d&rsquo;elle, depuis 2015, l&rsquo;un des risques les plus s\u00fbrs sur le march\u00e9 financier de l&rsquo;U\u00e9moa. Et la touche Younoussi Tour\u00e9 y est pour beaucoup. Pour l&rsquo;honneur du Mali !<\/p>\n\n\n\n<p>Dernier secret de la vie de Younoussi Tour\u00e9, c&rsquo;est qu&rsquo;il \u00e9tait \u00e9crivain \u00e0 ses temps libres. Il est l&rsquo;auteur du livre <strong><em>\u00ab\u00a0L&rsquo;enfant du lac<\/em><\/strong> <strong><em>Takiti au Mali\u00a0\u00bb.<\/em><\/strong> Dans ce r\u00e9cit biographique de 360 pages, paru en mars 2017, l&rsquo;auteur se fait conteur pour partager le film de sa vie, <strong><em>\u00ab\u00a0cet enfant qui a saisi la balle au rebond de l&rsquo;histoire avec courage et curiosit\u00e9 depuis son village natal de Niodougou\u00a0\u00bb.<\/em><\/strong><\/p>\n\n\n\n<p>Dans le r\u00e9sum\u00e9, on peut lire : <strong><em>\u00ab\u00a0Tout y passe : les amis, l&rsquo;agriculture, la p\u00eache, l&rsquo;\u00e9cole coloniale, les injustices, la d\u00e9brouille, l&rsquo;universit\u00e9, le hasard ramass\u00e9 comme une certitude au bord du chemin. En passant par les luttes estudiantines, la recherche obstin\u00e9e de l&rsquo;ind\u00e9pendance de son pays comme programme politique, une ind\u00e9pendance qu&rsquo;il vivra de l&rsquo;int\u00e9rieur avec enthousiasme, comme jeune fonctionnaire au minist\u00e8re du Plan\u00a0\u00bb.<\/em><\/strong>Le tome 2 de cet ouvrage \u00e9tait attendu quand est tomb\u00e9e la nouvelle du d\u00e9c\u00e8s de Younoussi Tour\u00e9.<\/p>\n\n\n\n<p>La d\u00e9pouille de l&rsquo;illustre disparu est arriv\u00e9e hier \u00e0 14 h 30 \u00e0 Bamako \u00e0 bord du vol Air France et les obs\u00e8ques sont pr\u00e9vues pour cet apr\u00e8s-midi \u00e0 16 h 30 chez lui au quartier r\u00e9sidentiel de l&rsquo;Hippodrome. Sans les hommages honorifiques de la Chancellerie nationale, une de ses volont\u00e9s.<\/p>\n\n\n\n<p><strong>&nbsp;&nbsp;&nbsp;&nbsp;&nbsp;&nbsp;&nbsp;&nbsp;&nbsp;&nbsp;&nbsp;&nbsp;&nbsp;&nbsp;&nbsp;&nbsp;&nbsp;&nbsp;&nbsp; <\/strong><strong>El Hadj A.B. HAIDARA<\/strong><\/p>\n\n\n\n<p><\/p>\n","protected":false},"excerpt":{"rendered":"<p>\u00ab\u00a0Inna lillahi wa inna ilayhi raji&rsquo;un Allahouma ajirni fi musibati\u00a0\u00bb. Cette formule islamique tir\u00e9e de la sourate Al Baqara verset 156 et prononc\u00e9e lors d&rsquo;un malheur a encore frapp\u00e9 le&hellip;<\/p>\n","protected":false},"author":1,"featured_media":9335,"comment_status":"open","ping_status":"closed","sticky":false,"template":"","format":"standard","meta":{"content-type":"","_lmt_disableupdate":"","_lmt_disable":"","_jetpack_memberships_contains_paid_content":false,"footnotes":"","jetpack_publicize_message":"","jetpack_publicize_feature_enabled":true,"jetpack_social_post_already_shared":true,"jetpack_social_options":{"image_generator_settings":{"template":"highway","default_image_id":0,"font":"","enabled":false},"version":2}},"categories":[19,37,21],"tags":[],"class_list":["post-9330","post","type-post","status-publish","format-standard","has-post-thumbnail","hentry","category-aujourdhui-mali","category-necrologie","category-societe"],"jetpack_publicize_connections":[],"featured_image_urls":{"full":"","thumbnail":"","medium":"","medium_large":"","large":"","1536x1536":"","2048x2048":"","penci-recipe-1200x1200":"","penci-recipe-1200x900":"","penci-recipe-1200x675":"","penci-single-full":"","penci-slider-full-thumb":"","penci-full-thumb":"","penci-slider-thumb":"","penci-magazine-slider":"","penci-thumb":"","penci-masonry-thumb":"","penci-thumb-square":"","penci-thumb-vertical":"","penci-thumb-small":""},"author_info":{"display_name":"Nandi","author_link":"https:\/\/nandi.info\/?author=1"},"category_info":"<a href=\"https:\/\/nandi.info\/?cat=19\" rel=\"category\">Aujourd\u2019hui Mali<\/a> <a href=\"https:\/\/nandi.info\/?cat=37\" rel=\"category\">N\u00e9crologie<\/a> <a href=\"https:\/\/nandi.info\/?cat=21\" rel=\"category\">Soci\u00e9t\u00e9<\/a>","tag_info":"Soci\u00e9t\u00e9","comment_count":"0","jetpack_featured_media_url":"","jetpack_sharing_enabled":true,"_links":{"self":[{"href":"https:\/\/nandi.info\/index.php?rest_route=\/wp\/v2\/posts\/9330","targetHints":{"allow":["GET"]}}],"collection":[{"href":"https:\/\/nandi.info\/index.php?rest_route=\/wp\/v2\/posts"}],"about":[{"href":"https:\/\/nandi.info\/index.php?rest_route=\/wp\/v2\/types\/post"}],"author":[{"embeddable":true,"href":"https:\/\/nandi.info\/index.php?rest_route=\/wp\/v2\/users\/1"}],"replies":[{"embeddable":true,"href":"https:\/\/nandi.info\/index.php?rest_route=%2Fwp%2Fv2%2Fcomments&post=9330"}],"version-history":[{"count":0,"href":"https:\/\/nandi.info\/index.php?rest_route=\/wp\/v2\/posts\/9330\/revisions"}],"wp:featuredmedia":[{"embeddable":true,"href":"https:\/\/nandi.info\/index.php?rest_route=\/"}],"wp:attachment":[{"href":"https:\/\/nandi.info\/index.php?rest_route=%2Fwp%2Fv2%2Fmedia&parent=9330"}],"wp:term":[{"taxonomy":"category","embeddable":true,"href":"https:\/\/nandi.info\/index.php?rest_route=%2Fwp%2Fv2%2Fcategories&post=9330"},{"taxonomy":"post_tag","embeddable":true,"href":"https:\/\/nandi.info\/index.php?rest_route=%2Fwp%2Fv2%2Ftags&post=9330"}],"curies":[{"name":"wp","href":"https:\/\/api.w.org\/{rel}","templated":true}]}}