{"id":9241,"date":"2022-10-19T09:48:00","date_gmt":"2022-10-19T07:48:00","guid":{"rendered":"https:\/\/nandi.info\/?p=9241"},"modified":"2022-10-19T09:48:00","modified_gmt":"2022-10-19T07:48:00","slug":"cafouillage-a-la-faculte-dagronomie-et-de-medecine-animale-de-luniversite-de-segou-le-vice-doyen-deballe-tout","status":"publish","type":"post","link":"https:\/\/nandi.info\/?p=9241","title":{"rendered":"Cafouillage \u00e0 la Facult\u00e9 d\u2019Agronomie et de M\u00e9decine Animale de l\u2019Universit\u00e9 de S\u00e9gou: Le Vice Doyen d\u00e9balle tout !"},"content":{"rendered":"\n<p><strong>Un vent d\u2019incompr\u00e9hension souffle \u00e0 la Facult\u00e9 d\u2019Agronomie det de M\u00e9decine Animale (FAMA) de l\u2019Universit\u00e9 de S\u00e9gou. Depuis, la tension est mont\u00e9e d\u2019un cran, au point que le personnel octobre enseignant-chercheur et administratif a entam\u00e9, le lundi 17 octobre 2022 une gr\u00e8ve illimit\u00e9e. Si des faits sont reproch\u00e9s \u00e0 des Chefs de DER et au Vice Doyen et Doyen par Int\u00e9rim, ce dernier en revanche, a rompu le silence et se porte en faux contre les accusations contre sa personne.<\/strong><\/p>\n\n\n\n<p class=\"has-drop-cap\">C\u2019est devenu compliqu\u00e9 entre l\u2019administration et le personnel enseignant-chercheur et administratif de la FAMA de l\u2019Universit\u00e9 de S\u00e9gou. Pratiques tendant \u00e0 plonger la Facult\u00e9 dans l\u2019ab\u00eeme, blocage de l\u2019argent des heures suppl\u00e9mentaires des enseignants. Voil\u00e0, entre autres, ce que l\u2019on reprocherait \u00e0 certains Chefs de DER et au Dr Boubacar MARIKO, Vice doyen et Doyen par int\u00e9rim de la FAMA de l\u2019Universit\u00e9 de S\u00e9gou.&nbsp;<\/p>\n\n\n\n<p>Tr\u00e8s remont\u00e9, le Collectif du personnel Enseignant-Chercheur et administratif de la Facult\u00e9 d\u2019Agronomie et de M\u00e9decine Animale de l\u2019Universit\u00e9 de S\u00e9gou a rendu public un communiqu\u00e9 dont la teneur suit : \u00ab&nbsp;<em>Nous d\u00e9cidons d\u2019observer un arr\u00eat de travail illimit\u00e9 et la suspension de toutes les activit\u00e9s p\u00e9dagogiques \u00e0 la FAMA \u00e0 compter du lundi 17 Octobre 2022, pour exiger l\u2019organisation des \u00e9lections des chefs de d\u00e9partement et celle du doyen, la signature des attestations de service fait, la signature des \u00e9tats des frais de transports des enseignants vacataires, l\u2019ouverture des Masters pour l\u2019ann\u00e9e 2022-2023 et la proclamation des r\u00e9sultats&nbsp;<\/em>\u00bb.<\/p>\n\n\n\n<p><strong>Le Vice Doyen et Doyen par Int\u00e9rim accus\u00e9, se lave de tout soup\u00e7on&nbsp;!<\/strong><\/p>\n\n\n\n<p>Face aux nombreuses accusations port\u00e9es contre sa personne, le Vice Doyen et Doyen par Int\u00e9rim de la FAMA de l\u2019Universit\u00e9 de S\u00e9gou, Boubacar MARIKO, donne sa version des faits. \u00ab&nbsp;<em>La FAMA, \u00e0 travers ma modeste personne, est victime de sa d\u00e9termination \u00e0 ne pas laisser l\u2019Universit\u00e9 de S\u00e9gou sombrer. Le rectorat a r\u00e9ussi \u00e0 nous diviser pour mieux r\u00e9gner et cela depuis fort longtemps. Des actions de sabotage de certains chefs de DER ont \u00e9t\u00e9 r\u00e9guli\u00e8rement rapport\u00e9es au Recteur qui n\u2019a jamais daign\u00e9 r\u00e9agir<\/em>&nbsp;\u00bb, r\u00e9v\u00e8le-t-il.<\/p>\n\n\n\n<p>Dans sa protestation, le Vice Doyen se lave de tout soup\u00e7on et se voit plut\u00f4t comme une victime. \u00ab<em>On m\u2019accuse de ne pas communiquer, combien de fois j\u2019ai d\u00e9nonc\u00e9 des pratiques qui bloquent le fonctionnement de la FAMA ainsi que des injustices \u00e0 mon encontre, j\u2019ai rarement vu des r\u00e9actions, surtout pas de ceux-l\u00e0 qui s\u2019activent aujourd\u2019hui, lorsque la situation est devenue ex\u00e9crable devant tous. Au moins deux fois, les cours que j\u2019anime me sont retir\u00e9s pour les attribuer \u00e0 d\u2019autres enseignants qui ont d\u00e9j\u00e0 beaucoup plus d\u2019heures, quand je proteste, rien ! C\u2019est un non \u00e9v\u00e9nement pour tous. Comment aller vous r\u00e9agir \u00e0 ma place ?<\/em>&nbsp;\u00bb.&nbsp;<\/p>\n\n\n\n<p><strong>Quid des attestations&nbsp;?<\/strong><\/p>\n\n\n\n<p>Le Vice Doyen souligne&nbsp;: \u00ab&nbsp;<em>Quand j\u2019ai re\u00e7u les attestations de service, tout de suite j\u2019ai demand\u00e9 les documents justificatifs, j\u2019ai fait face \u00e0 une r\u00e9sistance qui fait douter m\u00eame de l\u2019honn\u00eatet\u00e9 de ceux qui d\u00e9tiennent ces documents. Cela n\u2019est pas nouveau, les chefs de DER n\u2019ont jamais voulu jouer la transparence dans la gestion des heures suppl\u00e9mentaires et tout le monde le sait \u00e0 la FAMA<\/em>&nbsp;\u00bb. Aussi, explique-t-il&nbsp;: \u00ab&nbsp;<em>lorsque j\u2019ai re\u00e7u tous les documents en main, j\u2019ai demand\u00e9 l\u2019assistance des chefs de DER pour proc\u00e9der \u00e0 la v\u00e9rification, chose qui devrait \u00eatre faite en amont. Cela pour diligenter le travail. Mais h\u00e9las ! Ils m\u2019ont fait comprendre que c\u2019est \u00e0 moi de faire ce travail et \u00e0 eux de fournir les r\u00e9ponses \u00e0 mes remarques. Le travail est trop volumineux pour une seule personne, malgr\u00e9 cela, j\u2019ai fait un \u00e9chantillonnage. J\u2019ai d\u00e9couvert des cas de fraudes flagrant (heures attribu\u00e9es \u00e0 des enseignants qui n&rsquo;ont jamais enseign\u00e9 \u00e0 la FAMA, EDT dupliqu\u00e9s, m\u00eame cours ex\u00e9cut\u00e9 deux fois, jusqu\u2019\u00e0 75h ex\u00e9cut\u00e9es en une semaine selon EDT individuel\u2026) et des incoh\u00e9rences de dates qui rendent presqu\u2019impossible la v\u00e9rification&nbsp;<\/em>\u00bb.<\/p>\n\n\n\n<p>Il poursuit&nbsp;: \u00ab&nbsp;<em>tous les DER sans exception sont concern\u00e9s. Se sachant particuli\u00e8rement pris la main dans le sac, Dr Dicko a vite fait de convoquer, la veille de la rencontre de restitution de mes observations, une Assembl\u00e9e des enseignants-chercheurs<\/em>&nbsp;\u00bb. L\u2019objectif \u00e9tait-il de me faire un chantage ? S\u2019interroge le Vice Doyen, Dr Mariko qui argue que&nbsp; Dr Dicko a r\u00e9it\u00e9r\u00e9, encore, le Jeudi 06 Octobre 2022 avec certains enseignants tr\u00e8s actifs qui savent aussi qu\u2019ils sont concern\u00e9s par cette histoire des heures suppl\u00e9mentaires.<\/p>\n\n\n\n<p><strong>Autres r\u00e9v\u00e9lations&nbsp;!<\/strong><\/p>\n\n\n\n<p>Il s\u2019agit des cas de fraudes dont la responsabilit\u00e9 n\u2019incombe point, au Dr Mariko, le Vice Doyen de la FAMA.<\/p>\n\n\n\n<p>Il mart\u00e8le&nbsp;: \u00ab&nbsp;<em>les notes de natation, un module, dit-on, jamais ex\u00e9cut\u00e9, ont \u00e9t\u00e9 attribu\u00e9es aux \u00e9tudiants sans informer personne dans l\u2019administration&nbsp;; m\u00eame lorsque le Dr Dicko a pr\u00e9sid\u00e9 la d\u00e9lib\u00e9ration quand je me suis retir\u00e9 apr\u00e8s l\u2019ouverture, pour me consacrer \u00e0 la v\u00e9rification des heures malgr\u00e9 mon \u00e9tat de sant\u00e9 ce jour ci. M\u00eame chose pour les notes de stage en AE. C\u2019est pour cela que j\u2019ai bloqu\u00e9 la publication de ces r\u00e9sultats. Et le rectorat est inform\u00e9 de cela<\/em>&nbsp;\u00bb.<\/p>\n\n\n\n<p>Il ajoute&nbsp;: \u00ab&nbsp;S<em>uite \u00e0 mon invitation, les chefs de DER ont fait appel au Vice-Recteur en renfort comme pour me contraindre \u00e0 signer ces attestations qu\u2019ils savent tous empreintes d\u2019incoh\u00e9rence et de fraude. Certains dont le chef de DER Agro\u00e9conomie Dr Tidiane Diarisso et le coordinateur des Masters Dr Cheick Oumar Kangama viennent me manquer de respect comme ils l\u2019ont toujours fait lors des r\u00e9unions hebdomadaires lorsqu\u2019ils participaient<\/em>&nbsp;\u00bb.<\/p>\n\n\n\n<p>Et le Dr Mariko de continuer&nbsp;: \u00ab<em>J\u2019ai remis mes observations et j\u2019\u00e9tais pr\u00eat \u00e0 signer apr\u00e8s correction malgr\u00e9 le fait que les chefs de DER ont fait expr\u00e8s de ne pas me montrer ces heures suppl\u00e9mentaires avant envoi et que chacun d\u2019eux ait plus de 250h suppl\u00e9mentaires et moi 61h (les modules que j\u2019ai choisis ne m\u2019ont pas \u00e9t\u00e9 donn\u00e9), l\u2019ancien doyen 300, le Vice-Recteur 227 (un mois de cours sans interruption de la semaine du 04 Avril \u00e0 celle du 02 Mai). Mais j\u2019ai vu que ce n\u2019est tout simplement pas possible, sauf \u00e0 prendre un risque inutilement pour des personnes qui ont montr\u00e9 toute leur haine \u00e0 mon encontre<\/em>&nbsp;\u00bb.&nbsp;<\/p>\n\n\n\n<p>Le Vice Doyen MARIKO explique&nbsp;: \u00ab&nbsp;<em>J\u2019ai finalement retourn\u00e9 les dossiers aux chefs de DER et la lettre adress\u00e9e au Recteur informant de mon impossibilit\u00e9 \u00e0 signer ces documents, leur ont \u00e9t\u00e9 adress\u00e9e apr\u00e8s<\/em>&nbsp;\u00bb. Avant d\u2019ajouter&nbsp;: \u00ab&nbsp;<em>C\u2019\u00e9tait naturellement \u00e0 eux d\u2019informer les enseignants, ils ne l\u2019ont pas fait jusqu\u2019\u00e0 ce que les enseignants commencent \u00e0 manifester leur impatience et m\u00e9contentement. Je n\u2019ai toujours pas la r\u00e9ponse du Recteur. Les documents de ces heures suppl\u00e9mentaires se trouvent avec les chefs de DER et \u00e0 la FAMA, celui qui le souhaite peut les voir et saura si je peux sans risque ou pas signer ces documents&nbsp;\u00bb<\/em>.<\/p>\n\n\n\n<p><strong>Toute la v\u00e9rit\u00e9 sur l\u2019histoire du Master&nbsp;!<\/strong><\/p>\n\n\n\n<p>Pour ce qui est du Master, le Vice Doyen pr\u00e9cise que le coordinateur a refus\u00e9 la tenue de la rencontre avant l\u2019ouverture. Pire, il poursuit&nbsp;: \u00ab&nbsp;<em>Il a cat\u00e9goriquement refus\u00e9 de venir dans mon bureau sous pr\u00e9texte qu\u2019il est handicap\u00e9<\/em>.&nbsp;<em>J\u2019ai propos\u00e9 une salle au rez-de-chauss\u00e9e, il a toujours refus\u00e9. Quand le Vice-Recteur l\u2019a appel\u00e9 pour participer \u00e0 la r\u00e9union de restitution de mes observations sur les documents des heures suppl\u00e9mentaires, il a dit, et tout le monde l\u2019a entendu, qu\u2019il peut monter les escaliers sans probl\u00e8me et il est venu dans mon bureau<\/em>&nbsp;\u00bb. Et le Vice Doyen de rench\u00e9rir&nbsp;: \u00ab&nbsp;<em>Quand j\u2019ai convoqu\u00e9 la r\u00e9union sur les Master et qu\u2019il a finalement accept\u00e9, il m\u2019appelle beaucoup plus tard pour annoncer qu\u2019il \u00e9tait en route. Face \u00e0 l\u2019absence des deux chefs de DER directement concern\u00e9s (Agro\u00e9conomie et G\u00e9nie Rural), de l\u2019agent comptable et du coordinateur des Master lui-m\u00eame, l\u2019assistance a d\u00e9cid\u00e9 de lever la s\u00e9ance<\/em>&nbsp;\u00bb.<\/p>\n\n\n\n<p>Toutefois, le Vice Doyen a tenu \u00e0 pr\u00e9ciser&nbsp;que<em>&nbsp;\u00ab&nbsp;le coordinateur des Master a cat\u00e9goriquement refus\u00e9 d\u2019organiser l\u2019atelier d\u2019attribution des modules du Master, alors qu\u2019il faisait partie de ceux qui s\u2019impatientait de son organisation concernant le niveau Licence. Il a \u00e9t\u00e9 soutenu en r\u00e9union de d\u00e9canat par certains chefs de<\/em> DER<\/p>\n\n\n\n<p>Mieux, le Vice Doyen Dr Mariko dit comprendre pourquoi, ce dernier a anim\u00e9 des cours loin de sa sp\u00e9cialit\u00e9 alors que le sp\u00e9cialiste Docteur est pr\u00e9sent \u00e0 la FAMA, cela \u00e0 au moins deux reprises. \u00ab&nbsp;<em>Je m\u2019en suis rendu compte bien apr\u00e8s puisqu\u2019il refusait de m\u2019envoyer les emplois du temps<\/em>&nbsp;\u00bb, se rappelle bien, le Dr Mariko qui conclue en ces termes&nbsp;:&nbsp;\u00ab&nbsp;<em>On m\u2019accusera toujours de constituer un blocage \u00e0 la FAMA, la v\u00e9rit\u00e9 finira par triompher<\/em>&nbsp;\u00bb.&nbsp;<\/p>\n\n\n\n<p><strong>Adama Coulibaly&nbsp;&nbsp;&nbsp;&nbsp;&nbsp;&nbsp;&nbsp;&nbsp;<\/strong><\/p>\n\n\n\n<p><\/p>\n","protected":false},"excerpt":{"rendered":"<p>Un vent d\u2019incompr\u00e9hension souffle \u00e0 la Facult\u00e9 d\u2019Agronomie det de M\u00e9decine Animale (FAMA) de l\u2019Universit\u00e9 de S\u00e9gou. Depuis, la tension est mont\u00e9e d\u2019un cran, au point que le personnel octobre&hellip;<\/p>\n","protected":false},"author":1,"featured_media":9248,"comment_status":"open","ping_status":"closed","sticky":false,"template":"","format":"standard","meta":{"content-type":"","_lmt_disableupdate":"","_lmt_disable":"","_jetpack_memberships_contains_paid_content":false,"footnotes":"","jetpack_publicize_message":"","jetpack_publicize_feature_enabled":true,"jetpack_social_post_already_shared":true,"jetpack_social_options":{"image_generator_settings":{"template":"highway","default_image_id":0,"font":"","enabled":false},"version":2}},"categories":[38,81],"tags":[],"class_list":["post-9241","post","type-post","status-publish","format-standard","has-post-thumbnail","hentry","category-education","category-le-nouveau-reveil"],"jetpack_publicize_connections":[],"featured_image_urls":{"full":"","thumbnail":"","medium":"","medium_large":"","large":"","1536x1536":"","2048x2048":"","penci-recipe-1200x1200":"","penci-recipe-1200x900":"","penci-recipe-1200x675":"","penci-single-full":"","penci-slider-full-thumb":"","penci-full-thumb":"","penci-slider-thumb":"","penci-magazine-slider":"","penci-thumb":"","penci-masonry-thumb":"","penci-thumb-square":"","penci-thumb-vertical":"","penci-thumb-small":""},"author_info":{"display_name":"Nandi","author_link":"https:\/\/nandi.info\/?author=1"},"category_info":"<a href=\"https:\/\/nandi.info\/?cat=38\" rel=\"category\">Education<\/a> <a href=\"https:\/\/nandi.info\/?cat=81\" rel=\"category\">Le Nouveau R\u00e9veil<\/a>","tag_info":"Le Nouveau R\u00e9veil","comment_count":"0","jetpack_featured_media_url":"","jetpack_sharing_enabled":true,"_links":{"self":[{"href":"https:\/\/nandi.info\/index.php?rest_route=\/wp\/v2\/posts\/9241","targetHints":{"allow":["GET"]}}],"collection":[{"href":"https:\/\/nandi.info\/index.php?rest_route=\/wp\/v2\/posts"}],"about":[{"href":"https:\/\/nandi.info\/index.php?rest_route=\/wp\/v2\/types\/post"}],"author":[{"embeddable":true,"href":"https:\/\/nandi.info\/index.php?rest_route=\/wp\/v2\/users\/1"}],"replies":[{"embeddable":true,"href":"https:\/\/nandi.info\/index.php?rest_route=%2Fwp%2Fv2%2Fcomments&post=9241"}],"version-history":[{"count":0,"href":"https:\/\/nandi.info\/index.php?rest_route=\/wp\/v2\/posts\/9241\/revisions"}],"wp:featuredmedia":[{"embeddable":true,"href":"https:\/\/nandi.info\/index.php?rest_route=\/"}],"wp:attachment":[{"href":"https:\/\/nandi.info\/index.php?rest_route=%2Fwp%2Fv2%2Fmedia&parent=9241"}],"wp:term":[{"taxonomy":"category","embeddable":true,"href":"https:\/\/nandi.info\/index.php?rest_route=%2Fwp%2Fv2%2Fcategories&post=9241"},{"taxonomy":"post_tag","embeddable":true,"href":"https:\/\/nandi.info\/index.php?rest_route=%2Fwp%2Fv2%2Ftags&post=9241"}],"curies":[{"name":"wp","href":"https:\/\/api.w.org\/{rel}","templated":true}]}}