{"id":9210,"date":"2022-10-17T12:00:00","date_gmt":"2022-10-17T10:00:00","guid":{"rendered":"https:\/\/nandi.info\/?p=9210"},"modified":"2022-10-17T12:00:00","modified_gmt":"2022-10-17T10:00:00","slug":"interpellation-de-djoliba-tv-news-par-la-hac-le-groupe-patronal-de-la-presse-ecrite-denonce-une-tentative-de-muselement-de-la-presse-et-detouffement-de-lexpression-plurielle","status":"publish","type":"post","link":"https:\/\/nandi.info\/?p=9210","title":{"rendered":"Interpellation de Djoliba TV News par la HAC : Le Groupe Patronal de la Presse \u00e9crite d\u00e9nonce une \u00ab tentative de mus\u00e8lement de la presse et d\u2019\u00e9touffement de l\u2019expression plurielle\u2026\u00bb"},"content":{"rendered":"\n<h2 class=\"has-large-font-size wp-block-heading\"><strong>GROUPE PATRONAL DE LA PRESSE ECRITE \/ Communiqu\u00e9<\/strong><\/h2>\n\n\n\n<p>Le Groupe Patronal de la Presse \u00e9crite a pris connaissance avec stup\u00e9faction et inqui\u00e9tude, via les r\u00e9seaux sociaux, d\u2019une convocation adress\u00e9e par la HAC \u00e0 Djoliba TV News. Ladite interpellation fait suite \u00e0 un \u00e9ditorial en date du 30 septembre 2022, diffus\u00e9e sous la signature du confr\u00e8re Mohamed Attaher Halidou, que l\u2019autorit\u00e9 de r\u00e9gulation juge diffamatoire \u00e0 son endroit ainsi qu\u2019\u00e0 l\u2019\u00e9gard des autorit\u00e9s de la Transition.<\/p>\n\n\n\n<p>Sans pr\u00e9juger de la suite r\u00e9serv\u00e9e \u00e0 cette surprenante proc\u00e9dure, le Groupe Patronal de la Presse s\u2019interroge sur l\u2019opportunit\u00e9 d\u2019une telle d\u00e9marche ainsi que sur la teneur des griefs expos\u00e9s dans la correspondance de la HAC en date du 12 octobre. Il l\u2019assimilable par cons\u00e9quent \u00e0 une tentative de mus\u00e8lement de la presse et d\u2019\u00e9touffement de l\u2019expression plurielle, dans un pays o\u00f9 les libert\u00e9s fondamentales demeurent garanties par la constitution en vigueur.<\/p>\n\n\n\n<p>Le Groupe patronal de la presse \u00e9crite r\u00e9affirme son attachement ind\u00e9fectible \u00e0 la libert\u00e9 de la presse, \u00e0 la libert\u00e9 de pens\u00e9e et rappelle \u00e0 la HAC la port\u00e9e de son statut d\u2019autorit\u00e9 ind\u00e9pendante ainsi que son devoir d\u2019\u00e9quidistance entre la presse et les pouvoirs en place.<\/p>\n\n\n\n<p>Le Groupe exhorte, par ailleurs, les confr\u00e8res \u00e0 la vigilance et les invite \u00e0 suivre avec l\u2019attention requise cette proc\u00e9dure, au regard de ses possibles r\u00e9percussions sur l\u2019ensemble de la profession.<\/p>\n\n\n\n<p><strong>Pour le Groupe<\/strong><\/p>\n\n\n\n<p><strong>Chahana Takiou<\/strong><\/p>\n\n\n\n<p><strong>Le R\u00e9publicain Mali<\/strong><\/p>\n","protected":false},"excerpt":{"rendered":"<p>GROUPE PATRONAL DE LA PRESSE ECRITE \/ Communiqu\u00e9 Le Groupe Patronal de la Presse \u00e9crite a pris connaissance avec stup\u00e9faction et inqui\u00e9tude, via les r\u00e9seaux sociaux, d\u2019une convocation adress\u00e9e par&hellip;<\/p>\n","protected":false},"author":1,"featured_media":9211,"comment_status":"open","ping_status":"closed","sticky":false,"template":"","format":"standard","meta":{"content-type":"","_lmt_disableupdate":"","_lmt_disable":"","_jetpack_memberships_contains_paid_content":false,"footnotes":"","jetpack_publicize_message":"","jetpack_publicize_feature_enabled":true,"jetpack_social_post_already_shared":false,"jetpack_social_options":{"image_generator_settings":{"template":"highway","default_image_id":0,"font":"","enabled":false},"version":2}},"categories":[35,69,21],"tags":[],"class_list":["post-9210","post","type-post","status-publish","format-standard","has-post-thumbnail","hentry","category-communique","category-le-republicain-mali","category-societe"],"jetpack_publicize_connections":[],"featured_image_urls":{"full":"","thumbnail":"","medium":"","medium_large":"","large":"","1536x1536":"","2048x2048":"","penci-recipe-1200x1200":"","penci-recipe-1200x900":"","penci-recipe-1200x675":"","penci-single-full":"","penci-slider-full-thumb":"","penci-full-thumb":"","penci-slider-thumb":"","penci-magazine-slider":"","penci-thumb":"","penci-masonry-thumb":"","penci-thumb-square":"","penci-thumb-vertical":"","penci-thumb-small":""},"author_info":{"display_name":"Nandi","author_link":"https:\/\/nandi.info\/?author=1"},"category_info":"<a href=\"https:\/\/nandi.info\/?cat=35\" rel=\"category\">Communiqu\u00e9<\/a> <a href=\"https:\/\/nandi.info\/?cat=69\" rel=\"category\">Le R\u00e9publicain Mali<\/a> <a href=\"https:\/\/nandi.info\/?cat=21\" rel=\"category\">Soci\u00e9t\u00e9<\/a>","tag_info":"Soci\u00e9t\u00e9","comment_count":"0","jetpack_featured_media_url":"","jetpack_sharing_enabled":true,"_links":{"self":[{"href":"https:\/\/nandi.info\/index.php?rest_route=\/wp\/v2\/posts\/9210","targetHints":{"allow":["GET"]}}],"collection":[{"href":"https:\/\/nandi.info\/index.php?rest_route=\/wp\/v2\/posts"}],"about":[{"href":"https:\/\/nandi.info\/index.php?rest_route=\/wp\/v2\/types\/post"}],"author":[{"embeddable":true,"href":"https:\/\/nandi.info\/index.php?rest_route=\/wp\/v2\/users\/1"}],"replies":[{"embeddable":true,"href":"https:\/\/nandi.info\/index.php?rest_route=%2Fwp%2Fv2%2Fcomments&post=9210"}],"version-history":[{"count":0,"href":"https:\/\/nandi.info\/index.php?rest_route=\/wp\/v2\/posts\/9210\/revisions"}],"wp:featuredmedia":[{"embeddable":true,"href":"https:\/\/nandi.info\/index.php?rest_route=\/"}],"wp:attachment":[{"href":"https:\/\/nandi.info\/index.php?rest_route=%2Fwp%2Fv2%2Fmedia&parent=9210"}],"wp:term":[{"taxonomy":"category","embeddable":true,"href":"https:\/\/nandi.info\/index.php?rest_route=%2Fwp%2Fv2%2Fcategories&post=9210"},{"taxonomy":"post_tag","embeddable":true,"href":"https:\/\/nandi.info\/index.php?rest_route=%2Fwp%2Fv2%2Ftags&post=9210"}],"curies":[{"name":"wp","href":"https:\/\/api.w.org\/{rel}","templated":true}]}}