{"id":9174,"date":"2022-10-17T08:37:00","date_gmt":"2022-10-17T06:37:00","guid":{"rendered":"https:\/\/nandi.info\/?p=9174"},"modified":"2022-10-17T08:37:00","modified_gmt":"2022-10-17T06:37:00","slug":"les-mandats-des-elus-proroges-de-nouveau-a-titre-exceptionnel-quand-la-situation-difficile-du-pays-fait-le-bonheur-des-elus-locaux","status":"publish","type":"post","link":"https:\/\/nandi.info\/?p=9174","title":{"rendered":"<strong>Les mandats des \u00e9lus prorog\u00e9s de nouveau \u00e0 titre exceptionnel&nbsp;: Quand la situation difficile du pays fait le bonheur des \u00e9lus locaux<\/strong>"},"content":{"rendered":"\n<p><strong><em>Le Conseil des ministres du mercredi 12 Octobre dernier a adopt\u00e9 un projet de loi portant prorogation de mandats des Conseils Communaux \u00e0 titre exceptionnel. Cette ixi\u00e8me prorogation vient abroger le mandat des maires \u00e9lus le 20 Novembre 2016 qui fut prorog\u00e9 \u00e0 deux reprises de 6 mois. Et la deuxi\u00e8me prorogation intervenue \u00e0 travers le D\u00e9cret n\u00b02022-0297\/PT-RM du 20 mai 2022,&nbsp; arrive \u00e0 terme le 22 novembre prochain \u00e0 minuit. Tout cela est d\u00fb \u00e0 la situation s\u00e9curitaire, tr\u00e8s pr\u00e9occupante dans plusieurs localit\u00e9s du pays.<\/em><\/strong><\/p>\n\n\n\n<p class=\"has-drop-cap\">C\u2019\u00e9tait sur le rapport du ministre de l\u2019Administration Territoriale et de la D\u00e9centralisation, le Colonel Abdoulaye Ma\u00efga que le Conseil des Ministres du mercredi 12, dans son chapitre des mesures l\u00e9gislatives et r\u00e8glements, a adopt\u00e9 un projet de loi portant prorogation de mandats de Conseils communaux \u00e0 titre exceptionnel.<\/p>\n\n\n\n<p>En effet, avant cette prolongation \u00e0 titre exceptionnel, le mandat des Conseils communaux, \u00e9lus le 20 novembre 2016, a \u00e9t\u00e9 prorog\u00e9 \u00e0 deux reprises de 6 mois. De plus, la deuxi\u00e8me prorogation est intervenue \u00e0 travers le D\u00e9cret n\u00b02022-0297\/PT-RM du 20 mai 2022, qui arrive \u00e0 \u00e9ch\u00e9ance le 22 novembre 2022 \u00e0 minuit.<\/p>\n\n\n\n<p>Face aux n\u00e9cessit\u00e9s exig\u00e9es par les circonstances, notamment l\u2019impossibilit\u00e9 de tenir les \u00e9lections communales \u00e0 l\u2019\u00e9ch\u00e9ance pr\u00e9vue, nous apprend la source officielle, le Gouvernement a d\u00e9cid\u00e9 de proroger, \u00e0 titre exceptionnel, le mandat des Conseils communaux. Egalement, le projet de loi adopt\u00e9 proroge, \u00e0 titre exceptionnel, le mandat des Conseils communaux \u00e9lus le 20 novembre 2016, \u00e0 l\u2019exception de ceux dont l\u2019annulation de l\u2019\u00e9lection est devenue d\u00e9finitive, \u00e0 compter du 23 novembre 2022, jusqu\u2019\u00e0 l\u2019installation de nouveaux Conseils communaux.<\/p>\n\n\n\n<p>Aussi, permettra ce rallongement, conform\u00e9ment aux conclusions des Assises nationales de la Refondation (ANR), aux \u00e9lus en poste d\u2019assurer la continuit\u00e9 de l\u2019action publique, pour cela, \u00e0 travers la fourniture des services sociaux de base et de pr\u00e9server la stabilit\u00e9. D\u00e9cidemment, le malheur du Mali fait le bonheur de nos \u00e9lus locaux.<\/p>\n\n\n\n<p><strong>Par Mariam Sissoko<\/strong><\/p>\n\n\n\n<p><strong>Le  Sursaut<\/strong><\/p>\n","protected":false},"excerpt":{"rendered":"<p>Le Conseil des ministres du mercredi 12 Octobre dernier a adopt\u00e9 un projet de loi portant prorogation de mandats des Conseils Communaux \u00e0 titre exceptionnel. Cette ixi\u00e8me prorogation vient abroger&hellip;<\/p>\n","protected":false},"author":1,"featured_media":0,"comment_status":"open","ping_status":"closed","sticky":false,"template":"","format":"standard","meta":{"content-type":"","_lmt_disableupdate":"","_lmt_disable":"","_jetpack_memberships_contains_paid_content":false,"footnotes":"","jetpack_publicize_message":"","jetpack_publicize_feature_enabled":true,"jetpack_social_post_already_shared":true,"jetpack_social_options":{"image_generator_settings":{"template":"highway","default_image_id":0,"font":"","enabled":false},"version":2}},"categories":[74,23],"tags":[],"class_list":["post-9174","post","type-post","status-publish","format-standard","hentry","category-nation","category-politique"],"jetpack_publicize_connections":[],"featured_image_urls":{"full":"","thumbnail":"","medium":"","medium_large":"","large":"","1536x1536":"","2048x2048":"","penci-recipe-1200x1200":"","penci-recipe-1200x900":"","penci-recipe-1200x675":"","penci-single-full":"","penci-slider-full-thumb":"","penci-full-thumb":"","penci-slider-thumb":"","penci-magazine-slider":"","penci-thumb":"","penci-masonry-thumb":"","penci-thumb-square":"","penci-thumb-vertical":"","penci-thumb-small":""},"author_info":{"display_name":"Nandi","author_link":"https:\/\/nandi.info\/?author=1"},"category_info":"<a href=\"https:\/\/nandi.info\/?cat=74\" rel=\"category\">Nation<\/a> <a href=\"https:\/\/nandi.info\/?cat=23\" rel=\"category\">Politique<\/a>","tag_info":"Politique","comment_count":"0","jetpack_featured_media_url":"","jetpack_sharing_enabled":true,"_links":{"self":[{"href":"https:\/\/nandi.info\/index.php?rest_route=\/wp\/v2\/posts\/9174","targetHints":{"allow":["GET"]}}],"collection":[{"href":"https:\/\/nandi.info\/index.php?rest_route=\/wp\/v2\/posts"}],"about":[{"href":"https:\/\/nandi.info\/index.php?rest_route=\/wp\/v2\/types\/post"}],"author":[{"embeddable":true,"href":"https:\/\/nandi.info\/index.php?rest_route=\/wp\/v2\/users\/1"}],"replies":[{"embeddable":true,"href":"https:\/\/nandi.info\/index.php?rest_route=%2Fwp%2Fv2%2Fcomments&post=9174"}],"version-history":[{"count":0,"href":"https:\/\/nandi.info\/index.php?rest_route=\/wp\/v2\/posts\/9174\/revisions"}],"wp:attachment":[{"href":"https:\/\/nandi.info\/index.php?rest_route=%2Fwp%2Fv2%2Fmedia&parent=9174"}],"wp:term":[{"taxonomy":"category","embeddable":true,"href":"https:\/\/nandi.info\/index.php?rest_route=%2Fwp%2Fv2%2Fcategories&post=9174"},{"taxonomy":"post_tag","embeddable":true,"href":"https:\/\/nandi.info\/index.php?rest_route=%2Fwp%2Fv2%2Ftags&post=9174"}],"curies":[{"name":"wp","href":"https:\/\/api.w.org\/{rel}","templated":true}]}}