{"id":9155,"date":"2022-10-15T19:35:46","date_gmt":"2022-10-15T17:35:46","guid":{"rendered":"https:\/\/nandi.info\/?p=9155"},"modified":"2022-10-15T19:35:46","modified_gmt":"2022-10-15T17:35:46","slug":"une-vie-pour-le-mali-presentation-et-dedicace-du-livre-dahmed-mohamed-ag-hamani","status":"publish","type":"post","link":"https:\/\/nandi.info\/?p=9155","title":{"rendered":"\u201cUne vie pour le Mali\u201d : Pr\u00e9sentation et d\u00e9dicace du livre d\u2019Ahmed Mohamed Ag Hamani"},"content":{"rendered":"\n<p><strong><em>La c\u00e9r\u00e9monie de pr\u00e9sentation et de d\u00e9dicace du livre \u201cUne vie pour le Mali\u201d, d\u2019Ahmed Mohamed Ag Hamani, ancien Premier ministre du Mali, a eu lieu le samedi 8 octobre 2022 au CICB. Ce livre de 220 pages retrace une vie au service du Mali qui m\u00e9rite d\u2019\u00eatre connu par les g\u00e9n\u00e9rations actuelles et futures, pour une meilleure connaissance de l\u2019histoire contemporaine du pays, ses succ\u00e8s et ses perspectives.<\/em><\/strong><\/p>\n\n\n\n<p class=\"has-drop-cap\">Dans l\u2019ouvrage, l\u2019ancien Premier ministre se confie \u00e0 Tidjani Djim\u00e9 Diallo, journaliste qui retrace le parcours remarquable de ce fils de berger devenu un haut cadre de l\u2019administration. Son enfance, son parcours scolaire, professionnel, bref, ce livre constitue les m\u00e9moires de ce t\u00e9moin vivant de l\u2019histoire contemporaine du Mali.&nbsp; Il a consacr\u00e9 sa vie au Mali et c\u2019est d\u2019ailleurs le titre de cet ouvrage. Dans ces 220 pages, le natif de Goundam s\u2019est confi\u00e9 au journaliste Tidiani Djim\u00e9 Diallo en toute confiance.&nbsp;<em>\u201cJe suis certain que je ne suis pas le meilleur des \u00e9crivains. Je sais aussi qu\u2019on ne parle pas beaucoup dans votre culture, surtout parler de soi-m\u00eame. Pendant 18 mois, tous les jours, des fois plusieurs fois par jour nous \u00e9changeons et ce faisant on m\u2019avait donn\u00e9 le plus grand des cadeaux. Un cadeau qui devient de plus en plus rare dans ce monde. Il s\u2019agit de la confiance. Monsieur le Premier ministre m\u2019a fait confiance. En retour je voudrais prendre cette belle assistance \u00e0 t\u00e9moin pour vous exprimer ma gratitude, ma consid\u00e9ration et ma loyaut\u00e9\u201d<\/em>, a indiqu\u00e9 Tidiani Djim\u00e9 Diallo, journaliste, \u00e9crivain et co-auteur du livre.<\/p>\n\n\n\n<figure class=\"wp-block-image alignleft is-resized\" id=\"attachment_2995081\"><img fetchpriority=\"high\" decoding=\"async\" src=\"https:\/\/www.maliweb.net\/wp-content\/news\/images\/2022\/10\/Ag-Hamani.jpg\" alt=\"\" class=\"wp-image-2995081\" width=\"536\" height=\"474\"\/><figcaption>Mohamed Ag Hamani<\/figcaption><\/figure>\n\n\n\n<p>Dans cet ouvrage, ce grand commis de l\u2019Etat qui est Ag Hamani se d\u00e9voile comme jamais auparavant. De son enfance et son parcours scolaire, en passant par sa carri\u00e8re professionnelle et politique. Une riche exp\u00e9rience qu\u2019il partage avec la jeune g\u00e9n\u00e9ration. Du haut de ses 80 ans et t\u00e9moin vivant du Mali contemporain, il se plonge \u00e9galement sur la situation actuelle du pays.&nbsp;<em>\u201cDans ce chapitre, qui fera certainement l\u2019objet de nombreuses observations de la part de la classe politique, je donne ma lecture du parcours atypique du Mali pendant 60 ann\u00e9es, marqu\u00e9es par une alternance de troubles sociopolitiques, des rebellions et de coups d\u2019Etat militaires. Et je pose la question de savoir, avec toutes ces exp\u00e9riences, pourquoi ou comment nous n\u2019avons pas encore trouv\u00e9 de politiques et strat\u00e9gies efficientes pour sortir de ce cercle vicieux, dont nous vivons aujourd\u2019hui une les p\u00e9riodes les plus cruciales de l\u2019existence du Mali la\u00efc et r\u00e9publicain. Avant de r\u00e9pondre \u00e0 la question \u201cque faire ?\u201d J\u2019essaie de situer les responsabilit\u00e9s des diff\u00e9rents acteurs, classe politique, administration, soci\u00e9t\u00e9 civile, y compris les l\u00e9gitimit\u00e9s traditionnelles, les leaders religieux et enfin la communaut\u00e9 internationale qui n\u2019est pas exempte de reproches\u201d<\/em>, a expliqu\u00e9 Ahmed Mohamed Ag Hamani, auteur du livre&nbsp;<strong>\u201cUne vie pour le Mali\u201d<\/strong>.<\/p>\n\n\n\n<p>Pour la c\u00e9r\u00e9monie de d\u00e9dicace du livre, de nombreuses personnalit\u00e9s qui ont connu l\u2019homme de pr\u00eat ou de loin ont tenu \u00e0 y assister. Ahmed Mohamed Ag Hamani est un patriote au parcours inspirant. Ing\u00e9nieur statisticien de formation, il reste toujours actif dans diff\u00e9rentes associations et organisation comme quoi servir son pays n\u2019est pas une question d\u2019\u00e2ge, s\u2019il y a la volont\u00e9, on peut le faire \u00e0 tout moment.&nbsp;<strong>&nbsp;&nbsp;&nbsp;&nbsp;&nbsp;&nbsp;&nbsp;&nbsp;&nbsp;&nbsp;&nbsp;&nbsp;&nbsp;&nbsp;&nbsp;&nbsp;<\/strong><\/p>\n\n\n\n<p><strong>Marie Demb\u00e9l\u00e9<\/strong><\/p>\n\n\n\n<p><\/p>\n\n\n\n<h2 class=\"has-large-font-size wp-block-heading\"><strong>Ahmed Mohamed Ag Hamani :<\/strong> <strong>Un Malien au vrai sens du terme<\/strong><\/h2>\n\n\n\n<p><strong><em>Plusieurs personnalit\u00e9s ont assist\u00e9 \u00e0 la s\u00e9ance de pr\u00e9sentation et de d\u00e9dicace du livre intitul\u00e9 : \u201cUne vie pour le Mali\u201d d\u2019Ahmed Mohamed Ag Hamani, ancien Premier ministre. La c\u00e9r\u00e9monie \u00e9tait riche en t\u00e9moignage sur l\u2019homme et l\u2019homme d\u2019Etat caract\u00e9ris\u00e9 par la confiance, l\u2019honn\u00eatet\u00e9, l\u2019int\u00e9grit\u00e9 et le sens \u00e9lev\u00e9 de la responsabilit\u00e9.<\/em><\/strong><\/p>\n\n\n\n<p class=\"has-drop-cap\">Ing\u00e9nieur statisticien, cadre \u00e9m\u00e9rite au parcours remarquable, Ahmed Mohamed Ag Hamani a \u00e9t\u00e9 successivement ministre de tutelle des Soci\u00e9t\u00e9s et Entreprises d\u2019Etat, ministre de l\u2019Information et des T\u00e9l\u00e9communications, ministre du Plan, ministre des Sports, des Arts et de la Culture, ministre des Transports et des Travaux publics et Haut-commissaire de l\u2019Organisation pour la mise en valeur du fleuve S\u00e9n\u00e9gal (OMVS).<\/p>\n\n\n\n<p>Il a \u00e9t\u00e9 ambassadeur du Mali successivement au Maroc, en Belgique, au Grand-Duch\u00e9 du Luxembourg, en Grande-Bretagne et \u00e0 l\u2019Union europ\u00e9enne. Premier ministre, chef du gouvernement, Ahmed Mohamed Ag Hamani a toujours \u00e9t\u00e9 au premier plan et conna\u00eet dans les moindres d\u00e9tails, toutes les p\u00e9rip\u00e9ties du Mali de ces cinquante derni\u00e8res ann\u00e9es.<\/p>\n\n\n\n<p>Des t\u00e9moignages des parents, amis et collaborateurs<\/p>\n\n\n\n<p><em>\u201cIl est venu me trouver au lyc\u00e9e Terrasson de Foug\u00e8res. Ils \u00e9taient \u00abnos bleus\u00bb. Nous l\u2019avons vu grandir et devenir une personnalit\u00e9 naturellement imposante. Bien que fils de berger et de berg\u00e8re, gr\u00e2ce \u00e0 l\u2019\u00e9cole coranique, il a pris de l\u2019ascendance sur nous autres. Le courant a pass\u00e9 couramment entre lui et nous, chacun pensant de l\u2019autre qu\u2019il est quelque fois impertinent et passionn\u00e9 de v\u00e9rit\u00e9. Nous nous la disions sans jamais nous vexer parce que chacun savait qu\u2019il n\u2019\u00e9tait rien d\u2019autre que fils de berger et de berg\u00e8re. Je l\u2019ai crois\u00e9 dans les diff\u00e9rentes ambassades quand j\u2019\u00e9tais aux affaires et c\u2019\u00e9tait toujours avec plaisir qu\u2019il m\u2019accueillait dans ses r\u00e9sidences. Je m\u2019en vais lire ce livre avec beaucoup de passion\u201d<\/em>, a t\u00e9moign\u00e9 le Pr. Ali Nouhoum Diallo.<\/p>\n\n\n\n<p><em>\u201cJe me suis retrouv\u00e9 ministre de l\u2019Enseignement sup\u00e9rieur et de la Recherche scientifique en mission au Maroc. Cet homme s\u2019est mis au service du jeune homme que j\u2019\u00e9tais pour que ma participation puisse \u00eatre de qualit\u00e9. Il \u00e9tait ambassadeur, il a mis la main \u00e0 la p\u00e2te jusqu\u2019\u00e0 3 h du matin pour retravailler le discours que je devais pr\u00e9senter \u00e0 l\u2019assembl\u00e9e g\u00e9n\u00e9rale. Cet homme a re\u00e7u un coup terrible. Pendant la r\u00e9bellion, on a tu\u00e9 son grand fr\u00e8re, mais jamais il n\u2019a ressenti quoi que ce soit contre le Mali, sa nation<\/em>\u201c, notera le Pr. Younouss Ham\u00e8ye Dicko.<\/p>\n\n\n\n<p><em>\u201cJe suis en relation de confiance avec Ag Hamani depuis 40 ans. C\u2019est un homme rigoureux, instruit, ouvert et dynamique\u201d<\/em>, a mentionn\u00e9 Zeidane Ag Sidalamine, conseiller sp\u00e9cial \u00e0 la commission de DDR.<\/p>\n\n\n\n<p><em>\u201cJe suis venu en tant que compagnon d\u2019Ahmed Mohamed Ag Hamani qui est un grand Malien dans tous les sens du terme. J\u2019ai eu le bonheur de servir sous sa direction dans les ann\u00e9es 99 comme conseiller \u00e0 l\u2019ambassade du Mali en Belgique et depuis c\u2019est un homme exceptionnel que j\u2019admire beaucoup pour son combat, pour son parcours, pour sa sinc\u00e9rit\u00e9, pour sa droiture et pour la v\u00e9rit\u00e9 constante qu\u2019il a en tant qu\u2019homme. C\u2019est un homme merveilleux qui a un sens \u00e9lev\u00e9 de l\u2019humour, mais je crois qu\u2019aujourd\u2019hui par rapport aux d\u00e9fis que traverse notre pays, c\u2019est aussi un exemple. C\u2019est un homme qui est rest\u00e9 attach\u00e9 \u00e0 son pays, \u00e0 l\u2019unit\u00e9 nationale de notre pays, \u00e0 la diversit\u00e9 de notre pays. Ce livre est une grande source d\u2019inspiration et je recommande \u00e0 chacun de nous de pouvoir lire et de s\u2019inspirer de sa vie. Les hommes comme Ag Hamani ne sont pas des hommes d\u00e9pass\u00e9s, ce sont des hommes d\u2019aujourd\u2019hui et de demain\u201d<\/em>, a d\u00e9clar\u00e9 Abdoulaye Diop, ministre des Affaires \u00e9trang\u00e8res et de la Coop\u00e9ration internationale du Mali.<\/p>\n\n\n\n<p><em>\u201cJ\u2019exprime mes sentiments d\u2019attachement \u00e0 sa personne \u00e0 cause de sa sinc\u00e9rit\u00e9. L\u2019ouvrage dont il a pris le risque de publier nous interpelle tous pour que nous puissions nous munir chaque jour de la lumi\u00e8re de ses b\u00e9n\u00e9dictions. Qu\u2019est-ce que ma vie a apport\u00e9 \u00e0 la nation ? Aux voisins ? Cela est extr\u00eamement important. J\u2019invite chacun \u00e0 quitter dans l\u2019oralit\u00e9 et prendre le risque d\u2019\u00e9crire\u201d<\/em>, a souhait\u00e9 Son Eminence le Cardinal Jean Zerbo.<\/p>\n\n\n\n<p><em>\u201cNous l\u2019avons \u00e9dit\u00e9 parce que les auteurs sont connus. Ce livre va faire battre l\u2019histoire de notre pays\u201d,<\/em>&nbsp;a soupir\u00e9 Faustin Sylla, \u00e9diteur du livre \u201cUne vie pour le Mali\u201d.<\/p>\n\n\n\n<p>Le succ\u00e8s est une question de personnalit\u00e9 et la personnalit\u00e9 se forge avec le temps. En 60 ans de carri\u00e8re administrative, diplomatique et politique, Ahmed Mohamed Ag Hamani, ancien Premier ministre s\u2019est forg\u00e9 une grande personnalit\u00e9 int\u00e8gre, rigoureuse et honn\u00eate. Aujourd\u2019hui encore, il est toujours actif. Outre la charge de pr\u00e9sident du conseil d\u2019administration (PCA) de la Banque de d\u00e9veloppement du Mali (BDM-SA), premi\u00e8re institution bancaire du pays, l\u2019ancien Premier ministre \u0153uvre \u00e9galement pour la paix et le d\u00e9veloppement \u00e0 travers des structures qu\u2019il anime et pr\u00e9side, telles que l\u2019Association pour la revalorisation de l\u2019expertise nationale (Arena), la Plateforme des cadres Kel Tamasheq pour la paix, l\u2019unit\u00e9 et la r\u00e9conciliation nationale, la Coalition citoyenne de la soci\u00e9t\u00e9 civile pour la paix, l\u2019unit\u00e9 et la r\u00e9conciliation nationale au Mali (CCSC\/PURN).<strong>&nbsp; &nbsp; &nbsp; &nbsp; &nbsp; &nbsp; &nbsp; &nbsp; &nbsp; &nbsp; &nbsp; &nbsp; &nbsp; &nbsp; &nbsp; &nbsp; &nbsp; &nbsp; &nbsp; &nbsp; &nbsp; &nbsp;<\/strong><\/p>\n\n\n\n<p><strong>Marie Demb\u00e9l\u00e9<\/strong><\/p>\n","protected":false},"excerpt":{"rendered":"<p>La c\u00e9r\u00e9monie de pr\u00e9sentation et de d\u00e9dicace du livre \u201cUne vie pour le Mali\u201d, d\u2019Ahmed Mohamed Ag Hamani, ancien Premier ministre du Mali, a eu lieu le samedi 8 octobre&hellip;<\/p>\n","protected":false},"author":1,"featured_media":9158,"comment_status":"open","ping_status":"closed","sticky":false,"template":"","format":"standard","meta":{"content-type":"","_lmt_disableupdate":"","_lmt_disable":"","_jetpack_memberships_contains_paid_content":false,"footnotes":"","jetpack_publicize_message":"","jetpack_publicize_feature_enabled":true,"jetpack_social_post_already_shared":true,"jetpack_social_options":{"image_generator_settings":{"template":"highway","default_image_id":0,"font":"","enabled":false},"version":2}},"categories":[19,32],"tags":[],"class_list":["post-9155","post","type-post","status-publish","format-standard","has-post-thumbnail","hentry","category-aujourdhui-mali","category-musique-art-et-culture"],"jetpack_publicize_connections":[],"featured_image_urls":{"full":"","thumbnail":"","medium":"","medium_large":"","large":"","1536x1536":"","2048x2048":"","penci-recipe-1200x1200":"","penci-recipe-1200x900":"","penci-recipe-1200x675":"","penci-single-full":"","penci-slider-full-thumb":"","penci-full-thumb":"","penci-slider-thumb":"","penci-magazine-slider":"","penci-thumb":"","penci-masonry-thumb":"","penci-thumb-square":"","penci-thumb-vertical":"","penci-thumb-small":""},"author_info":{"display_name":"Nandi","author_link":"https:\/\/nandi.info\/?author=1"},"category_info":"<a href=\"https:\/\/nandi.info\/?cat=19\" rel=\"category\">Aujourd\u2019hui Mali<\/a> <a href=\"https:\/\/nandi.info\/?cat=32\" rel=\"category\">Musique Art et Culture<\/a>","tag_info":"Musique Art et Culture","comment_count":"0","jetpack_featured_media_url":"","jetpack_sharing_enabled":true,"_links":{"self":[{"href":"https:\/\/nandi.info\/index.php?rest_route=\/wp\/v2\/posts\/9155","targetHints":{"allow":["GET"]}}],"collection":[{"href":"https:\/\/nandi.info\/index.php?rest_route=\/wp\/v2\/posts"}],"about":[{"href":"https:\/\/nandi.info\/index.php?rest_route=\/wp\/v2\/types\/post"}],"author":[{"embeddable":true,"href":"https:\/\/nandi.info\/index.php?rest_route=\/wp\/v2\/users\/1"}],"replies":[{"embeddable":true,"href":"https:\/\/nandi.info\/index.php?rest_route=%2Fwp%2Fv2%2Fcomments&post=9155"}],"version-history":[{"count":0,"href":"https:\/\/nandi.info\/index.php?rest_route=\/wp\/v2\/posts\/9155\/revisions"}],"wp:featuredmedia":[{"embeddable":true,"href":"https:\/\/nandi.info\/index.php?rest_route=\/"}],"wp:attachment":[{"href":"https:\/\/nandi.info\/index.php?rest_route=%2Fwp%2Fv2%2Fmedia&parent=9155"}],"wp:term":[{"taxonomy":"category","embeddable":true,"href":"https:\/\/nandi.info\/index.php?rest_route=%2Fwp%2Fv2%2Fcategories&post=9155"},{"taxonomy":"post_tag","embeddable":true,"href":"https:\/\/nandi.info\/index.php?rest_route=%2Fwp%2Fv2%2Ftags&post=9155"}],"curies":[{"name":"wp","href":"https:\/\/api.w.org\/{rel}","templated":true}]}}