{"id":9154,"date":"2022-10-15T10:30:00","date_gmt":"2022-10-15T08:30:00","guid":{"rendered":"https:\/\/nandi.info\/?p=9154"},"modified":"2022-10-15T10:30:00","modified_gmt":"2022-10-15T08:30:00","slug":"que-sont-ils-devenus-adama-kone-limmense-athlete-le-ministre-et-lhomme-politique","status":"publish","type":"post","link":"https:\/\/nandi.info\/?p=9154","title":{"rendered":"Que sont-ils devenus\u2026 Adama Kon\u00e9 : L\u2019immense athl\u00e8te, le ministre et l\u2019homme politique"},"content":{"rendered":"\n<p><strong><em>Le nom d\u2019Adama Kon\u00e9 renvoie \u00e0 l\u2019homme qui s\u2019est illustr\u00e9 par trois casquettes : athl\u00e8te, grand commis de l\u2019Etat,&nbsp; homme politique. Il fait partie des sportifs que nous avons connus et c\u00f4toy\u00e9s durant notre adolescence et jeunesse au d\u00e9but des ann\u00e9es 1980. C\u2019\u00e9tait \u00e0 la faveur du cross-country organis\u00e9 en son temps par la mairie de la Commune III, sous le parrainage de&nbsp; la section UDPM de la Commune.&nbsp; Durant trois ans, il a occup\u00e9 la premi\u00e8re place de la cat\u00e9gorie senior sur une distance de 15 km. Tel un pr\u00e9sident, il se signalait \u00e0 l\u2019arriv\u00e9e par une escorte de supporters de son club,&nbsp; le Djoliba AC, qui l\u2019encadraient et le galvanisaient. Adama Kon\u00e9 en sa qualit\u00e9 de ministre des Sports est, devant l\u2019Histoire, l\u2019initiateur de la candidature du Mali pour l\u2019organisation de la Can-2002 dans notre pays. R\u00eave ou m\u00e9galomanie ? Parce que le Mali ne poss\u00e9dait rien en termes d\u2019infrastructures. Il fallait tout cr\u00e9er. Mais il a tellement insist\u00e9 sur sa communication verbale en conseil de ministres,&nbsp; que le pr\u00e9sident Alpha Oumar Konar\u00e9 a fini par adh\u00e9rer au projet. Seulement \u00e0 six mois de la Can, Adama Kon\u00e9 est d\u00e9barqu\u00e9 du gouvernement,&nbsp; quand tous les obstacles \u00e9taient presque lev\u00e9s. Quel \u00e9tait son secret dans l\u2019athl\u00e9tisme ? Comment il a atteint le haut niveau ? Pourquoi et comment la Can-2002 fut un projet de d\u00e9veloppement ? Cela fait des ann\u00e9es que l\u2019ancien ministre observe un silence de carpe, la rubrique \u201cQue sont-ils devenus?\u201d&nbsp; l\u2019a rencontr\u00e9 pour parler de sa carri\u00e8re aux trois niveaux pr\u00e9cit\u00e9s.<\/em><\/strong><\/p>\n\n\n\n<p class=\"has-drop-cap\">Adama Kon\u00e9 \u00e9tait un athl\u00e8te imbattable aux 800, 1500 et 5000 m\u00e8tres. Il se battait pour la gloire du pays, les bons r\u00e9sultats et non l\u2019argent. Infatigable sur toute la ligne, il ne montrait jamais de signe de fatigue dans une comp\u00e9tition. Dans un rythme cadenc\u00e9 en fonction de la distance, il donnait un vrai faux espoir \u00e0 ses adversaires pour ensuite les coiffer au poteau par une acc\u00e9l\u00e9ration qui refl\u00e9tait sa forme du jour.<\/p>\n\n\n\n<p>Adama Kon\u00e9 a-t-il un secret ? Non, r\u00e9pond-t-il. Fils de paysans, il sait ce qu\u2019il a laiss\u00e9 derri\u00e8re lui au village et pourquoi il est \u00e0 Bamako. Une auto \u00e9ducation qui l\u2019\u00e9loigne des excitants pour une vie de sportif.&nbsp; Cependant, \u00e0 l\u2019avant veille de la Can-2002, le choix des villes pour abriter les matches fait couler beaucoup d\u2019encre. Nous revenons sur cet \u00e9pisode avec le ministre Kon\u00e9, qui \u00e9tait au centre du pilotage du sport malien.<\/p>\n\n\n\n<figure class=\"wp-block-image\" id=\"attachment_2995079\"><img decoding=\"async\" src=\"https:\/\/www.maliweb.net\/wp-content\/news\/images\/2022\/10\/Adama-Kone-politique.jpg\" alt=\"\" class=\"wp-image-2995079\"\/><figcaption>Adama Kon\u00e9<\/figcaption><\/figure>\n\n\n\n<p><em>\u201cJeune fr\u00e8re Roger vous r\u00e9veillez un vieux d\u00e9mon. Cette histoire perturbait mon sommeil \u00e0 l\u2019\u00e9poque. Toutes les r\u00e9gions ont envoy\u00e9 une d\u00e9l\u00e9gation. Celle de Kayes soutenait que le seul fait que le pr\u00e9sident Alpha Oumar Konar\u00e9 soit originaire de la premi\u00e8re r\u00e9gion, suffit pour retenir la Cit\u00e9 des rails. Je suis n\u00e9 \u00e0 Sikasso, des \u00e9tudes m\u2019ont conduit \u00e0 S\u00e9gou. Les deux zones se disputaient ma paternit\u00e9 pour b\u00e9n\u00e9ficier de mon soutien. Au m\u00eame moment Mopti et Sevar\u00e9 s\u2019entre-d\u00e9chiraient sur le choix de terrains. Comment faire pour satisfaire tout le monde ? Alors que deux villes seulement devaient \u00eatre retenues. J\u2019ai pr\u00e9sent\u00e9 une communication verbale en conseil des ministres en mettant un accent particulier sur la frustration sociale. Aussi j\u2019ai d\u00e9velopp\u00e9 l\u2019argumentation sur le projet de soci\u00e9t\u00e9 que la comp\u00e9tition offre comme opportunit\u00e9. La solidarit\u00e9 gouvernementale m\u2019a permis de solutionner le probl\u00e8me. C\u2019est ainsi que toutes les villes ont \u00e9t\u00e9 choisies. Pour le cas de Mopti, il a \u00e9t\u00e9 d\u00e9cid\u00e9 de r\u00e9aliser un terrain d\u2019entra\u00eenement \u00e0 Sevar\u00e9 pour calmer les esprits\u201d.<\/em><\/p>\n\n\n\n<p>Initialement, Adama Kon\u00e9 pratiquait toutes les disciplines lors des semaines locales \u00e0 San, dans la r\u00e9gion de S\u00e9gou. Admis au DEF en 1973 et orient\u00e9 au lyc\u00e9e Askia Mohamed, sa carri\u00e8re prend une autre dimension. Mais il devra cette ascension fulgurante \u00e0 Namakoro Niar\u00e9 (champion d\u2019Afrique en disque et poids aux Jeux africains de 1965 \u00e0 Brazzaville), pr\u00e9sident de la F\u00e9d\u00e9ration malienne d\u2019athl\u00e9tisme \u00e0 l\u2019\u00e9poque.<\/p>\n\n\n\n<p>C\u2019est par l\u2019interm\u00e9diaire d\u2019un de ses camarades du lyc\u00e9e que celui-ci le mit \u00e0 l\u2019\u00e9preuve au tournoi d\u2019ouverture de la saison. Ce jour pieds nus, Adama Kon\u00e9 a d\u00e9fi\u00e9 le champion du district et s\u2019est impos\u00e9 sur les 5000 m\u00e8tres. C\u2019est \u00e0 ce moment que Namakoro Niar\u00e9 a compris que le jeunot n\u2019est pas un novice dans l\u2019athl\u00e9tisme.&nbsp; Il lui conseillera d\u2019int\u00e9grer un club, sa prestation annon\u00e7ant un bel avenir. Adama Kon\u00e9 avait d\u00e9j\u00e0 le Djoliba dans son sang, il va donc rejoindre la grande famille Rouge. Il \u00e9crira l\u2019une des plus belles pages de son histoire avec le record de champion du Mali pendant dix ans ( 1975-1985) sur les 800, 1500 et 5000 m\u00e8tres.<\/p>\n\n\n\n<p><strong>Sport de haut niveau et \u00e9tudes<\/strong><\/p>\n\n\n\n<p>Un parcours \u00e9maill\u00e9 de comp\u00e9titions internationales : le Tournoi d\u2019athl\u00e9tisme \u00e0 Dakar en 1975 avec une m\u00e9daille d\u2019argent, celui de Lagos en 1980, les Jeux africains d\u2019Alger (1978), le tournoi Spartakyade \u00e0 Moscou (1980), trois fois premiers au cross-country de la mairie de la Commune III&nbsp; dans la cat\u00e9gorie senior&nbsp; (1981, 1982, 1983). Adama Kon\u00e9 a su concilier sports et \u00e9tudes.<\/p>\n\n\n\n<p>Nanti du baccalaur\u00e9at en s\u00e9rie sciences biologiques, il entre \u00e0 l\u2019Ecole nationale d\u2019administration. Son cursus sup\u00e9rieur est sanctionn\u00e9 par une ma\u00eetrise en \u00e9conomie. Quelques mois apr\u00e8s sa sortie il d\u00e9croche un emploi \u00e0 British Petroleum (BP), comme inspecteur commercial. Et ce jusqu\u2019en avril 1994. Un de ses amis d\u2019enfance cr\u00e9e les Stations Ben &amp; Co et lui confie la direction commerciale. Une responsabilit\u00e9 qu\u2019il assume pendant trois ans (1994- 1997).<\/p>\n\n\n\n<p>Il entre au gouvernement en 1997 comme ministre des Sports sous les couleurs du Parti pour la d\u00e9mocratie et le progr\u00e8s (PDP). Comment il a migr\u00e9 dans la politique pour occuper de hautes fonctions ? Le m\u00e9rite revient l\u00e0 aussi \u00e0 son ami, Mamadou Kouma, qui lui&nbsp; demande d\u2019\u00eatre son compagnon de lutte dans le PDP.<\/p>\n\n\n\n<p>Il commence par militer en Commune III, puis dans la section IV du district de Bamako. A la suite d\u2019une crise au PDP, Adama Kon\u00e9 est d\u00e9sign\u00e9 pour diriger la commission d\u2019organisation du congr\u00e8s extraordinaire. Il signe son entr\u00e9e dans le bureau politique national comme premier secr\u00e9taire aux relations ext\u00e9rieures. Et quand il s\u2019est agi de former un gouvernement d\u2019union nationale autour de l\u2019Ad\u00e9ma, le pr\u00e9sident Alpha Oumar Konar\u00e9 retient son dossier et le nomme comme ministre des Sports.<\/p>\n\n\n\n<p>En toute sinc\u00e9rit\u00e9, l\u2019homme s\u2019est distingu\u00e9 par sa volont\u00e9 de donner un second souffle au sport malien en g\u00e9n\u00e9ral, et le football en particulier. Aujourd\u2019hui, tr\u00e8s modeste, il se r\u00e9serve de revendiquer la paternit\u00e9 de tous les actes pos\u00e9s et qui ont fait l\u2019objet de r\u00e9ussite. Pour lui, c\u2019est le r\u00e9sultat d\u2019un travail coll\u00e9gial avec l\u2019ensemble des membres du gouvernement, ses collaborateurs. Sans le soutien et l\u2019accompagnement de ceux-ci je ne saurai r\u00e9ussir, soutient-il.<\/p>\n\n\n\n<p>A son arriv\u00e9e \u00e0 la t\u00eate du d\u00e9partement des Sports, l\u2019environnement n\u2019\u00e9tait pas sain. Adama Kon\u00e9 convainc le Premier ministre IBK et le pr\u00e9sident Alpha \u00e0 soutenir son projet. La m\u00eame ann\u00e9e les Aigles remportent la Coupe Cabral \u00e0 Banjul,&nbsp; un an plus tard les juniors cr\u00e9ent la sensation \u00e0&nbsp; la Can et \u00e0 la Coupe du monde.<\/p>\n\n\n\n<p>Mais, contre toute attente l\u2019ancien athl\u00e8te quitte le gouvernement en juin 2001. Entre-temps une autre crise au sein du PDP pr\u00e9cipite la cr\u00e9ation de son parti avec d\u2019autres partis : Parti pour la d\u00e9mocratie et le renouveau parce que les \u00e9lections municipales pointaient \u00e0 l\u2019horizon. Laquelle formation politique n\u2019a pu r\u00e9sister aux diff\u00e9rentes p\u00e9rip\u00e9ties du jeu d\u00e9mocratique. Elle finit par fusionner avec l\u2019URD.&nbsp; Par la suite, Adama Kon\u00e9 fait un passage \u00e0 l\u2019Ad\u00e9ma, puis \u00e0 la Codem. Mais pour des convenances personnelles, il soutient avoir pris du recul.<\/p>\n\n\n\n<p><strong>Humilit\u00e9<\/strong><\/p>\n\n\n\n<p>Reconnu pour sa rigueur, il est sollicit\u00e9 pour diriger le Comit\u00e9 de normalisation des sports \u00e9questres&nbsp; en 2014. Nomm\u00e9 pour une mission de 12 mois, il la termine en six mois avec la mise en place d\u2019un bureau l\u00e9gitime. Pour lui, l\u2019enfant sale apr\u00e8s son bain, doit \u00eatre remis \u00e0 ses parents. Sinon des propri\u00e9taires de chevaux avaient sugg\u00e9r\u00e9 sa d\u00e9mission pour pouvoir se pr\u00e9senter. Mais Adama Kon\u00e9 dit avoir respect\u00e9 l\u2019honneur plac\u00e9 en sa modeste personne.<\/p>\n\n\n\n<p>D\u2019autre part avec la situation politico s\u00e9curitaire, il a d\u00e9cid\u00e9 d\u2019\u00eatre plus actif \u00e0 l\u2019Alliance pour une Transition intelligente et r\u00e9ussie.<\/p>\n\n\n\n<p>L\u2019homme est mari\u00e9 et p\u00e8re de trois enfants. Comme bons souvenirs, il retient les f\u00e9licitations pour services rendus \u00e0 la nation, du pr\u00e9sident&nbsp; Alpha Oumar Konar\u00e9 en conseil de ministres au lendemain du&nbsp; sacre des Aigles \u00e0 la Coupe Cabral \u00e0 Banjul, son \u00e9lection comme conseiller municipal en Commune IV (1992), et les diff\u00e9rentes m\u00e9dailles re\u00e7ues durant sa carri\u00e8re.<\/p>\n\n\n\n<p>Son \u00e9chec au stage de la Confejes en France o\u00f9 il a rat\u00e9 le record du Mali \u00e0 cause du non-respect des consignes de l\u2019entraineur, la d\u00e9faite des Aigles contre les El\u00e9phants de la C\u00f4te d\u2019Ivoire \u00e0 Bamako le 4 octobre 1998 sont ses mauvais souvenirs.<\/p>\n\n\n\n<p>Faut-il rappeler qu\u2019imm\u00e9diatement apr\u00e8s cette rencontre, le pr\u00e9sident a demand\u00e9 au PM IBK d\u2019organiser une rencontre avec les joueurs \u00e0 l\u2019h\u00f4tel Faso en pr\u00e9sence du ministre des Sports. Parce qu\u2019il lui a \u00e9t\u00e9 rapport\u00e9 que celui-ci \u00e9tait inconsolable et ne retenait pas ses larmes. Donc le PM a rassur\u00e9 les jeunes et leur encadrement du soutien du gouvernement malgr\u00e9 la d\u00e9faite inattendue. Au moins les Ivoiriens avaient trembl\u00e9 avant ce but anodin.<\/p>\n\n\n\n<p>Dans la vie Adama Kon\u00e9 aime le sport, la franchise, la vie communautaire. Il d\u00e9teste le mensonge et la traitrise.<\/p>\n\n\n\n<p><strong>O. Roger<\/strong><\/p>\n\n\n\n<p><strong>T\u00e9l : (00223) 63 88 24 23<\/strong><\/p>\n\n\n\n<p><strong>Aujourd&rsquo;hui Mali<\/strong><\/p>\n","protected":false},"excerpt":{"rendered":"<p>Le nom d\u2019Adama Kon\u00e9 renvoie \u00e0 l\u2019homme qui s\u2019est illustr\u00e9 par trois casquettes : athl\u00e8te, grand commis de l\u2019Etat,&nbsp; homme politique. Il fait partie des sportifs que nous avons connus&hellip;<\/p>\n","protected":false},"author":1,"featured_media":9156,"comment_status":"open","ping_status":"closed","sticky":false,"template":"","format":"standard","meta":{"content-type":"","_lmt_disableupdate":"","_lmt_disable":"","_jetpack_memberships_contains_paid_content":false,"footnotes":"","jetpack_publicize_message":"","jetpack_publicize_feature_enabled":true,"jetpack_social_post_already_shared":true,"jetpack_social_options":{"image_generator_settings":{"template":"highway","default_image_id":0,"font":"","enabled":false},"version":2}},"categories":[44,6],"tags":[],"class_list":["post-9154","post","type-post","status-publish","format-standard","has-post-thumbnail","hentry","category-que-sont-ils-devenus","category-sports"],"jetpack_publicize_connections":[],"featured_image_urls":{"full":"","thumbnail":"","medium":"","medium_large":"","large":"","1536x1536":"","2048x2048":"","penci-recipe-1200x1200":"","penci-recipe-1200x900":"","penci-recipe-1200x675":"","penci-single-full":"","penci-slider-full-thumb":"","penci-full-thumb":"","penci-slider-thumb":"","penci-magazine-slider":"","penci-thumb":"","penci-masonry-thumb":"","penci-thumb-square":"","penci-thumb-vertical":"","penci-thumb-small":""},"author_info":{"display_name":"Nandi","author_link":"https:\/\/nandi.info\/?author=1"},"category_info":"<a href=\"https:\/\/nandi.info\/?cat=44\" rel=\"category\">Que sont-ils devenus ?<\/a> <a href=\"https:\/\/nandi.info\/?cat=6\" rel=\"category\">Sports<\/a>","tag_info":"Sports","comment_count":"0","jetpack_featured_media_url":"","jetpack_sharing_enabled":true,"_links":{"self":[{"href":"https:\/\/nandi.info\/index.php?rest_route=\/wp\/v2\/posts\/9154","targetHints":{"allow":["GET"]}}],"collection":[{"href":"https:\/\/nandi.info\/index.php?rest_route=\/wp\/v2\/posts"}],"about":[{"href":"https:\/\/nandi.info\/index.php?rest_route=\/wp\/v2\/types\/post"}],"author":[{"embeddable":true,"href":"https:\/\/nandi.info\/index.php?rest_route=\/wp\/v2\/users\/1"}],"replies":[{"embeddable":true,"href":"https:\/\/nandi.info\/index.php?rest_route=%2Fwp%2Fv2%2Fcomments&post=9154"}],"version-history":[{"count":0,"href":"https:\/\/nandi.info\/index.php?rest_route=\/wp\/v2\/posts\/9154\/revisions"}],"wp:featuredmedia":[{"embeddable":true,"href":"https:\/\/nandi.info\/index.php?rest_route=\/"}],"wp:attachment":[{"href":"https:\/\/nandi.info\/index.php?rest_route=%2Fwp%2Fv2%2Fmedia&parent=9154"}],"wp:term":[{"taxonomy":"category","embeddable":true,"href":"https:\/\/nandi.info\/index.php?rest_route=%2Fwp%2Fv2%2Fcategories&post=9154"},{"taxonomy":"post_tag","embeddable":true,"href":"https:\/\/nandi.info\/index.php?rest_route=%2Fwp%2Fv2%2Ftags&post=9154"}],"curies":[{"name":"wp","href":"https:\/\/api.w.org\/{rel}","templated":true}]}}