{"id":9146,"date":"2022-10-15T08:20:00","date_gmt":"2022-10-15T06:20:00","guid":{"rendered":"https:\/\/nandi.info\/?p=9146"},"modified":"2022-10-15T08:20:00","modified_gmt":"2022-10-15T06:20:00","slug":"seydou-pona-sankare-president-de-lamrtp-a-la-celebration-de-la-journee-mondiale-de-la-poste-la-crise-multiforme-que-vit-le-mali-pese-sur-toutes-les-activites-nationales","status":"publish","type":"post","link":"https:\/\/nandi.info\/?p=9146","title":{"rendered":"Seydou Pona Sankar\u00e9 (pr\u00e9sident de l\u2019\u2019AMRTP) \u00e0 la c\u00e9l\u00e9bration de la journ\u00e9e mondiale de la poste : \u201cLa crise multiforme que vit le Mali p\u00e8se sur toutes les activit\u00e9s nationales postales\u201d"},"content":{"rendered":"\n<p><strong><em>La Journ\u00e9e mondiale de la Poste est c\u00e9l\u00e9br\u00e9e le 9 octobre de chaque ann\u00e9e. Cette date ayant co\u00efncid\u00e9 cette ann\u00e9e avec le Maouloud, le Mali, \u00e0 travers l\u2019Autorit\u00e9 Malienne de R\u00e9gulation des T\u00e9l\u00e9communications, des Technologies de l\u2019Information et de la Communication et des Postes (AMRTP) l\u2019a c\u00e9l\u00e9br\u00e9 le lundi 11 octobre 2022 \u00e0 l\u2019h\u00f4tel Salam \u00e0 travers une conf\u00e9rence-d\u00e9bat sur le th\u00e8me : le secteur postal malien : d\u00e9fis et perspectives. La c\u00e9r\u00e9monie d\u2019ouverture de cette conf\u00e9rence \u00e9tait pr\u00e9sid\u00e9e par Mamadou Dabo (repr\u00e9sentant le ministre de la Communication, de l\u2019Economie num\u00e9rique et de la Modernisation de l\u2019Administration) qui avait \u00e0 ses c\u00f4t\u00e9s Seydou Pona Sankar\u00e9 (Pr\u00e9sident de l\u2019AMRTP) et Ibrahima Ha\u00efdara (le Pr\u00e9sident Directeur G\u00e9n\u00e9ral de la Poste du Mali).<\/em><\/strong><\/p>\n\n\n\n<p class=\"has-drop-cap\">L\u2019objectif de la Journ\u00e9e mondiale de la Poste est de sensibiliser les particuliers, les entreprises, les acteurs publics et priv\u00e9s sur le r\u00f4le et l\u2019importance de la Poste dans la vie quotidienne et sa contribution au d\u00e9veloppement socio\u00e9conomique mondial. C\u2019est pour cette raison, a fait savoir Seydou Pona Sankar\u00e9 (Pr\u00e9sident de l\u2019AMRTP), que les Pays-membres de l\u2019Union postale universelle (UPU) sont invit\u00e9s \u00e0 organiser chaque ann\u00e9e, leurs propres activit\u00e9s nationales pour f\u00eater cette Journ\u00e9e mondiale. Ce qui leur permettra de lancer ou de promouvoir, entre autres, de nouveaux produits et services postaux ; d\u2019organiser une Journ\u00e9e&nbsp;<strong>\u201cportes ouvertes\u201d<\/strong>&nbsp;dans des bureaux de Poste, des centres de traitement du courrier et des mus\u00e9es postaux.&nbsp;<em>\u201cCette c\u00e9l\u00e9bration de la Journ\u00e9e mondiale de la Poste offre \u00e0 l\u2019AMRTP l\u2019opportunit\u00e9 de permettre \u00e0 toutes les parties prenantes de se parler, d\u2019\u00e9changer dans un cadre agr\u00e9able sur les d\u00e9fis auxquels est confront\u00e9 le secteur postal malien aux fins de lui permettre de mieux remplir sa mission de service public<\/em><\/p>\n\n\n\n<figure class=\"wp-block-image alignright\" id=\"attachment_2995096\"><img decoding=\"async\" src=\"https:\/\/www.maliweb.net\/wp-content\/news\/images\/2022\/10\/Ibrahim-Haidara.jpg\" alt=\"\" class=\"wp-image-2995096\"\/><figcaption>Ibrahim Haidara,PDG de la Poste<\/figcaption><\/figure>\n\n\n\n<p><em>Le th\u00e8me \u201csecteur postal : d\u00e9fis et perspectives\u201d est plus que d\u2019actualit\u00e9 pour la Poste du Mali, les op\u00e9rateurs, les pouvoirs publics\u201d<\/em>, a-t-il indiqu\u00e9. Il a salu\u00e9 et esp\u00e9r\u00e9 que l\u2019admission du Mali dans le cercle restreint des membres du Conseil d\u2019administration de l\u2019Union postale universelle (UPU) puisse donner un nouveau visage au secteur postal malien, celui des postes qui innovent, notamment par la d\u00e9mat\u00e9rialisation, gage, entre autres, du renforcement de la sympathie et de la confiance des consommateurs&nbsp; de la consid\u00e9ration faite du maintien dans les pr\u00e9occupations majeures de la s\u00e9curit\u00e9 dans les envois et les donn\u00e9es.<\/p>\n\n\n\n<p>Il a rappel\u00e9 que l\u2019ann\u00e9e 1989 constitue un rep\u00e8re important avec la r\u00e9forme ayant conduit \u00e0 la dislocation de l\u2019Office des Postes et T\u00e9l\u00e9communications, organisme d\u00e9tenteur du monopole des services dont il avait la charge, en deux entit\u00e9s : l\u2019Office national des postes qui deviendra plus tard la POSTE et la Soci\u00e9t\u00e9 des t\u00e9l\u00e9communications du Mali (Sotelma).&nbsp;<em>\u201cL\u2019Office des Postes et T\u00e9l\u00e9communications \u00e9tait un grand service public s\u2019appuyant, avec l\u2019aide de l\u2019Etat, sur un mod\u00e8le social g\u00e9n\u00e9reux. Il \u00e9tait aussi,\u2026 un facteur essentiel de d\u00e9senclavement du vaste territoire malien, un vecteur du brassage culturel et social\u201d,<\/em>&nbsp;a-t-il dit.<\/p>\n\n\n\n<p>Concernant les d\u00e9fis, il a indiqu\u00e9 que depuis quelques ann\u00e9es, les Postes sont entr\u00e9es dans une nouvelle \u00e8re, en raison \u00e0 la fois des mutations profondes qu\u2019elles ont subies et aussi et surtout de l\u2019\u00e9volution extraordinaire de leur environnement impact\u00e9 par la forte pr\u00e9sence de l\u2019outil digital. A ceci, s\u2019ajoute le foisonnement des produits et des services, parfois propos\u00e9s par des acteurs divers.&nbsp;<em>\u201cPlus prosa\u00efquement, le secteur postal est aujourd\u2019hui confront\u00e9 \u00e0 un double choc : apr\u00e8s plusieurs d\u00e9cennies de monopole, la POSTE doit d\u00e9sormais faire face \u00e0 l\u2019ouverture du march\u00e9 \u00e0 la concurrence et il doit \u00e9galement s\u2019ajuster pour faire face \u00e0 l\u2019av\u00e8nement fulgurante de l\u2019Internet et du num\u00e9rique. Un autre facteur important qui ne saurait \u00eatre occult\u00e9, est la crise s\u00e9curitaire que vit notre pays depuis une dizaine d\u2019ann\u00e9es. Cette crise multiforme p\u00e8se sur toutes les activit\u00e9s nationales, en se faisant ressentir sur tous les pans et ressorts de notre soci\u00e9t\u00e9. La crise affecte bien \u00e9videmment le service postal. Ce nouvel environnement nous interpelle toutes et tous.<\/em><\/p>\n\n\n\n<p><em>En d\u00e9pit de l\u2019existence, depuis 2017, d\u2019un Plan de d\u00e9veloppement du secteur postal, il nous faut rechercher et impl\u00e9menter de nouveau mod\u00e8les\u201d<\/em>, a-t-il fait savoir. Sur ce chantier, il a donn\u00e9 l\u2019assurance que l\u2019AMRTP assumera pleinement ses responsabilit\u00e9s en servant de locomotive pour susciter la r\u00e9flexion et faciliter les \u00e9changes, en vue de la promotion des postes maliennes.&nbsp;<em>\u201cPlus que jamais, avec les outils technologiques en perp\u00e9tuelles mutations dynamiques, les Postes, par leur conception fondamentale, participent au d\u00e9senclavement, \u00e0 l\u2019am\u00e9nagement du territoire, \u00e0 l\u2019int\u00e9gration de la citoyennet\u00e9\u201d<\/em>, a-t-il affirm\u00e9.<\/p>\n\n\n\n<p>Mamadou Dabo (repr\u00e9sentant le ministre de la Communication, de l\u2019Economie num\u00e9rique et de la Modernisation de l\u2019Administration) a salu\u00e9 la pr\u00e9sence du Mali au sein du Conseil d\u2019administration de l\u2019Union postale universelle (UPU). Il a encourag\u00e9 les acteurs op\u00e9rationnels \u00e0 jouer un r\u00f4le dynamique pour honorer notre pays et toute l\u2019Afrique.<\/p>\n\n\n\n<p><strong>Siaka DOUMBIA<\/strong><\/p>\n","protected":false},"excerpt":{"rendered":"<p>La Journ\u00e9e mondiale de la Poste est c\u00e9l\u00e9br\u00e9e le 9 octobre de chaque ann\u00e9e. Cette date ayant co\u00efncid\u00e9 cette ann\u00e9e avec le Maouloud, le Mali, \u00e0 travers l\u2019Autorit\u00e9 Malienne de&hellip;<\/p>\n","protected":false},"author":1,"featured_media":9148,"comment_status":"open","ping_status":"closed","sticky":false,"template":"","format":"standard","meta":{"content-type":"","_lmt_disableupdate":"","_lmt_disable":"","_jetpack_memberships_contains_paid_content":false,"footnotes":"","jetpack_publicize_message":"","jetpack_publicize_feature_enabled":true,"jetpack_social_post_already_shared":true,"jetpack_social_options":{"image_generator_settings":{"template":"highway","default_image_id":0,"font":"","enabled":false},"version":2}},"categories":[19,21],"tags":[],"class_list":["post-9146","post","type-post","status-publish","format-standard","has-post-thumbnail","hentry","category-aujourdhui-mali","category-societe"],"jetpack_publicize_connections":[],"featured_image_urls":{"full":"","thumbnail":"","medium":"","medium_large":"","large":"","1536x1536":"","2048x2048":"","penci-recipe-1200x1200":"","penci-recipe-1200x900":"","penci-recipe-1200x675":"","penci-single-full":"","penci-slider-full-thumb":"","penci-full-thumb":"","penci-slider-thumb":"","penci-magazine-slider":"","penci-thumb":"","penci-masonry-thumb":"","penci-thumb-square":"","penci-thumb-vertical":"","penci-thumb-small":""},"author_info":{"display_name":"Nandi","author_link":"https:\/\/nandi.info\/?author=1"},"category_info":"<a href=\"https:\/\/nandi.info\/?cat=19\" rel=\"category\">Aujourd\u2019hui Mali<\/a> <a href=\"https:\/\/nandi.info\/?cat=21\" rel=\"category\">Soci\u00e9t\u00e9<\/a>","tag_info":"Soci\u00e9t\u00e9","comment_count":"0","jetpack_featured_media_url":"","jetpack_sharing_enabled":true,"_links":{"self":[{"href":"https:\/\/nandi.info\/index.php?rest_route=\/wp\/v2\/posts\/9146","targetHints":{"allow":["GET"]}}],"collection":[{"href":"https:\/\/nandi.info\/index.php?rest_route=\/wp\/v2\/posts"}],"about":[{"href":"https:\/\/nandi.info\/index.php?rest_route=\/wp\/v2\/types\/post"}],"author":[{"embeddable":true,"href":"https:\/\/nandi.info\/index.php?rest_route=\/wp\/v2\/users\/1"}],"replies":[{"embeddable":true,"href":"https:\/\/nandi.info\/index.php?rest_route=%2Fwp%2Fv2%2Fcomments&post=9146"}],"version-history":[{"count":0,"href":"https:\/\/nandi.info\/index.php?rest_route=\/wp\/v2\/posts\/9146\/revisions"}],"wp:featuredmedia":[{"embeddable":true,"href":"https:\/\/nandi.info\/index.php?rest_route=\/"}],"wp:attachment":[{"href":"https:\/\/nandi.info\/index.php?rest_route=%2Fwp%2Fv2%2Fmedia&parent=9146"}],"wp:term":[{"taxonomy":"category","embeddable":true,"href":"https:\/\/nandi.info\/index.php?rest_route=%2Fwp%2Fv2%2Fcategories&post=9146"},{"taxonomy":"post_tag","embeddable":true,"href":"https:\/\/nandi.info\/index.php?rest_route=%2Fwp%2Fv2%2Ftags&post=9146"}],"curies":[{"name":"wp","href":"https:\/\/api.w.org\/{rel}","templated":true}]}}