{"id":9024,"date":"2022-10-08T06:37:00","date_gmt":"2022-10-08T04:37:00","guid":{"rendered":"https:\/\/nandi.info\/?p=9024"},"modified":"2022-10-08T06:37:00","modified_gmt":"2022-10-08T04:37:00","slug":"nouhoum-sarr-president-du-parti-fad-membre-du-cnt-a-coeur-ouvert-la-loi-ninterdit-pas-aux-membres-du-cnt-detre-candidat-a-la-presidentielle","status":"publish","type":"post","link":"https:\/\/nandi.info\/?p=9024","title":{"rendered":"Nouhoum Sarr, pr\u00e9sident du parti FAD, membre du CNT a c\u0153ur ouvert\u00a0: \u00ab\u00a0La loi n&rsquo;interdit pas aux membres du CNT d&rsquo;\u00eatre candidat \u00e0 la pr\u00e9sidentielle\u00a0\u00bb"},"content":{"rendered":"\n<h2 class=\"has-large-font-size wp-block-heading\"><strong>\u2019\u2019Assimi n\u2019a dit \u00e0 personne qu\u2019il va \u00eatre candidat.<\/strong><\/h2>\n\n\n\n<h2 class=\"has-large-font-size wp-block-heading\"><strong>Ce n\u2019est pas quelqu\u2019un qui aime le pouvoir\u2026\u2019\u2019 <\/strong><\/h2>\n\n\n\n<p><strong><em>La vie du parti Front africain pour le d\u00e9veloppement (FAD), ses ambitions, l&rsquo;accord d&rsquo;Alger, l&rsquo;\u00e9lection pr\u00e9sidentielle, la question de la candidature des autorit\u00e9s de la Transition, l&rsquo;affaire des soldats ivoiriens, le coup d&rsquo;Etat au Burkina Faso\u2026sont entre autres sujets sur lesquels nous nous sommes entretenus avec Nouhoum Sarr, pr\u00e9sident de ce parti, membre du Conseil national de Transition.<\/em><\/strong><strong><em><\/em><\/strong><\/p>\n\n\n\n<p class=\"has-drop-cap\"><strong>Aujourd&rsquo;hui-Mali:<\/strong> <strong><em>Comment se porte le parti FAD ?<\/em><\/strong><\/p>\n\n\n\n<p><strong>Nouhoum Sarr : <\/strong>Le parti se porte bien. Nous venons de finir avec notre congr\u00e8s qui a not\u00e9 la pr\u00e9sence du parti dans 39 cercles sur 45. C&rsquo;est quand m\u00eame quelque chose de tr\u00e8s important. Et aussi, on a beaucoup de jeunes qui ont particip\u00e9 \u00e0 plusieurs \u00e9coles politiques et qui aujourd&rsquo;hui sont en train d&rsquo;\u00e9merger dans le milieu de la jeunesse. Le parti participe pleinement \u00e0 la transition. Nous faisons nos propositions et nous apportons nos contributions. Nous jouons le r\u00f4le qui est le notre dans le Conseil National de Transition. Vous savez peut-\u00eatre qu&rsquo;on vous en rende compte, m\u00eame si nos prises de positions suscitent souvent la tension, mais c&rsquo;est notre contribution, c&rsquo;est notre r\u00f4le et c&rsquo;est comme \u00e7a nous voyons les choses.&nbsp;<\/p>\n\n\n\n<p><strong><em>Depuis quand ce parti a \u00e9t\u00e9 port\u00e9 sur les fonts baptismaux ?&nbsp;<\/em><\/strong><\/p>\n\n\n\n<p>Depuis que nous \u00e9tions \u00e0 l&rsquo;universit\u00e9 il y a 14 ans de cela. Depuis cette \u00e9poque, nous nous sommes&nbsp; inscrits \u00e0 l&rsquo;\u00e9cole de la politique. Nous nous sommes dit qu&rsquo;il faut mettre en place un parti politique. Ce,&nbsp; pour d&rsquo;abord former et se former \u00e0 la politique. Et en se formant \u00e0 la politique, voil\u00e0 que les uns et les autres ont pu \u00e0 travers les \u00e9missions radiophoniques et les d\u00e9bats \u00e0 se faire connaitre un peu du grand public.<\/p>\n\n\n\n<p><strong><em>Le parti FAD a-t-il des \u00e9lus ?<\/em><\/strong><\/p>\n\n\n\n<p>Oui, notre parti a des \u00e9lus qui nous ont rejoints notamment dans les r\u00e9gions de Kayes et de Sikasso.<\/p>\n\n\n\n<p><strong><em>Ces \u00e9lus sont au nombre de combien ?<\/em><\/strong><\/p>\n\n\n\n<p>&nbsp;Ils sont un peu plus d&rsquo;une dizaine d&rsquo;\u00e9lus qui ont port\u00e9 leur choix sur notre formation politique notamment des conseillers communaux, mais pas de maire.<\/p>\n\n\n\n<p><strong><em>Peut-on savoir avec vous les grandes r\u00e9solutions qui ont sanctionn\u00e9 votre congr\u00e8s?<\/em><\/strong><\/p>\n\n\n\n<p>L&rsquo;une des r\u00e9solutions de ces assises, c&rsquo;est de continuer \u00e0 soutenir la transition ; de continuer de d\u00e9noncer, \u00e0 s&rsquo;opposer \u00e0 l&rsquo;application de l&rsquo;accord anti national issu du processus d&rsquo;Alger et surtout de poursuivre l&rsquo;implantation du parti. Et une des grandes r\u00e9solutions a \u00e9t\u00e9 aussi d&rsquo;aller vers d&rsquo;autres partis pour envisager une fusion avec de grands partis pour donner naissance \u00e0 une grande formation politique. Et nous sommes en train de discuter avec des partis politiques. Les discussions sont avanc\u00e9es avec certains et nous croyons que nous allons tr\u00e8s prochainement avoir suffisamment d&rsquo;entente, suffisamment de convergences pour pouvoir fusionner et donner naissance \u00e0 un vaste mouvement nationaliste, mais pas souverainiste.<\/p>\n\n\n\n<p>Un vaste mouvement qui va travailler \u00e0 la pr\u00e9servation des tr\u00e8s grands principes qui, aujourd&rsquo;hui, guident la transition.&nbsp; C&rsquo;est-\u00e0-dire la d\u00e9fense de la souverainet\u00e9, la d\u00e9fense de l&rsquo;int\u00e9grit\u00e9 territoriale, la d\u00e9fense des choix et des int\u00e9r\u00eats du peuple malien.<\/p>\n\n\n\n<p><strong><em>Pourquoi votre parti s&rsquo;oppose \u00e0 l&rsquo;application de l&rsquo;Accord d&rsquo;Alger ?<\/em><\/strong><\/p>\n\n\n\n<p>&nbsp;Ce n&rsquo;est pas aujourd&rsquo;hui que notre parti a commenc\u00e9 \u00e0 s&rsquo;opposer \u00e0 cet accord, mais depuis 2015. M\u00eame bien avant sa signature, lorsque les ballets diplomatiques se faisaient entre Bamako et Alger, nous avons estim\u00e9 que la&nbsp; signature de cet accord&nbsp; n&rsquo;est&nbsp; pas dans l&rsquo;int\u00e9r\u00eat du Mali. Et tous les experts sont unanimes l\u00e0-dessus : si cet accord est appliqu\u00e9 comme il se doit, c&rsquo;est la partition programm\u00e9e du Mali et \u00e7a, nous ne pouvons pas l&rsquo;accepter.<\/p>\n\n\n\n<p><strong><em>Vous faites r\u00e9f\u00e9rence \u00e0 quelles parties de l&rsquo;accord plus concr\u00e8tement ?<\/em><\/strong><\/p>\n\n\n\n<p>Lorsque vous voyez la r\u00e9gionalisation telle que d\u00e9crite dans l&rsquo;accord ce n&rsquo;est rien d&rsquo;autre qu&rsquo;un Etat dans un autre Etat. Parce qu&rsquo;on dit : les pr\u00e9sidents des r\u00e9gions sont \u00e9lus au suffrage universel direct comme le pr\u00e9sident de la R\u00e9publique du Mali. Les r\u00e9gions, le conseil r\u00e9gional sont sous la direction de son pr\u00e9sident, les d\u00e9cisions prises sont imm\u00e9diatement ex\u00e9cutoires. On se demande, des d\u00e9cisions qui sont imm\u00e9diatement ex\u00e9cutoires, qu&rsquo;est-ce qu&rsquo;un contr\u00f4le sert si c&rsquo;est imm\u00e9diatement ex\u00e9cutoire. Je pense qu&rsquo;on doit contr\u00f4ler avant de mettre en ex\u00e9cution. Donc, c&rsquo;est une supercherie que les gens ont invent\u00e9e pour pouvoir diviser le pays. Et lorsqu&rsquo;on regarde profond\u00e9ment, on analyse et on examine profond\u00e9ment la r\u00e9gionalisation telle que propos\u00e9e par l&rsquo;accord d&rsquo;Alger, les r\u00e9gions sont dot\u00e9es de tous les attributs d&rsquo;un Etat sauf la monnaie et la partie diplomatie des affaires \u00e9trang\u00e8res, parce que la diplomatie, ce sont deux volets : c&rsquo;est la coop\u00e9ration et les affaires \u00e9trang\u00e8res. Donc, ce n&rsquo;est qu&rsquo;un Etat.&nbsp; Ce n&rsquo;est ni moins, ni plus qu&rsquo;un Etat dans l&rsquo;Etat du Mali et nous ne l&rsquo;accepterons pas.<\/p>\n\n\n\n<p>L&rsquo;arm\u00e9e reconstitu\u00e9e, la police territoriale, ce sont des \u00e9l\u00e9ments de souverainet\u00e9 et il est dit que 60 \u00e0 80% des officiers et des hommes de rang de l&rsquo;arm\u00e9e reconstitu\u00e9e doivent \u00eatre des ressortissants de ces zones-l\u00e0, de Kidal et environs. Notre arm\u00e9e est une arm\u00e9e nationale. Et tous les groupes ethniques se retrouvent l\u00e0-dans. Mais, lorsqu&rsquo;on dit que c&rsquo;est 80% ou 60% des officiers et d&rsquo;hommes de rang qui doivent \u00eatre de cette zone, \u00e7a c&rsquo;est une arm\u00e9e ethniciste, une arm\u00e9e r\u00e9gionaliste qui, encore une fois, nous conforte dans notre rejet parce que l&rsquo;Accord d&rsquo;Alger pr\u00e9pare la division et la partition du Mali.<\/p>\n\n\n\n<p><strong><em>Mais malgr\u00e9 tout, le gouvernement de transition est dans la dynamique d&rsquo;appliquer cet accord ?<\/em><\/strong><\/p>\n\n\n\n<p>Bon, c&rsquo;est un d\u00e9saccord profond que nous avons avec le gouvernement et nous avons appel\u00e9 \u00e0 faire une diff\u00e9rence entre le discours officiel et ce qui se fait dans la pratique. Si les accords d&rsquo;Alger \u00e9taient appliqu\u00e9s, la CMA ne serait pas en train de d\u00e9noncer aujourd&rsquo;hui. On a vu que les responsables de la CMA ont indiqu\u00e9 clairement que l&rsquo;accord n&rsquo;est pas appliqu\u00e9 comme cela a \u00e9t\u00e9 convenu et qu&rsquo;on a m\u00eame entendu un responsable de la CMA Algabass dire que si on ne veut pas de l&rsquo;accord de le dire. C&rsquo;est un ton belliciste, c&rsquo;est un ton belliqueux que nous condamnons et nous rejetons. En tout cas, nous estimons que c&rsquo;est un gouvernement patriotique qui dirige le pays. Le pr\u00e9sident Assimi est un patriote, le colonel Malick DIAW est un patriote et dans le CNT, dans le gouvernement, il y a suffisamment de patriotes pour ne pas se laisser embourber dans cette histoire d&rsquo;accord d&rsquo;Alger.<\/p>\n\n\n\n<p><strong><em>&nbsp;Revenons \u00e0 votre parti, quelles sont vos ambitions pour les mois, les ann\u00e9es \u00e0 venir <\/em><\/strong><strong><em>?<\/em><\/strong><\/p>\n\n\n\n<p>&nbsp;Vous savez, un homme tout comme les partis politiques sont faits&nbsp; pour avoir des ambitions. Au FAD, nous, nous sommes profond\u00e9ment croyants. Vous n&rsquo;aurez rien que Dieu n&rsquo;a pas pr\u00e9vu pour vous, vous ne serez rien que Dieu n&rsquo;a pas prescrit dans votre destin. Donc, un parti, c&rsquo;est pour aller \u00e0 la conqu\u00eate et \u00e0 l&rsquo;exercice du pouvoir. Nous sommes dans une dynamique de fusionner, voire de rassembler un vaste mouvement pour aller \u00e0 la conqu\u00eate et l&rsquo;exercice du pouvoir. Donc, dans ce cadre-l\u00e0, lors les prochaines \u00e9ch\u00e9ances, nous prendrons part comme cela se doit conform\u00e9ment \u00e0 nos aspirations et conform\u00e9ment aux moyens dont nous disposons.<\/p>\n\n\n\n<p>&nbsp;<strong><em>Donc, le parti va pr\u00e9senter un candidat pour les \u00e9lections prochaines ?<\/em><\/strong><\/p>\n\n\n\n<p>Pour le moment, c&rsquo;est la p\u00e9riode de la transition et nous ne pouvons pas dire de quoi demain sera fait. En tout cas, le parti participera d&rsquo;une fa\u00e7on ou d&rsquo;une autre \u00e0 l&rsquo;ensemble des \u00e9ch\u00e9ances \u00e9lectorales.<\/p>\n\n\n\n<p><strong><em>Toutes les \u00e9ch\u00e9ances \u00e9lectorales, y compris la pr\u00e9sidentielle?<\/em><\/strong><\/p>\n\n\n\n<p>&nbsp; Est-ce que nous allons soutenir quelqu&rsquo;un ou est-ce que&nbsp; nous aurons notre propre candidat \u00e0 nous ?&nbsp; \u00c7a, ce sont des questions que le bureau national et l&rsquo;ensemble des instances du parti vont trancher le moment venu. Ce n&rsquo;est pas \u00e0 moi de d\u00e9cider \u00e0 leur place.<\/p>\n\n\n\n<p>&nbsp;<strong><em>Vous \u00eates un acteur majeur de la transition. Deux ans apr\u00e8s le d\u00e9part d&rsquo;IBK, quel bilan dressez-vous de la conduite de cette transition ?<\/em><\/strong><\/p>\n\n\n\n<p>En tout cas nous sommes aujourd&rsquo;hui dans la fiert\u00e9 retrouv\u00e9e. Le Mali est respect\u00e9, le passeport malien est respect\u00e9 au-del\u00e0 de nos fronti\u00e8res. Aujourd&rsquo;hui, il y a un cap par rapport \u00e0 la renaissance du pays et de l&rsquo;arm\u00e9e nationale.<\/p>\n\n\n\n<p>La mont\u00e9e en puissance r\u00e9elle de l&rsquo;arm\u00e9e, l&rsquo;acquisition d&rsquo;\u00e9quipements \u00e0 la pointe de la technologie et surtout les op\u00e9rations <strong>\u00ab\u00a0K\u00e9l\u00e9tigui\u00a0\u00bb<\/strong>, <strong>\u00ab\u00a0Maliko\u00a0\u00bb<\/strong> qui sont en train de fleurer un maillage territorial sur le plan s\u00e9curitaire. Nous constatons aujourd&rsquo;hui que la peur a chang\u00e9 de camp, l&rsquo;ennemi est plus dans une posture d\u00e9fensive. Nous sommes loin des camps militaires d\u00e9truits, des armes maliennes emport\u00e9es, exhib\u00e9es \u00e0 la face du monde.<\/p>\n\n\n\n<p>Nous sommes loin aujourd&rsquo;hui d&rsquo;attaques des militaires qui abandonnent leur poste, leur position, nous sommes loin de \u00e7a aujourd&rsquo;hui. Mais il faudra quand m\u00eame retenir que la lutte contre le terrorisme est une lutte de longue haleine. Ce n&rsquo;est pas que par la guerre qu&rsquo;on va mettre fin \u00e0 \u00e7a. Il faut combiner avec l&rsquo;\u00e9conomie et le dialogue inter communautaire et la dissuasion par l&rsquo;arm\u00e9e. Donc, il faut combiner tous ces \u00e9l\u00e9ments pour faire en sorte que notre pays puisse regagner la paix. La paix, c&rsquo;est une conqu\u00eate de tous les jours. Donc, en termes de bilan, nous constatons une am\u00e9lioration de la s\u00e9curit\u00e9 sur l&rsquo;ensemble du territoire m\u00eame s&rsquo;il y a quelques attaques. Et la guerre asym\u00e9trique, c&rsquo;est le terrorisme, c&rsquo;est la peur, c&rsquo;est semer la panique, c&rsquo;est poser des bombes, des engins explosifs par-ci, par-l\u00e0. Notre nation fera face \u00e0 \u00e7a.<\/p>\n\n\n\n<p>Et sur le plan \u00e9conomique, vous n&rsquo;\u00eates pas sans savoir que notre pays a subi des sanctions ill\u00e9gales, ill\u00e9gitimes et inhumaines de la part de la CEDEAO. Mais malgr\u00e9 cela, notre pays a tenu. Les salaires ont \u00e9t\u00e9 faits \u00e0 temps. La dette int\u00e9rieure est en train d&rsquo;\u00eatre \u00e9pong\u00e9e, les charges incompressibles de l&rsquo;Etat ont \u00e9t\u00e9 assum\u00e9es. En p\u00e9riode d&#8217;embargo, nous avons achet\u00e9 des avions de combats et des h\u00e9licopt\u00e8res de combats. Nous avons continu\u00e9 \u00e0 supporter la logistique de l&rsquo;arm\u00e9e. En plein embargo, notre pays a pu financer la guerre. Vraiment, c&rsquo;est une prouesse extraordinaire qu&rsquo;il convient de remercier les autorit\u00e9s de la transition.<\/p>\n\n\n\n<p><strong><em>Le Premier ministre par int\u00e9rim, col. Abdoulaye Ma\u00efga, \u00e9tait r\u00e9cemment \u00e0 la tribune des Nations Unies \u00e0 New York. Quel enseignement avez-vous tir\u00e9 de son intervention qui a \u00e9t\u00e9 diff\u00e9remment appr\u00e9ci\u00e9e par nos compatriotes ?<\/em><\/strong><\/p>\n\n\n\n<p>Vous savez, chacun est libre d&rsquo;appr\u00e9cier comme il veut. C&rsquo;est \u00e7a le sens de la d\u00e9mocratie, mais le Premier ministre par int\u00e9rim&nbsp; a tenu un discours nationaliste. Si je dois le r\u00e9sumer, il a dit : le Mali est pr\u00eat \u00e0 coop\u00e9rer avec tout le monde, mais dans le cadre du respect de notre souverainet\u00e9. Il a tenu un discours dans lequel il a dit que l&rsquo;ex puissance coloniale, la France, soutient des groupes obscurantistes et \u00e7a ce n&rsquo;est cach\u00e9\u00e0 personne. Ce sont les Fran\u00e7ais qui ont mis sur les fonts baptismaux le MNLA. C&rsquo;est le MNLA qui est all\u00e9 chercher AQMI et An\u00e7ardine pour faire la guerre au Mali. Donc, ceux qui sont s\u00e9paratistes le jour, sont terroristes la nuit. Les faits l&rsquo;ont r\u00e9v\u00e9l\u00e9. Et ce sont ces m\u00eames terroristes qui, semblerait-il, ont entrain\u00e9 la mort de Claude Verlon et Dupond, deux journalistes de RFI.<\/p>\n\n\n\n<p>Donc, vraiment le soutien fran\u00e7ais, des dirigeants fran\u00e7ais (pas le peuple fran\u00e7ais,&nbsp; car le peuple fran\u00e7ais est un ami au Mali) ne fait l&rsquo;ombre d&rsquo;aucun doute. Les dirigeants fran\u00e7ais ont eu des postures d\u00e9plac\u00e9es vis-\u00e0-vis du Mali. \u00c7a, c&rsquo;est la v\u00e9rit\u00e9. Vous ne pouvez pas aller contre la v\u00e9rit\u00e9. Ils ont soutenu les terroristes. Ils ne sont plus l\u00e0.<\/p>\n\n\n\n<p>La force barkhane est partie, mais ils ont quand m\u00eame viol\u00e9 cinquante fois notre espace a\u00e9rien. Est-ce que nous, nous pouvons violer l&rsquo;espace a\u00e9rien fran\u00e7ais ? Ils sont venus clandestinement sur le territoire, ils ont fourni des renseignements aux groupes terroristes, des \u00e9quipements aux groupes terroristes, c&rsquo;est la v\u00e9rit\u00e9. Eux, ils le font et ils ne veulent que nous, on le dise. Cela n&rsquo;est pas acceptable. Nous allons le dire parce que c&rsquo;est la v\u00e9rit\u00e9. Quand tu es parti d&rsquo;un territoire, tu n&rsquo;es plus pr\u00e9sent sur un territoire, tu n&rsquo;as pas le droit de survoler ce territoire sans autorisation pr\u00e9alable.<\/p>\n\n\n\n<p>Et te cacher et survoler ce territoire, veut dire que tu es en train de faire des choses qui ne sont pas claires. Donc, vraiment le Premier ministre par int\u00e9rim l&rsquo;a dit, les dirigeants fran\u00e7ais ont renonc\u00e9 aux valeurs des philosophes des ann\u00e9es-lumi\u00e8re, c&rsquo;est la v\u00e9rit\u00e9. Parce qu&rsquo;il faut reconnaitre que la France a beaucoup contribu\u00e9 \u00e0 l&rsquo;histoire de l&rsquo;humanit\u00e9. Les philosophes fran\u00e7ais ont beaucoup contribu\u00e9 \u00e0 l&rsquo;essor de l&rsquo;humanit\u00e9, mais les dirigeants fran\u00e7ais ont eu des comportements aux antipodes des valeurs incarn\u00e9es par ces philosophes. Donc, tr\u00e8s honn\u00eatement aujourd&rsquo;hui, il faut que les dirigeants fran\u00e7ais se ressaisissent.<\/p>\n\n\n\n<p>La marche de l&rsquo;histoire ne fait pas de cadeau \u00e0 ceux qui veulent se mettre au travers de cette marche-l\u00e0. Et le sentiment anti politique fran\u00e7aise dans le sahel, c&rsquo;est la marche de l&rsquo;histoire. S&rsquo;ils ne font pas attention, ils risquent d&rsquo;\u00eatre du mauvais cot\u00e9 de l&rsquo;histoire. Nous ne sommes contre personne.&nbsp; Nous sommes dans une logique qui est de d\u00e9fendre les int\u00e9r\u00eats de notre pays comme eux, ils d\u00e9fendent aussi les int\u00e9r\u00eats de leur pays. Nous allons d\u00e9fendre les int\u00e9r\u00eats de notre pays. Et nous voulons que quand nous passons, qu&rsquo;on sache que quelqu&rsquo;un est pass\u00e9. C&rsquo;est \u00e7a notre ambition, c&rsquo;est \u00e7a notre mission. Maintenant, les gens peuvent faire des sp\u00e9culations, mais \u00e7a ne nous d\u00e9tournera pas de notre vision qui est de restaurer la dignit\u00e9 de ce pays.<\/p>\n\n\n\n<p><strong><em>&nbsp;Mais malgr\u00e9 tout, certains ont jug\u00e9 le discours du Premier ministre par int\u00e9rim peu diplomatique \u00e0 l&rsquo;endroit de certains de nos voisins, certains chefs d&rsquo;Etat, m\u00eame le secr\u00e9taire g\u00e9n\u00e9ral de l&rsquo;ONU ?<\/em><\/strong><\/p>\n\n\n\n<p>Oui, mais ce qui est scandaleux, c&rsquo;est que ceux qui ont d\u00e9nonc\u00e9 le discours du Premier ministre \u00e9taient l\u00e0 lorsque le pr\u00e9sident nig\u00e9rien a dit que M\u00e9naka allait tomber. Le chef d&rsquo;Etat d&rsquo;un autre pays, tu ne peux pas savoir que la ville d&rsquo;un autre pays va tomber si tu n&rsquo;es pas dans le plan. Donc le pr\u00e9sident Bazoum a d\u00e9montr\u00e9 qu&rsquo;il est dans le plan pour attaquer M\u00e9naka, pour faire tomber M\u00e9naka.&nbsp;<\/p>\n\n\n\n<p>&nbsp;<strong><em>Mais, vous faites une accusation grave ?<\/em><\/strong><\/p>\n\n\n\n<p>&nbsp;Mais, il a dit que M\u00e9naka va tomber non ? Tu peux dire \u00e7a si tu n&rsquo;es pas dans le plan ? Tu ne peux pas dire que la ville d&rsquo;un autre pays va tomber si toi, tu ne disposes pas d&rsquo;informations fiables \u00e0 ce sujet. \u00c7a veut dire une chose, \u00e0 savoir qu&rsquo;il est dans le plan pour faire tomber M\u00e9naka. Il n&rsquo;y a pas d&rsquo;alternative. Les r\u00e8gles en diplomatie sont des r\u00e8gles qui sont connues.<\/p>\n\n\n\n<p>Tu ne peux pas dire que la ville d&rsquo;un autre pays qui est frontalier \u00e0 ton pays, qui est proche de ta capitale, va tomber. A travers ces affirmations, on doit se poser la question suivante :&nbsp; Bazoum n&rsquo;est-il pas dans le plan pour que M\u00e9naka tombe ? Voil\u00e0, donc tr\u00e8s honn\u00eatement ces pseudos d\u00e9fenseurs de valeurs diplomatiques doivent plus s&rsquo;adresser \u00e0 Bazoum et \u00e0 Alassane Ouattara qui, dans une conversation priv\u00e9e, dans un audio, a trait\u00e9 nos autorit\u00e9s d&rsquo;idiotes. Alassane l&rsquo;a fait. C&rsquo;est quand m\u00eame une dr\u00f4le de diplomatie de traiter, m\u00eame en priv\u00e9, les autorit\u00e9s l\u00e9gitimes d&rsquo;un autre pays d&rsquo;idiotes.<\/p>\n\n\n\n<p>Bazoum a fait dire par son ministre des Affaires \u00e9trang\u00e8res que nous \u00e9tions dans une r\u00e9volution frelat\u00e9e. C&rsquo;est quand m\u00eame une dr\u00f4le de diplomatie \u00e7a. O\u00f9 \u00e9taient ces pseudos d\u00e9fenseurs des r\u00e8gles de la diplomatie quand Bazoum nous insultait pendant neuf mois ? Aucun d&rsquo;entre eux n&rsquo;a lev\u00e9 le moindre doigt pour d\u00e9fendre les autorit\u00e9s de la transition. Mais, il suffit que les autorit\u00e9s actuelles prennent des postures qui ne sont rien d&rsquo;autres que le principe de r\u00e9ciprocit\u00e9 pour qu&rsquo;ils sortent de leur silence. Tu nous insultes, on t&rsquo;insulte, tu nous attaques, on t&rsquo;attaque pour que ces pseudos d\u00e9fenseurs des r\u00e8gles de bon voisinage crient au toll\u00e9. Mais, comme ils sont d\u00e9masqu\u00e9s, ils sont connus. C&rsquo;est des gens qui n&rsquo;ont jamais \u00e9t\u00e9 nationalistes, c&rsquo;est des gens qui ont d&rsquo;autres agenda qui sont bien connus et identifi\u00e9s, mais la volont\u00e9 de Dieu et la volont\u00e9 de notre peuple se fera. Et, c&rsquo;est \u00e7a qui s&rsquo;imposera.<\/p>\n\n\n\n<p><strong><em>En tant que pr\u00e9sident du parti politique et membre du CNT, quel regard portez-vous sur l&rsquo;affaire des soldats ivoiriens d\u00e9tenus au Mali ?<\/em><\/strong><\/p>\n\n\n\n<p>&nbsp;C&rsquo;est une affaire tr\u00e8s claire. Elle n&rsquo;a aucune ambigu\u00eft\u00e9. Des hommes arm\u00e9s ont d\u00e9barqu\u00e9 sur notre territoire sans autorisation au pr\u00e9alable, sans informer nos autorit\u00e9s, avec armes et bagages.<\/p>\n\n\n\n<p>Nous les avons appr\u00e9hend\u00e9s pour besoin d&rsquo;enqu\u00eate. Et lors de l&rsquo;enqu\u00eate, quand ils ont \u00e9t\u00e9 interrog\u00e9s, ils ont dit qu&rsquo;ils \u00e9taient l\u00e0 dans le cadre d&rsquo;une mission confidentielle et ils ont dissimil\u00e9 leur identit\u00e9 en utilisant des passeports o\u00f9 ils \u00e9taient marqu\u00e9s ma\u00e7on, vendeuse, menuisier\u2026.Donc, nous sommes dans une situation o\u00f9 des soldats \u00e9trangers ont d\u00e9barqu\u00e9 en plein midi sur le territoire d&rsquo;un autre pays sans informer pr\u00e9alablement ce pays, sans que ce pays ne soit au courant, sans qu&rsquo;ils n&rsquo;aient \u00e9t\u00e9 autoris\u00e9s \u00e0 le faire tout en dissimilant leur identit\u00e9. Et il se trouve que ce sont les forces sp\u00e9ciales. C&rsquo;est quoi une force sp\u00e9ciale ? C&rsquo;est une force suffisamment aguerrie qui agit avec violence et discr\u00e9tion.<\/p>\n\n\n\n<p>Et, il semblerait que certains de ces soldats ne parlent m\u00eame pas fran\u00e7ais. Ils parlent anglais, ils ne parlent aucun dialecte de la C\u00f4te d&rsquo;ivoire. Donc, ce ne sont rien d&rsquo;autres que des mercenaires qui \u00e9taient venus dans le dessein de faire un sale boulot. Il n&rsquo;y a pas de doute. Il n&rsquo;y a pas le moindre doute sur \u00e7a. Donc, nous les avons mis \u00e0 la disposition de la justice pour besoin d&rsquo;enqu\u00eate. Nous laissons la justice continuer son travail. C&rsquo;est pourquoi, je marque mon d\u00e9saccord avec la lib\u00e9ration des trois femmes pour raison humanitaire. \u00c7a c&rsquo;est scandaleux. Si on lib\u00e8re trois femmes pour raison humanitaire alors que les dossiers sont au niveau de la justice, \u00e7a veut dire qu&rsquo;aucune femme ne doit \u00eatre inculp\u00e9e, ne doit se retrouver en prison, pour raison humanitaire.&nbsp; Donc, je suis en d\u00e9saccord par rapport \u00e0 cette m\u00e9thode. Ils sont au niveau de la justice, laissons la justice faire son travail. C&rsquo;est \u00e0 la justice de les juger et les condamner. Apr\u00e8s condamnation, le pr\u00e9sident dispose du droit de gr\u00e2ce. Si le pr\u00e9sident Assimi juge qu&rsquo;au nom des relations de bon voisinage, au nom des liens s\u00e9culaires qui se trouvent entre le Mali et la C\u00f4te d&rsquo;Ivoire qu&rsquo;il faut gracier ces militaires, pas de probl\u00e8me. Je serai d&rsquo;accord qu&rsquo;il gracie ; mais, pour le moment, respectons notre justice. Le dossier est au niveau de la justice, c&rsquo;est \u00e0 la justice d&rsquo;agir avec c\u00e9l\u00e9rit\u00e9 et de juger ces mercenaires convenablement au code p\u00e9nal en vigueur. S&rsquo;ils sont condamn\u00e9s, le pr\u00e9sident peut les gracier apr\u00e8s.<\/p>\n\n\n\n<p><strong><em>Et pourtant le secr\u00e9taire g\u00e9n\u00e9ral de l&rsquo;ONU Antonio Guterres a contredit cette th\u00e8se ?<\/em><\/strong><\/p>\n\n\n\n<p>Il n&rsquo;a qu&rsquo;\u00e0 nous dire si lui il acceptera que des militaires d\u00e9barquent au sein des Nations-Unies sans autorisation pr\u00e9alable en dissimilant leur identit\u00e9. Comment lui, il va les appeler ? Des militaires qui d\u00e9barquent au si\u00e8ge des Nations Unies sans autorisation pr\u00e9alable avec armes et bagages en dissimilant leur identit\u00e9, comment il va les appeler ? Pour nous, au Mali ici, ce sont des mercenaires et partout, c&rsquo;est l&rsquo;appellation qui doit leur convenir.<\/p>\n\n\n\n<p><strong><em>Actualit\u00e9 oblige, selon vous, est-ce que ce qui est arriv\u00e9 \u00e0 l&rsquo;ex chef de l&rsquo;Etat du Burkina, Damiba, \u00e9tait pr\u00e9visible ? Pourquoi ?<\/em><\/strong><\/p>\n\n\n\n<p>Bien s\u00fbr que c&rsquo;\u00e9tait pr\u00e9visible, parce qu&rsquo;on ne peut pas aller contre l&rsquo;histoire. C&rsquo;est ce que j&rsquo;ai dit, aujourd&rsquo;hui, nos peuples en Afrique au Sud du Sahara pr\u00e9f\u00e8rent plus la libert\u00e9 que la d\u00e9mocratie. S&rsquo;il faut faire mille coups d&rsquo;Etat pour \u00eatre libre, on le fera.<\/p>\n\n\n\n<p><strong><em>Donc, le peuple Burkinab\u00e8 n&rsquo;\u00e9tait pas libre sous Damiba ?<\/em><\/strong><\/p>\n\n\n\n<p>Oui, le peuple burkinab\u00e8 a compris que Damiba \u00e9tait un agent, un pion au service de l&rsquo;ex puissance coloniale. Il \u00e9tait manipul\u00e9, ses ficelles \u00e9taient tir\u00e9es. Des gens qui ont commis des crimes au Burkina, qui ont \u00e9t\u00e9 condamn\u00e9s par la justice burkinab\u00e8 au nom d&rsquo;un pseudo d&rsquo;une r\u00e9conciliation, on a pu les faire venir notamment le pr\u00e9sident Blaise Compaor\u00e9.&nbsp; Donc, c&rsquo;est le r\u00e9sultat d&rsquo;un malaise ; je me d\u00e9fends de commenter \u00e0 ce niveau l\u00e0 d&rsquo;aller loin mais ce que je veux dire aux dirigeants en Afrique au sud du Sahara, la roue de l&rsquo;histoire tourne. Et elle continuera \u00e0 tourner. Tous ceux qui vont se mettre au travers de la marche de l&rsquo;histoire seront des victimes de leur peuple.<\/p>\n\n\n\n<p>Et \u00e7a il n&rsquo;y a pas d&rsquo;alternative. Nos peuples aspirent \u00e0 la libert\u00e9. On ne veut plus que ni l&rsquo;ex puissance coloniale, ni personne d&rsquo;autre en dehors de nos dirigeants et de nos peuples d\u00e9cident des choses pour nous. C&rsquo;est simple comme bonjour. Ce n&rsquo;est pas au pr\u00e9sident fran\u00e7ais de dire il faut que la CEDEAO fasse \u00e7a, il faut que le Burkina fasse \u00e7a.&nbsp; Au Mali ici, on ne peut pas t\u00e9l\u00e9phoner pour dire qu&rsquo;en France, il faut faire \u00e7a. Donc, qu&rsquo;on nous respecte. On ne demande qu&rsquo;on nous respecte. On n&rsquo;a rien contre personne notamment le peuple fran\u00e7ais, d&rsquo;ailleurs il y a beaucoup de Maliens en France et il faut que les dirigeants fran\u00e7ais nous respectent.&nbsp;<\/p>\n\n\n\n<p><strong><em>Pr\u00e9sident, revenons au Mali, est ce que vous pensez que notre pays sera en mesure de respecter le calendrier \u00e9lectoral arr\u00eat\u00e9 de commun accord avec la CEDEAO ? Parce que certains pensent que nous sommes en retard.<\/em><\/strong><\/p>\n\n\n\n<p>Non, c&rsquo;est une volont\u00e9 de nos autorit\u00e9s actuelles. Je ne pense pas que nous soyons en retard. Nous avons d\u00e9j\u00e0 une loi \u00e9lectorale qui est op\u00e9rationnelle. Elle est valide, elle est promulgu\u00e9e. L&rsquo;AIGE est en train de se mettre en place. Le processus est en cours. C&rsquo;est une question de quelques jours, quelques mois pour mettre en place l&rsquo;organe unique. Et nous allons organiser les \u00e9lections l\u00e0, en tout cas ce que je vais vous dire, nous ferons tout pour qu&rsquo;une seule seconde ne soit pas ajout\u00e9e \u00e0 la transition pour que les \u00e9lections soient tenues aux dates indiqu\u00e9es. C&rsquo;est la volont\u00e9 ferme des autorit\u00e9s, c&rsquo;est la volont\u00e9 ferme du Conseil National de Transition et nous, en tant que politiques, acteurs \u00e0 la transition, c&rsquo;est notre volont\u00e9 ferme. Nous allons nous battre pour cela.<\/p>\n\n\n\n<p><strong><em>Par rapport \u00e0 ces \u00e9lections, certains trouvent que la nouvelle loi \u00e9lectorale est floue par rapport \u00e0 la candidature des autorit\u00e9s de la transition. Est-ce que vous, personnellement, en tant que membre du CNT, apr\u00e8s avoir lu le texte, pensez que le pr\u00e9sident Assimi et le pr\u00e9sident du CNT Malick Diaw peuvent se pr\u00e9senter ?<\/em><\/strong><\/p>\n\n\n\n<p>Vous savez, il n&rsquo;est dit dans la loi que personne ne peut \u00eatre candidat. On n&rsquo;a m\u00eame pas parl\u00e9 de candidature de telle ou telle personne. La loi est un \u00e9l\u00e9ment impersonnel, c&rsquo;est un acte impersonnel de port\u00e9e g\u00e9n\u00e9rale. Ni Assimi, ni Diaw n&rsquo;ont leur nom l\u00e0-bas. Mais, la Charte dit que ni le pr\u00e9sident de la transition, ni les membres du gouvernement, ni le Premier ministre, ne peuvent \u00eatre candidat. Cette disposition n&rsquo;a pas fait objet de modification. Et Assimi, ce qui le pr\u00e9occupe aujourd&rsquo;hui, c&rsquo;est comment ramener la s\u00e9curit\u00e9 et terminer en beaut\u00e9 la transition. C&rsquo;est \u00e7a sa pr\u00e9occupation majeure. Et moi, je vous dis, il n&rsquo;a dit \u00e0 personne qu&rsquo;il va \u00eatre candidat, personne ne peut nous dire \u00e7a. Parce que ce n&rsquo;est pas quelqu&rsquo;un qui aime le pouvoir&#8230;<\/p>\n\n\n\n<p><strong><em>&nbsp;Donc, pour \u00eatre clair, aucune autorit\u00e9 de la transition ne peut \u00eatre candidate, selon la loi ?<\/em><\/strong><\/p>\n\n\n\n<p>La loi est claire. La loi parle de pr\u00e9sident de la Transition, de Premier ministre, des membres du Gouvernement, mais, la loi n&rsquo;interdit pas aux membres du CNT d&rsquo;\u00eatre candidat \u00e0 la pr\u00e9sidentielle.<\/p>\n\n\n\n<p><strong><em>Donc, Malick Diaw, pr\u00e9sident du CNT, peut se pr\u00e9senter ?<\/em><\/strong><\/p>\n\n\n\n<p>La candidature est un acte personnel. L&rsquo;\u00e9lection pr\u00e9sidentielle, c&rsquo;est la rencontre d&rsquo;un homme et de son peuple. C&rsquo;est une d\u00e9cision ultra personnelle. Personne ne peut dire \u00e0 personne, voil\u00e0 telle personne va \u00eatre candidate ou telle personne ne sera pas candidate.<\/p>\n\n\n\n<p><strong><em>La question est de savoir est-ce qu&rsquo;au regard de la loi, Diaw peut \u00eatre candidat ?<\/em><\/strong><\/p>\n\n\n\n<p>Je ne sais pas si au regard de la loi, j&rsquo;ai dit les membres du CNT peuvent \u00eatre candidats C&rsquo;est \u00e9crit. La loi est claire, la loi n&rsquo;a pas fait de restriction pour les membres du CNT. Mais, la loi \u00e9lectorale dit quand on est militaire, il faut d\u00e9missionner de l&rsquo;arm\u00e9e quatre mois au moins avant l&rsquo;\u00e9lection. \u00c7a veut dire que tu peux d\u00e9missionner six mois avant ou sept mois avant, mais au moins quatre mois.&nbsp;<\/p>\n\n\n\n<p>&nbsp;<strong><em>Le pr\u00e9sident Assimi Go\u00efta, dans une de ses d\u00e9clarations, disait que, s&rsquo;il \u00e9choue, c&rsquo;est toute la jeunesse malienne qui aura \u00e9chou\u00e9. Pour vous, qu&rsquo;est-ce que le jeune pr\u00e9sident Assimi a fait pour cette jeunesse depuis qu&rsquo;il est aux affaires ?<\/em><\/strong><\/p>\n\n\n\n<p>Il faut reconnaitre d&rsquo;abord qu&rsquo;aujourd&rsquo;hui le pays est dirig\u00e9 par des jeunes.&nbsp; Et ces jeunes assument de hautes fonctions. Le Premier ministre par int\u00e9rim est un jeune, le pr\u00e9sident de la transition est jeune, le pr\u00e9sident du Conseil National de Transition est jeune, une bonne partie des membres du Conseil national de transition et du gouvernement sont des jeunes. Donc, vraiment personne ne souhaite l&rsquo;\u00e9chec de la transition, c&rsquo;est la r\u00e9ussite de la jeunesse. Il n&rsquo;y a pas de doute, parce que ce sont des jeunes qui sont aux commandes aujourd&rsquo;hui. Donc, c&rsquo;est \u00e0 eux de se battre pour que cette transition r\u00e9ussisse. Pour moi, elle a d\u00e9j\u00e0 r\u00e9ussi, il reste seulement de couronner cette r\u00e9ussite par l&rsquo;organisation de bonnes \u00e9lections.&nbsp; Aujourd&rsquo;hui, nous avons notre fiert\u00e9 retrouv\u00e9e, nous sommes un pays qui fait des petites choses avec grandeur, nous sommes un pays qui dit \u00e0 l&rsquo;ex puissance coloniale : \u00a0\u00bb nous ne sommes pas d&rsquo;accord, voici ce sont nos int\u00e9r\u00eats que nous allons d\u00e9fendre \u00ab\u00a0. Nous sommes un pays o\u00f9 les passeports sont aujourd&rsquo;hui respect\u00e9s sur le plan international, nous sommes un pays qui est en train de moderniser son arm\u00e9e, nous sommes un pays qui a fix\u00e9 les caps par rapport \u00e0 la question de la souverainet\u00e9. Donc, la transition pour moi a d\u00e9j\u00e0 r\u00e9ussi. Maintenant, il faut couronner cette r\u00e9ussite par l&rsquo;organisation d&rsquo;\u00e9lections cr\u00e9dibles, libres et transparentes. C&rsquo;est tout.<\/p>\n\n\n\n<p>&nbsp;<strong><em>Vous avez l&rsquo;habitude de donner des notes \u00e0 des autorit\u00e9s. Quelle est celle que vous donnez \u00e0 la Transition actuelle ?<\/em><\/strong><\/p>\n\n\n\n<p>Je n&rsquo;ai pas l&rsquo;habitude de donner les notes. C&rsquo;est un clich\u00e9 que les gens ont d\u00e9velopp\u00e9. Je ne r\u00e9p\u00e8terai jamais assez que le Premier ministre Choguel K. Ma\u00efga a fait parvenir un document au CNT o\u00f9 on a r\u00e9alis\u00e9 30% du plan d&rsquo;action. 30%, c&rsquo;est 300 sur 1000, c&rsquo;est 3 sur 10. Donc, ce n&rsquo;est pas une note que, moi, j&rsquo;ai donn\u00e9. C&rsquo;est le Premier ministre lui-m\u00eame dans un document qui a indiqu\u00e9 qu&rsquo;ils ont r\u00e9alis\u00e9 30%. J&rsquo;ai dit donc, si on extrapole et l&rsquo;on fractionne, c&rsquo;est 3 sur 10. Et quand on a 3\/10 \u00e0 l&rsquo;\u00e9cole, on est renvoy\u00e9. Depuis lors, les gens pensent que j&rsquo;ai not\u00e9 le Premier ministre. Non, je ne donne pas de note, je ne suis pas un professeur. J&rsquo;ai juste extrapol\u00e9 les faits sur la base d&rsquo;informations claires. Est-ce que la transition a produit un document dans lequel ils ont dit qu&rsquo;ils ont tel pourcentage d&rsquo;activit\u00e9s r\u00e9alis\u00e9es ? Non, voil\u00e0.<\/p>\n\n\n\n<p>&nbsp;<strong><em>Votre mot de la fin ?<\/em><\/strong><\/p>\n\n\n\n<p>&nbsp;C&rsquo;est encore appeler notre peuple \u00e0 la mobilisation. C&rsquo;est l&rsquo;histoire de l&rsquo;Afrique, c&rsquo;est l&rsquo;avenir de notre pays, de l&rsquo;Afrique qui se jouent au Mali. Nous sommes face \u00e0 notre destin. Personne ne viendra remettre les choses \u00e0 leur place pour nous. C&rsquo;est \u00e0 nous de nous dresser et de poursuivre cette lanc\u00e9e ; ce cap qui consiste \u00e0 garantir notre souverainet\u00e9.<\/p>\n\n\n\n<p>Aujourd&rsquo;hui, on a pratiquement la souverainet\u00e9 politique mais \u00e7a ne servira \u00e0 rien si on n&rsquo;a pas la souverainet\u00e9 \u00e9conomique. C&rsquo;est pourquoi, j&rsquo;appelle notre jeunesse \u00e0 investir massivement dans l&rsquo;agriculture, \u00e0 aller \u00e0 la terre, \u00e0 cultiver la terre, \u00e0 cultiver surtout suffisamment de riz, suffisamment de ma\u00efs, de mil pour nourrir notre peuple, \u00e0 cultiver suffisamment de tomates et de l\u00e9gumes pour nourrir notre peuple, \u00e0 produire suffisamment de coton que nous allons transformer en fil au profit des tubes pour habiller notre peuple. Si nous arrivons \u00e0 faire \u00e7a, nous aurons garanti notre souverainet\u00e9 totale et nous pourrons m\u00eame aller dans la production de la monnaie nationale, parce que le franc CFA, c&rsquo;est une monnaie de servitude. Et nous ne pouvons pas continuer \u00e0 rester dans la servitude.&nbsp; <strong>Propos recueillis par<\/strong><\/p>\n\n\n\n<p><strong>&nbsp;Kassoum THERA<\/strong><\/p>\n\n\n\n<p><strong>Aujourd\u2019hui Mali<\/strong><\/p>\n","protected":false},"excerpt":{"rendered":"<p>\u2019\u2019Assimi n\u2019a dit \u00e0 personne qu\u2019il va \u00eatre candidat. Ce n\u2019est pas quelqu\u2019un qui aime le pouvoir\u2026\u2019\u2019 La vie du parti Front africain pour le d\u00e9veloppement (FAD), ses ambitions, l&rsquo;accord&hellip;<\/p>\n","protected":false},"author":1,"featured_media":9027,"comment_status":"open","ping_status":"closed","sticky":false,"template":"","format":"standard","meta":{"content-type":"","_lmt_disableupdate":"","_lmt_disable":"","_jetpack_memberships_contains_paid_content":false,"footnotes":"","jetpack_publicize_message":"","jetpack_publicize_feature_enabled":true,"jetpack_social_post_already_shared":true,"jetpack_social_options":{"image_generator_settings":{"template":"highway","default_image_id":0,"font":"","enabled":false},"version":2}},"categories":[19,63,21],"tags":[],"class_list":["post-9024","post","type-post","status-publish","format-standard","has-post-thumbnail","hentry","category-aujourdhui-mali","category-interview","category-societe"],"jetpack_publicize_connections":[],"featured_image_urls":{"full":"","thumbnail":"","medium":"","medium_large":"","large":"","1536x1536":"","2048x2048":"","penci-recipe-1200x1200":"","penci-recipe-1200x900":"","penci-recipe-1200x675":"","penci-single-full":"","penci-slider-full-thumb":"","penci-full-thumb":"","penci-slider-thumb":"","penci-magazine-slider":"","penci-thumb":"","penci-masonry-thumb":"","penci-thumb-square":"","penci-thumb-vertical":"","penci-thumb-small":""},"author_info":{"display_name":"Nandi","author_link":"https:\/\/nandi.info\/?author=1"},"category_info":"<a href=\"https:\/\/nandi.info\/?cat=19\" rel=\"category\">Aujourd\u2019hui Mali<\/a> <a href=\"https:\/\/nandi.info\/?cat=63\" rel=\"category\">Interview<\/a> <a href=\"https:\/\/nandi.info\/?cat=21\" rel=\"category\">Soci\u00e9t\u00e9<\/a>","tag_info":"Soci\u00e9t\u00e9","comment_count":"0","jetpack_featured_media_url":"","jetpack_sharing_enabled":true,"_links":{"self":[{"href":"https:\/\/nandi.info\/index.php?rest_route=\/wp\/v2\/posts\/9024","targetHints":{"allow":["GET"]}}],"collection":[{"href":"https:\/\/nandi.info\/index.php?rest_route=\/wp\/v2\/posts"}],"about":[{"href":"https:\/\/nandi.info\/index.php?rest_route=\/wp\/v2\/types\/post"}],"author":[{"embeddable":true,"href":"https:\/\/nandi.info\/index.php?rest_route=\/wp\/v2\/users\/1"}],"replies":[{"embeddable":true,"href":"https:\/\/nandi.info\/index.php?rest_route=%2Fwp%2Fv2%2Fcomments&post=9024"}],"version-history":[{"count":0,"href":"https:\/\/nandi.info\/index.php?rest_route=\/wp\/v2\/posts\/9024\/revisions"}],"wp:featuredmedia":[{"embeddable":true,"href":"https:\/\/nandi.info\/index.php?rest_route=\/"}],"wp:attachment":[{"href":"https:\/\/nandi.info\/index.php?rest_route=%2Fwp%2Fv2%2Fmedia&parent=9024"}],"wp:term":[{"taxonomy":"category","embeddable":true,"href":"https:\/\/nandi.info\/index.php?rest_route=%2Fwp%2Fv2%2Fcategories&post=9024"},{"taxonomy":"post_tag","embeddable":true,"href":"https:\/\/nandi.info\/index.php?rest_route=%2Fwp%2Fv2%2Ftags&post=9024"}],"curies":[{"name":"wp","href":"https:\/\/api.w.org\/{rel}","templated":true}]}}