{"id":9021,"date":"2022-10-08T06:30:00","date_gmt":"2022-10-08T04:30:00","guid":{"rendered":"https:\/\/nandi.info\/?p=9021"},"modified":"2022-10-08T06:30:00","modified_gmt":"2022-10-08T04:30:00","slug":"police-nationale-grogne-contre-larrete-n5470-mspc-sg","status":"publish","type":"post","link":"https:\/\/nandi.info\/?p=9021","title":{"rendered":"Police Nationale : Grogne contre<strong> l&rsquo;arr\u00eat\u00e9 n\u00b05470\/MSPC-SG<\/strong><strong><\/strong>"},"content":{"rendered":"\n<p><strong><em>Depuis quelques mois, un contentieux oppose le Collectif des fonctionnaires de police retrait\u00e9s au titre de l&rsquo;ann\u00e9e 2022 au minist\u00e8re de la S\u00e9curit\u00e9 et de la Protection civile concernant l&rsquo;arr\u00eat\u00e9 n\u00b05470\/MSPC-SG du 24 d\u00e9cembre 2021 qui a mis certains fonctionnaires de police (commissaires, officiers et sous-officiers) \u00e0 la retraite. Apr\u00e8s plusieurs m\u00e9diations dont celle du Conseil national de la transition (CNT), le Collectif exige l&rsquo;annulation pure et simple dudit arr\u00eat\u00e9 minist\u00e9riel afin que ses membres puissent \u00eatre remis dans leurs droits.<\/em><\/strong><strong><em><\/em><\/strong><\/p>\n\n\n\n<p class=\"has-drop-cap\">Le Collectif des fonctionnaires de police retrait\u00e9s au titre de l&rsquo;ann\u00e9e 2022 conteste depuis quelques mois la mise \u00e0 la retraite de certains fonctionnaires de police sur la base des dispositions de l&rsquo;ordonnance n\u00b02021-016\/PT-RM du 31 d\u00e9cembre 2021 portant modification du Statut des fonctionnaires de police nationale.<\/p>\n\n\n\n<p>Il convient tout suite de pr\u00e9ciser que l&rsquo;article 140 du nouveau statut de cette ordonnance dispose que les fonctionnaires de police sont admis \u00e0 faire valoir leurs droits \u00e0 la retraite lorsqu&rsquo;ils ont atteint la limite d&rsquo;\u00e2ge fix\u00e9e ainsi qu&rsquo;il suit : 65 ans pour le corps des commissaires de police, 62 ans pour les officiers de police et 61 ans pour le corps des sous-officiers de police. Or, il se trouve que les d\u00e9crets n\u00b02021-0925\/PT-RM et n\u00b02021-0926\/PT-RM du 23 d\u00e9cembre 2021 et l&rsquo;arr\u00eat\u00e9 n\u00b05470\/MSPC-SG du 24 d\u00e9cembre 2021 ont mis certains fonctionnaires de police des 3 corps \u00e0 la retraite \u00e0 compter du 1er janvier 2022. A la date du 31 d\u00e9cembre 2021 et juste avant la prise d&rsquo;effet de la retraite est intervenue l&rsquo;ordonnance n\u00b02021-016\/PT-RM portant modification du Statut des fonctionnaires de la police nationale, qui proroge l&rsquo;\u00e2ge de d\u00e9part \u00e0 la retraite.<\/p>\n\n\n\n<p>C&rsquo;est suite \u00e0 ce changement que les membres du Collectif demandent d&rsquo;\u00eatre mis dans leurs droits surtout qu&rsquo;un autre fonctionnaire de police, se trouvant dans un cas similaire \u00e0 eux, n&rsquo;a pas \u00e9t\u00e9 mis \u00e0 la retraite et b\u00e9n\u00e9ficie des avantages de l&rsquo;article 140 de l&rsquo;ordonnance du 31 d\u00e9cembre 2021.<\/p>\n\n\n\n<p>Dix mois sans solde, la Cour supr\u00eame saisie<\/p>\n\n\n\n<p>Selon la porte-parole du Collectif des fonctionnaires de police retrait\u00e9s au titre de l&rsquo;ann\u00e9e 2022, Major N\u00e9n\u00e9 K\u00e9\u00efta, ils sont victimes d&rsquo;une injustice de la part du minist\u00e8re de la S\u00e9curit\u00e9 et de la Protection civile. <em>\u00ab\u00a0Avec l&rsquo;ancien statut des fonctionnaires de la police nationale, nous ne pouvons pas b\u00e9n\u00e9ficier des trois (3) ans acquis par l&rsquo;UNTM \u00e0 travers le statut sp\u00e9cial. Mais avec l&rsquo;ordonnance n\u00b02021-016\/PT-RM du 31 d\u00e9cembre 2021 portant modification de l&rsquo;ordonnance n\u00b02018-015\/P-RM du 15 mars 2018 portant statut des fonctionnaires de la police nationale, nous devrons b\u00e9n\u00e9ficier des trois (3) ans parce qu&rsquo;il a \u00e9t\u00e9 publi\u00e9 au Journal officiel du Mali. Apr\u00e8s des discussions avec nos responsables, ils nous ont fait savoir qu&rsquo;il n&rsquo;y aura pas de probl\u00e8me parce que l&rsquo;arr\u00eat\u00e9 n\u00b05470\/MSPC-SG du 24 d\u00e9cembre 2021 sera annul\u00e9. C&rsquo;est ainsi que nos coll\u00e8gues ont continu\u00e9 \u00e0 travailler jusqu&rsquo;au mois de f\u00e9vrier 2022. Comme, ledit arr\u00eat\u00e9 n&rsquo;a pas \u00e9t\u00e9 annul\u00e9, nous avons d\u00e9cid\u00e9 de porter plainte au niveau de la Cour supr\u00eame\u00a0\u00bb<\/em>, pr\u00e9cisera-t-elle. Elle a \u00e9galement indiqu\u00e9 que les membres du Collectif veulent b\u00e9n\u00e9ficier de trois (3) ans comme les fonctionnaires des autres corps. <em>\u00ab\u00a0C&rsquo;est notre droit le plus absolu de b\u00e9n\u00e9ficier de ces trois ans de services. Depuis janvier 2022, nous restons sans solde et \u00e0 chaque fois que nous demandons de nous clarifier la situation, ils nous demandent de patienter. Comment un fonctionnaire peut vivre sans son salaire ? Maintenant, nous exigeons l&rsquo;annulation pure \u00e9t\u00e9 simple de l&rsquo;arr\u00eate n\u00b05470\/MSPC-SG du 24 d\u00e9cembre 2021\u00a0\u00bb<\/em>, dira-t-elle, avant de pr\u00e9ciser que les syndicats de la police sont avec eux.<strong>&nbsp; <\/strong><strong>&nbsp;&nbsp;&nbsp;&nbsp;&nbsp;&nbsp;&nbsp;&nbsp;&nbsp;&nbsp;&nbsp;&nbsp;&nbsp;&nbsp;&nbsp;&nbsp;&nbsp;&nbsp;&nbsp;&nbsp;&nbsp;&nbsp;&nbsp;&nbsp;&nbsp;&nbsp;&nbsp;&nbsp;&nbsp;&nbsp;&nbsp;&nbsp;&nbsp;&nbsp;&nbsp;&nbsp;&nbsp;&nbsp;&nbsp;&nbsp;&nbsp;&nbsp;&nbsp;&nbsp;&nbsp;&nbsp;&nbsp;&nbsp;&nbsp;<\/strong><\/p>\n\n\n\n<p><strong>Mahamadou Traor\u00e9<\/strong><\/p>\n\n\n\n<p><strong>Aujourd\u2019hui Mali<\/strong><\/p>\n","protected":false},"excerpt":{"rendered":"<p>Depuis quelques mois, un contentieux oppose le Collectif des fonctionnaires de police retrait\u00e9s au titre de l&rsquo;ann\u00e9e 2022 au minist\u00e8re de la S\u00e9curit\u00e9 et de la Protection civile concernant l&rsquo;arr\u00eat\u00e9&hellip;<\/p>\n","protected":false},"author":1,"featured_media":9022,"comment_status":"open","ping_status":"closed","sticky":false,"template":"","format":"standard","meta":{"content-type":"","_lmt_disableupdate":"","_lmt_disable":"","_jetpack_memberships_contains_paid_content":false,"footnotes":"","jetpack_publicize_message":"","jetpack_publicize_feature_enabled":true,"jetpack_social_post_already_shared":true,"jetpack_social_options":{"image_generator_settings":{"template":"highway","default_image_id":0,"font":"","enabled":false},"version":2}},"categories":[19,87,66,21],"tags":[],"class_list":["post-9021","post","type-post","status-publish","format-standard","has-post-thumbnail","hentry","category-aujourdhui-mali","category-confidences","category-police","category-societe"],"jetpack_publicize_connections":[],"featured_image_urls":{"full":"","thumbnail":"","medium":"","medium_large":"","large":"","1536x1536":"","2048x2048":"","penci-recipe-1200x1200":"","penci-recipe-1200x900":"","penci-recipe-1200x675":"","penci-single-full":"","penci-slider-full-thumb":"","penci-full-thumb":"","penci-slider-thumb":"","penci-magazine-slider":"","penci-thumb":"","penci-masonry-thumb":"","penci-thumb-square":"","penci-thumb-vertical":"","penci-thumb-small":""},"author_info":{"display_name":"Nandi","author_link":"https:\/\/nandi.info\/?author=1"},"category_info":"<a href=\"https:\/\/nandi.info\/?cat=19\" rel=\"category\">Aujourd\u2019hui Mali<\/a> <a href=\"https:\/\/nandi.info\/?cat=87\" rel=\"category\">Confidences<\/a> <a href=\"https:\/\/nandi.info\/?cat=66\" rel=\"category\">Police<\/a> <a href=\"https:\/\/nandi.info\/?cat=21\" rel=\"category\">Soci\u00e9t\u00e9<\/a>","tag_info":"Soci\u00e9t\u00e9","comment_count":"0","jetpack_featured_media_url":"","jetpack_sharing_enabled":true,"_links":{"self":[{"href":"https:\/\/nandi.info\/index.php?rest_route=\/wp\/v2\/posts\/9021","targetHints":{"allow":["GET"]}}],"collection":[{"href":"https:\/\/nandi.info\/index.php?rest_route=\/wp\/v2\/posts"}],"about":[{"href":"https:\/\/nandi.info\/index.php?rest_route=\/wp\/v2\/types\/post"}],"author":[{"embeddable":true,"href":"https:\/\/nandi.info\/index.php?rest_route=\/wp\/v2\/users\/1"}],"replies":[{"embeddable":true,"href":"https:\/\/nandi.info\/index.php?rest_route=%2Fwp%2Fv2%2Fcomments&post=9021"}],"version-history":[{"count":0,"href":"https:\/\/nandi.info\/index.php?rest_route=\/wp\/v2\/posts\/9021\/revisions"}],"wp:featuredmedia":[{"embeddable":true,"href":"https:\/\/nandi.info\/index.php?rest_route=\/"}],"wp:attachment":[{"href":"https:\/\/nandi.info\/index.php?rest_route=%2Fwp%2Fv2%2Fmedia&parent=9021"}],"wp:term":[{"taxonomy":"category","embeddable":true,"href":"https:\/\/nandi.info\/index.php?rest_route=%2Fwp%2Fv2%2Fcategories&post=9021"},{"taxonomy":"post_tag","embeddable":true,"href":"https:\/\/nandi.info\/index.php?rest_route=%2Fwp%2Fv2%2Ftags&post=9021"}],"curies":[{"name":"wp","href":"https:\/\/api.w.org\/{rel}","templated":true}]}}