{"id":8996,"date":"2022-10-07T13:32:00","date_gmt":"2022-10-07T11:32:00","guid":{"rendered":"https:\/\/nandi.info\/?p=8996"},"modified":"2022-10-07T13:32:00","modified_gmt":"2022-10-07T11:32:00","slug":"cop-27-en-egypte-les-ministres-de-lenvironnement-du-continent-africain-a-kinshasa-pour-preparer-le-terrain","status":"publish","type":"post","link":"https:\/\/nandi.info\/?p=8996","title":{"rendered":"COP 27 en Egypte : Les ministres de l\u2019environnement du continent africain \u00e0 Kinshasa pour pr\u00e9parer le terrain"},"content":{"rendered":"\n<p><strong>Plus de soixante ministres de l\u2019Environnement et des experts du contient africains sont r\u00e9unis dans la capitale de la R\u00e9publique D\u00e9mocratique du Congo (RDC) depuis le 03 octobre dernier afin de pr\u00e9parer la COP 27 que la ville \u00e9gyptienne de Charm el-cheick abritera, du 07 au 18 novembre 2022.<\/strong><\/p>\n\n\n\n<p class=\"has-drop-cap\">Il s\u2019agit pour les participants \u00e0 la rencontre de Kinshasa de pr\u00e9parer la COP&nbsp;27, pr\u00e9vue du 7 au 18 novembre prochain \u00e0 Charm el-Cheikh, en Egypte. L\u2019une des pr\u00e9occupations majeures de cette rencontre est la possibilit\u00e9 pour l\u2019Afrique d\u2019exploiter ses r\u00e9serves de combustibles fossiles.&nbsp;\u00ab&nbsp;<a href=\"https:\/\/www.dw.com\/fr\/lafrique-face-aux-d%C3%A9fis-climatiques\/a-63130010\"><em>L\u2019Afrique n\u2019est responsable que de 4% des \u00e9missions mondiales de gaz \u00e0 effet de serre<\/em><\/a><em>&nbsp; et elle en conserve davantage dans ses sols qu\u2019elle n\u2019en \u00e9met&nbsp;<\/em>\u00bb, ont d\u00e9plor\u00e9 le Premier ministre congolais, Jean-Marie SAMA Lukond\u00e9, et Eve Bazaiba Masudi, ministre de l\u2019Environnement et du d\u00e9veloppement durable lors des travaux d\u2019ouverture.&nbsp; La question de l\u2019\u00e9quilibre entre le d\u00e9veloppement \u00e9conomique du continent africain et le respect des engagements climatiques sera d\u00e9battue par les participants. Autre d\u00e9fi majeur du continent qui sera \u00e9voqu\u00e9 \u00e0 la pr\u00e9-COP 27 est la d\u00e9pendance en \u00e9nergie fossile de l\u2019Europe vis-\u00e0-vis de l\u2019Afrique.<\/p>\n\n\n\n<p><a href=\"https:\/\/www.dw.com\/fr\/rdc-gouvernement-sama-lukonde-bilan-etat-de-si%C3%A8ge-f%C3%A9lix-tshisekedi\/a-61664886\">Jean-Marie Sama Lukond\u00e9<\/a>,&nbsp;le premier ministre de la RDC, a rappel\u00e9 que depuis le d\u00e9but de la guerre en Ukraine, certains pays europ\u00e9ens sont&nbsp;<em>\u00ab&nbsp;retourn\u00e9s \u00e0 l\u2019usage des sources d\u2019\u00e9nergies polluantes qu\u2019ils avaient pr\u00e9alablement bannies&nbsp;\u00bb.&nbsp;<\/em>&nbsp;Il a ainsi estim\u00e9 qu\u2019il faut \u00e9viter&nbsp;de<em>&nbsp;\u00ab&nbsp;tomber dans l\u2019arbitraire, avec certains Etats libres de poursuivre, voire d\u2019augmenter leurs \u00e9missions, et d\u2019autres emp\u00each\u00e9s d\u2019exploiter leurs ressources naturelles&nbsp;\u00bb.<\/em>&nbsp;\u00ab&nbsp;<em>La d\u00e9pendance de l\u2019Europe des \u00e9nergies fossiles pourrait pousser certains pays africains \u00e0 exploiter des ressources polluantes, sapant ainsi les efforts consentis pour contenir le r\u00e9chauffement de la plan\u00e8te \u00e0 moins de 1,5\u00b0C depuis le d\u00e9but de l\u2019\u00e8re industrielle&nbsp;<\/em>\u00bb, a-t-il regrett\u00e9.<\/p>\n\n\n\n<p>Il a signal\u00e9 que son pays dispose d\u2019environ 155 millions d\u2019hectares de&nbsp;<a href=\"https:\/\/www.dw.com\/fr\/rdc-etienne-tshisekedi-d%C3%A9forestation-jean-michel-sama-lukonde\/a-59692134\">for\u00eat tropicale<\/a>. \u00ab&nbsp;<em>Ce qui en fait un&nbsp;\u201cpoumon vert\u201d<\/em>&nbsp;<em>capable d\u2019absorber le carbone et de contribuer \u00e0 la lutte contre le d\u00e9r\u00e8glement climatique&nbsp;<\/em>\u00bb, a-t-il ajout\u00e9. \u00ab&nbsp;<em>Nos for\u00eats sont en train de mourir \u00e0 un rythme fou. Nous les enfants sommes les premi\u00e8res victimes&nbsp;<\/em>\u00bb, ont plaid\u00e9 une cinquantaine d\u2019enfants lors de cette r\u00e9union. Ils ont demand\u00e9 aux officiels \u00e0 cette pr\u00e9-COP&nbsp;de \u00ab<em>&nbsp;faire plus&nbsp;<\/em>\u00bb pour leur l\u00e9guer un monde respirable.<\/p>\n\n\n\n<p><strong>Moussa Samba Diallo<\/strong><\/p>\n\n\n\n<p><strong>Le R\u00e9publicain Mali<\/strong><\/p>\n","protected":false},"excerpt":{"rendered":"<p>Plus de soixante ministres de l\u2019Environnement et des experts du contient africains sont r\u00e9unis dans la capitale de la R\u00e9publique D\u00e9mocratique du Congo (RDC) depuis le 03 octobre dernier afin&hellip;<\/p>\n","protected":false},"author":1,"featured_media":0,"comment_status":"open","ping_status":"closed","sticky":false,"template":"","format":"standard","meta":{"content-type":"","_lmt_disableupdate":"","_lmt_disable":"","_jetpack_memberships_contains_paid_content":false,"footnotes":"","jetpack_publicize_message":"","jetpack_publicize_feature_enabled":true,"jetpack_social_post_already_shared":true,"jetpack_social_options":{"image_generator_settings":{"template":"highway","default_image_id":0,"font":"","enabled":false},"version":2}},"categories":[36,69],"tags":[],"class_list":["post-8996","post","type-post","status-publish","format-standard","hentry","category-environnement","category-le-republicain-mali"],"jetpack_publicize_connections":[],"featured_image_urls":{"full":"","thumbnail":"","medium":"","medium_large":"","large":"","1536x1536":"","2048x2048":"","penci-recipe-1200x1200":"","penci-recipe-1200x900":"","penci-recipe-1200x675":"","penci-single-full":"","penci-slider-full-thumb":"","penci-full-thumb":"","penci-slider-thumb":"","penci-magazine-slider":"","penci-thumb":"","penci-masonry-thumb":"","penci-thumb-square":"","penci-thumb-vertical":"","penci-thumb-small":""},"author_info":{"display_name":"Nandi","author_link":"https:\/\/nandi.info\/?author=1"},"category_info":"<a href=\"https:\/\/nandi.info\/?cat=36\" rel=\"category\">Environnement<\/a> <a href=\"https:\/\/nandi.info\/?cat=69\" rel=\"category\">Le R\u00e9publicain Mali<\/a>","tag_info":"Le R\u00e9publicain Mali","comment_count":"0","jetpack_featured_media_url":"","jetpack_sharing_enabled":true,"_links":{"self":[{"href":"https:\/\/nandi.info\/index.php?rest_route=\/wp\/v2\/posts\/8996","targetHints":{"allow":["GET"]}}],"collection":[{"href":"https:\/\/nandi.info\/index.php?rest_route=\/wp\/v2\/posts"}],"about":[{"href":"https:\/\/nandi.info\/index.php?rest_route=\/wp\/v2\/types\/post"}],"author":[{"embeddable":true,"href":"https:\/\/nandi.info\/index.php?rest_route=\/wp\/v2\/users\/1"}],"replies":[{"embeddable":true,"href":"https:\/\/nandi.info\/index.php?rest_route=%2Fwp%2Fv2%2Fcomments&post=8996"}],"version-history":[{"count":0,"href":"https:\/\/nandi.info\/index.php?rest_route=\/wp\/v2\/posts\/8996\/revisions"}],"wp:attachment":[{"href":"https:\/\/nandi.info\/index.php?rest_route=%2Fwp%2Fv2%2Fmedia&parent=8996"}],"wp:term":[{"taxonomy":"category","embeddable":true,"href":"https:\/\/nandi.info\/index.php?rest_route=%2Fwp%2Fv2%2Fcategories&post=8996"},{"taxonomy":"post_tag","embeddable":true,"href":"https:\/\/nandi.info\/index.php?rest_route=%2Fwp%2Fv2%2Ftags&post=8996"}],"curies":[{"name":"wp","href":"https:\/\/api.w.org\/{rel}","templated":true}]}}