{"id":8990,"date":"2022-10-07T12:16:31","date_gmt":"2022-10-07T10:16:31","guid":{"rendered":"https:\/\/nandi.info\/?p=8990"},"modified":"2022-10-07T12:16:31","modified_gmt":"2022-10-07T10:16:31","slug":"accompagnement-des-pme-au-sahel-zira-capital-explique-les-avantages-de-financement-du-programme-ipas-aux-entrepreneurs","status":"publish","type":"post","link":"https:\/\/nandi.info\/?p=8990","title":{"rendered":"Accompagnement des PME au sahel : Zira Capital explique les avantages de financement du programme IPAS aux entrepreneurs"},"content":{"rendered":"\n<p class=\"has-drop-cap\">Apr\u00e8s son lancement en 2019 et le d\u00e9marrage effectif de ses activit\u00e9s au Mali en d\u00e9cembre 2021, le programme I et P Acc\u00e9l\u00e9ration au Sahel (IPAS), financ\u00e9 par l\u2019Union Europ\u00e9enne dans 13 pays de l\u2019Afrique de l\u2019ouest et du centre (B\u00e9nin, Burkina Faso, Cameroun, C\u00f4te d\u2019Ivoire, Gambie, Ghana, Guin\u00e9e, Mali, Mauritanie, Niger, Tchad, Togo, S\u00e9n\u00e9gal), et mis en \u0153uvre au Mali par Zira Capital), a organis\u00e9, le 4 octobre 2022, \u00e0 Azala\u00ef H\u00f4tel Salam de Bamako, une r\u00e9union d\u2019information sur le programme IPAS et l\u2019accompagnement des Petites et Moyennes Entreprises (PME) au Mali. Outre la Directrice de Zira Capital, Me A\u00efcha Ha\u00efdara, Mme Silvia Severi, cheffe d\u2019unit\u00e9 et cheffe de coop\u00e9ration de l\u2019Union Europ\u00e9enne et Sophie M\u00e9nager \u00e9taient pr\u00e9sentes \u00e0 cette rencontre d\u2019\u00e9changes. Y \u00e9taient aussi pr\u00e9sents, les premiers b\u00e9n\u00e9ficiaires du projet au Mali et beaucoup d\u2019autres entrepreneurs ou futurs entrepreneurs, souhaitant s\u2019informer sur le programme en vue de postuler.<\/p>\n\n\n\n<p>Ce programme&nbsp; de 4 ans, selon la cheffe d\u2019unit\u00e9 et de la coop\u00e9ration&nbsp; de l\u2019UE au Mali, a un&nbsp; budget&nbsp; de 15 millions d\u2019Euros. Il s\u2019agit pour&nbsp; l\u2019UE&nbsp; de r\u00e9fl\u00e9chir&nbsp; sur tout ce qui concerne&nbsp; le&nbsp; secteur priv\u00e9&nbsp; malien afin de le soutenir&nbsp; pour relever les d\u00e9fis \u00e9conomiques (des secteurs primaire, secondaire et tertiaire). Il s\u2019agit&nbsp; pour l\u2019UE, ajoute-t-elle, d\u2019investir sur la jeunesse pour d\u00e9velopper des actions \u00e9conomiques, fiables,&nbsp; durables pour &nbsp;lui permettre de s\u2019\u00e9panouir et de faire face aux obstacles qu\u2019elle rencontre comme le faible financement \u00e0 des taux d\u2019int\u00e9r\u00eat, le manque d\u2019exp\u00e9rience \u00e0 g\u00e9rer une entreprise, etc.<\/p>\n\n\n\n<p>D\u2019entr\u00e9e, A\u00efcha Ha\u00efdara a rappel\u00e9 que l\u2019objectif de&nbsp; cette rencontre est d\u2019\u00e9changer&nbsp; sur&nbsp; les probl\u00e9matiques&nbsp; li\u00e9es \u00e0&nbsp; l\u2019accompagnement&nbsp; des PME. En effet, dit-elle, les PME&nbsp; et leur&nbsp; financement sont au c\u0153ur du discours public depuis de nombreuses ann\u00e9es au Mali. Mais malheureusement, d\u00e9plore A\u00efcha Ha\u00efdara, force est&nbsp; de constater&nbsp; que le manque d\u2019acc\u00e8s&nbsp; de&nbsp; ces entreprises&nbsp; au financement&nbsp; demeure&nbsp; \u00e0&nbsp; l\u2019ordre du jour. C\u2019est&nbsp; pourquoi, poursuit Ha\u00efdara, nous devrions saisir cette&nbsp; occasion pour&nbsp; mener&nbsp; ensemble la r\u00e9flexion autour du financement des PME qui &nbsp;sont&nbsp; le poumon&nbsp; de l\u2019\u00e9conomie. A titre illustratif, pr\u00e9cise A\u00efcha Ha\u00efdara, les PME repr\u00e9sentent&nbsp; entre 80 et 90%&nbsp; des&nbsp; entreprises r\u00e9centes dans la zone UEMOA (Union \u00e9conomique et mon\u00e9taire&nbsp; Ouest-africaine).&nbsp;<em>\u00ab&nbsp;IPAS participe&nbsp; \u00e0 l\u2019accompagnement&nbsp; des PME&nbsp; dans la sous r\u00e9gion&nbsp; du Sahel, mais aussi&nbsp; \u00e0 la constitution&nbsp; de fonds&nbsp; d\u2019investissements&nbsp; locaux. Dans&nbsp; le cadre de la&nbsp; convention&nbsp; \u00e9tablie entre&nbsp; IPED&nbsp; et l\u2019UE, le programme&nbsp; IPAS peut&nbsp; \u00e9galement&nbsp; servir \u00e0 la mise en place de fonds locaux et&nbsp; financer la mise en place de Zira Capital<\/em>&nbsp;\u00bb, a-t-elle d\u00e9clar\u00e9.&nbsp; Selon A\u00efcha Ha\u00efdara, la particularit\u00e9&nbsp; de ce programme&nbsp; est que le financement des PME est op\u00e9r\u00e9 par des PME&nbsp; locales.<\/p>\n\n\n\n<p>De l\u2019avis de A\u00efcha Ha\u00efdara, le financement d\u2019amor\u00e7age (qui met \u00e0 disposition les ressources financi\u00e8res n\u00e9cessaires pour faire m\u00fbrir l\u2019entreprise et l\u2019aider \u00e0 lever des financements suppl\u00e9mentaires)&nbsp; envers les&nbsp; entreprises&nbsp; est fait&nbsp; entre 2 \u00e0 40 millions de FCFA par dossier. Etal\u00e9 sur&nbsp; une p\u00e9riode de 6 mois \u00e0 2 ans, ce financement d\u2019amor\u00e7age sert par exemple \u00e0 soutenir&nbsp;: les besoins en fonds&nbsp; de roulement&nbsp;; les d\u00e9penses d\u2019exploitation; les phases pilotes de prototypage ou les textes de march\u00e9; la recherche et le d\u00e9veloppement; l\u2019achat d\u2019\u00e9quipement&nbsp;: technologies&nbsp;; la phase&nbsp; de pr\u00e9paration de l\u2019entreprise \u00e0 un futur&nbsp; financement par&nbsp; acteur classique. \u00ab<em>Les missions d\u2019assistance technique appuient les entreprises ou renforcent leurs capacit\u00e9s dans plusieurs domaines comme&nbsp;: \u00e9tudes et recherche pour&nbsp; le d\u00e9veloppement d\u2019un prototype, pr\u00e9paration du business plan (\u00e9tude de march\u00e9, strat\u00e9gie marketing, plan d\u2019action commercial, pr\u00e9vision financi\u00e8re, etc.), renforcement de la gestion administrative et financi\u00e8re, accompagnement technique et op\u00e9rationnel, coaching<\/em>\u00bb, dit-elle.<\/p>\n\n\n\n<p>Sophie M\u00e9nager de l\u2019UE a fait savoir&nbsp; que &nbsp;de d\u00e9cembre 2021 \u00e0&nbsp; la date d\u2019aujourd\u2019hui, les entreprises&nbsp; financ\u00e9es par&nbsp; le programme, dans les 13 pays sus cit\u00e9s,&nbsp; sont au nombre de 72. Ce qui a d\u00e9bouch\u00e9, selon elle, sur la cr\u00e9ation de 2300 emplois et plus de&nbsp; 66 000 b\u00e9n\u00e9ficiaires&nbsp; indirects. Au Mali, 5 entreprises ont \u00e9t\u00e9 financ\u00e9es. Il s\u2019agit de&nbsp;IKABOOK de Namissa Th\u00e9ra; de 2AD Comapgny d\u2019Awa et Adam&nbsp; Drabo&nbsp;; de Karit\u2019Or d\u2019Adam Soreya Sylla et Aly&nbsp; Kouma&nbsp;;&nbsp; de Donilab. Autour de la table, \u00e0 l\u2019occasion, ces b\u00e9n\u00e9ficiaires ont expliqu\u00e9 entre&nbsp; autres&nbsp; leur premier coup de foudre avec IPAS&nbsp;; les besoins de financements&nbsp;; ce&nbsp; qu\u2019ils pensent&nbsp; d\u2019IPAS. Ils ont aussi invit\u00e9 les&nbsp; entrepreneurs et les futurs&nbsp; entrepreneurs&nbsp; \u00e0 aller&nbsp; vers&nbsp; IPAS pour&nbsp; se lancer&nbsp; rapidement&nbsp; dans&nbsp; l\u2019entreprenariat sans&nbsp; difficult\u00e9&nbsp; majeure. En 2022, IPAS compte&nbsp; financer&nbsp; 6 entreprises&nbsp; au Mali et 120 dans les 13 pays concern\u00e9s par le projet.<\/p>\n\n\n\n<p><strong>Hadama B. FOFANA<\/strong><\/p>\n\n\n\n<p><strong>Le R\u00e9publicain Mali<\/strong><\/p>\n","protected":false},"excerpt":{"rendered":"<p>Apr\u00e8s son lancement en 2019 et le d\u00e9marrage effectif de ses activit\u00e9s au Mali en d\u00e9cembre 2021, le programme I et P Acc\u00e9l\u00e9ration au Sahel (IPAS), financ\u00e9 par l\u2019Union Europ\u00e9enne&hellip;<\/p>\n","protected":false},"author":1,"featured_media":0,"comment_status":"open","ping_status":"closed","sticky":false,"template":"","format":"standard","meta":{"content-type":"","_lmt_disableupdate":"","_lmt_disable":"","_jetpack_memberships_contains_paid_content":false,"footnotes":"","jetpack_publicize_message":"","jetpack_publicize_feature_enabled":true,"jetpack_social_post_already_shared":true,"jetpack_social_options":{"image_generator_settings":{"template":"highway","default_image_id":0,"font":"","enabled":false},"version":2}},"categories":[57,69],"tags":[],"class_list":["post-8990","post","type-post","status-publish","format-standard","hentry","category-international","category-le-republicain-mali"],"jetpack_publicize_connections":[],"featured_image_urls":{"full":"","thumbnail":"","medium":"","medium_large":"","large":"","1536x1536":"","2048x2048":"","penci-recipe-1200x1200":"","penci-recipe-1200x900":"","penci-recipe-1200x675":"","penci-single-full":"","penci-slider-full-thumb":"","penci-full-thumb":"","penci-slider-thumb":"","penci-magazine-slider":"","penci-thumb":"","penci-masonry-thumb":"","penci-thumb-square":"","penci-thumb-vertical":"","penci-thumb-small":""},"author_info":{"display_name":"Nandi","author_link":"https:\/\/nandi.info\/?author=1"},"category_info":"<a href=\"https:\/\/nandi.info\/?cat=57\" rel=\"category\">International<\/a> <a href=\"https:\/\/nandi.info\/?cat=69\" rel=\"category\">Le R\u00e9publicain Mali<\/a>","tag_info":"Le R\u00e9publicain Mali","comment_count":"0","jetpack_featured_media_url":"","jetpack_sharing_enabled":true,"_links":{"self":[{"href":"https:\/\/nandi.info\/index.php?rest_route=\/wp\/v2\/posts\/8990","targetHints":{"allow":["GET"]}}],"collection":[{"href":"https:\/\/nandi.info\/index.php?rest_route=\/wp\/v2\/posts"}],"about":[{"href":"https:\/\/nandi.info\/index.php?rest_route=\/wp\/v2\/types\/post"}],"author":[{"embeddable":true,"href":"https:\/\/nandi.info\/index.php?rest_route=\/wp\/v2\/users\/1"}],"replies":[{"embeddable":true,"href":"https:\/\/nandi.info\/index.php?rest_route=%2Fwp%2Fv2%2Fcomments&post=8990"}],"version-history":[{"count":0,"href":"https:\/\/nandi.info\/index.php?rest_route=\/wp\/v2\/posts\/8990\/revisions"}],"wp:attachment":[{"href":"https:\/\/nandi.info\/index.php?rest_route=%2Fwp%2Fv2%2Fmedia&parent=8990"}],"wp:term":[{"taxonomy":"category","embeddable":true,"href":"https:\/\/nandi.info\/index.php?rest_route=%2Fwp%2Fv2%2Fcategories&post=8990"},{"taxonomy":"post_tag","embeddable":true,"href":"https:\/\/nandi.info\/index.php?rest_route=%2Fwp%2Fv2%2Ftags&post=8990"}],"curies":[{"name":"wp","href":"https:\/\/api.w.org\/{rel}","templated":true}]}}