{"id":8987,"date":"2022-10-07T11:53:49","date_gmt":"2022-10-07T09:53:49","guid":{"rendered":"https:\/\/nandi.info\/?p=8987"},"modified":"2022-10-07T11:53:49","modified_gmt":"2022-10-07T09:53:49","slug":"les-responsables-de-la-communaute-kel-ansars-face-a-la-presse-notre-devoir-est-de-mettre-en-contribution-nos-ressources-pour-parvenir-a-une-paix-definitive","status":"publish","type":"post","link":"https:\/\/nandi.info\/?p=8987","title":{"rendered":"Les responsables de la Communaut\u00e9 Kel Ansars face \u00e0 la presse : \u00abNotre devoir est de mettre en contribution nos ressources pour parvenir \u00e0 une paix d\u00e9finitive\u2026\u00bb"},"content":{"rendered":"\n<p><strong>\u00abLa Paix et la r\u00e9conciliation, facteurs de stabilit\u00e9 et de d\u00e9veloppement \u00bb, tel \u00e9tait le th\u00e8me de la conf\u00e9rence d\u00e9bat organis\u00e9e par la Coordination Kel Ansars et Alli\u00e9s, le 17 septembre 2022, au M\u00e9morial Modibo K\u00e9\u00efta de Bamako, en pr\u00e9sence du pr\u00e9sident de la Coordination Kel Ansars et Alli\u00e9s, Oumar Hammama Ansary et plusieurs autres personnalit\u00e9s. \u00abNotre devoir est de mettre en contribution nos ressources pour parvenir \u00e0 une paix d\u00e9finitive\u2026\u00bb, a soulign\u00e9 Oumar Hammama Ansary.<\/strong><\/p>\n\n\n\n<p class=\"has-drop-cap\">Avec comme devise \u00abEnsemble pour la paix, la bonne gouvernance, le d\u00e9veloppement local et la coh\u00e9sion sociale entre toutes les communaut\u00e9s\u00bb, la communaut\u00e9 des Kel Ansars et Alli\u00e9s participe pleinement \u00e0 la r\u00e9ussite de la Semaine nationale de la r\u00e9conciliation. En effet, pour son pr\u00e9sident Oumar Hammama Ansary, la communaut\u00e9 des Kel Ansar et Alli\u00e9s (CKA&amp;A) ne pouvait pas rester en marge de l\u2019initiative de la Semaine Nationale de R\u00e9conciliation (SENARE) qui cadre parfaitement avec leur vision et engagement \u00e0 \u0153uvrer pour l\u2019entente nationale, la paix et la coh\u00e9sion. \u00abNotre pays, le Mali subit depuis une d\u00e9cennie, une crise multiforme qui a troubl\u00e9 la qui\u00e9tude de populations et a mis notre stabilit\u00e9 en jeu.<\/p>\n\n\n\n<p>En effet, la Semaine Nationale de la R\u00e9conciliation, initiative, premier du genre dans notre pays lanc\u00e9 par le gouvernement, \u00e0 laquelle s\u2019associe activement la Coordination Kel Ansars et Alli\u00e9s vient donner raison \u00e0 la vision qu\u2019elle porte autour des initiatives de la paix \u00bb, a d\u00e9clar\u00e9 Oumar Hammama Ansary, pr\u00e9sident de la Coordination Kel Ansars et Alli\u00e9s.<\/p>\n\n\n\n<p>Selon lui, cette conf\u00e9rence vient renforcer la dynamique d\u00e9j\u00e0 lanc\u00e9e en faveur de la paix. \u00abNotre devoir est de mettre en contribution nos ressources pour parvenir \u00e0 une paix d\u00e9finitive, d\u2019o\u00f9 le choix du th\u00e8me par nos plus hautes autorit\u00e9s, je cite \u00abFaisons de notre diversit\u00e9, un atout la coh\u00e9sion sociale au Mali\u00bb.<\/p>\n\n\n\n<p>\u00c0 travers cette conf\u00e9rence d\u2019\u00e9changes qui s\u2019impose est pour nous un exercice citoyen mod\u00e8le, pour parler sp\u00e9cifiquement de la Paix et la R\u00e9conciliation : facteur de Stabilit\u00e9 et de D\u00e9veloppement. La Coordination des Kel Ansar et Alli\u00e9s (CKA&amp;A) que nous sommes, apporte sa modeste contribution \u00e0 ce devoir citoyen. Il s\u2019agit pour nous, repr\u00e9sentants d\u2019organisions gouvernementales, ONG, membres de la soci\u00e9t\u00e9 civile, repr\u00e9sentants des autorit\u00e9s coutumi\u00e8res et religieuses, personnes ressources, acteurs politiques, jeunes femmes et vieux ici pr\u00e9sents de partager nos exp\u00e9riences en vue de contribuer individuellement et collectivement \u00e0 l\u2019am\u00e9lioration du vivre ensemble, de la coh\u00e9sion sociale et du d\u00e9veloppement des communaut\u00e9s\u00bb, a-t-il dit.<\/p>\n\n\n\n<p>Enfin, il a adress\u00e9 ses encouragements aux autorit\u00e9s pour les efforts consentis en faveur de la paix et de la s\u00e9curit\u00e9 au Mali.<\/p>\n\n\n\n<p><strong>A. Sogodogo<\/strong><\/p>\n\n\n\n<p><strong>Le R\u00e9publicain Mali<\/strong><\/p>\n","protected":false},"excerpt":{"rendered":"<p>\u00abLa Paix et la r\u00e9conciliation, facteurs de stabilit\u00e9 et de d\u00e9veloppement \u00bb, tel \u00e9tait le th\u00e8me de la conf\u00e9rence d\u00e9bat organis\u00e9e par la Coordination Kel Ansars et Alli\u00e9s, le 17&hellip;<\/p>\n","protected":false},"author":1,"featured_media":0,"comment_status":"open","ping_status":"closed","sticky":false,"template":"","format":"standard","meta":{"content-type":"","_lmt_disableupdate":"","_lmt_disable":"","_jetpack_memberships_contains_paid_content":false,"footnotes":"","jetpack_publicize_message":"","jetpack_publicize_feature_enabled":true,"jetpack_social_post_already_shared":true,"jetpack_social_options":{"image_generator_settings":{"template":"highway","default_image_id":0,"font":"","enabled":false},"version":2}},"categories":[83,69],"tags":[],"class_list":["post-8987","post","type-post","status-publish","format-standard","hentry","category-echos-de-nos-regions","category-le-republicain-mali"],"jetpack_publicize_connections":[],"featured_image_urls":{"full":"","thumbnail":"","medium":"","medium_large":"","large":"","1536x1536":"","2048x2048":"","penci-recipe-1200x1200":"","penci-recipe-1200x900":"","penci-recipe-1200x675":"","penci-single-full":"","penci-slider-full-thumb":"","penci-full-thumb":"","penci-slider-thumb":"","penci-magazine-slider":"","penci-thumb":"","penci-masonry-thumb":"","penci-thumb-square":"","penci-thumb-vertical":"","penci-thumb-small":""},"author_info":{"display_name":"Nandi","author_link":"https:\/\/nandi.info\/?author=1"},"category_info":"<a href=\"https:\/\/nandi.info\/?cat=83\" rel=\"category\">Echos de nos r\u00e9gions<\/a> <a href=\"https:\/\/nandi.info\/?cat=69\" rel=\"category\">Le R\u00e9publicain Mali<\/a>","tag_info":"Le R\u00e9publicain Mali","comment_count":"0","jetpack_featured_media_url":"","jetpack_sharing_enabled":true,"_links":{"self":[{"href":"https:\/\/nandi.info\/index.php?rest_route=\/wp\/v2\/posts\/8987","targetHints":{"allow":["GET"]}}],"collection":[{"href":"https:\/\/nandi.info\/index.php?rest_route=\/wp\/v2\/posts"}],"about":[{"href":"https:\/\/nandi.info\/index.php?rest_route=\/wp\/v2\/types\/post"}],"author":[{"embeddable":true,"href":"https:\/\/nandi.info\/index.php?rest_route=\/wp\/v2\/users\/1"}],"replies":[{"embeddable":true,"href":"https:\/\/nandi.info\/index.php?rest_route=%2Fwp%2Fv2%2Fcomments&post=8987"}],"version-history":[{"count":0,"href":"https:\/\/nandi.info\/index.php?rest_route=\/wp\/v2\/posts\/8987\/revisions"}],"wp:attachment":[{"href":"https:\/\/nandi.info\/index.php?rest_route=%2Fwp%2Fv2%2Fmedia&parent=8987"}],"wp:term":[{"taxonomy":"category","embeddable":true,"href":"https:\/\/nandi.info\/index.php?rest_route=%2Fwp%2Fv2%2Fcategories&post=8987"},{"taxonomy":"post_tag","embeddable":true,"href":"https:\/\/nandi.info\/index.php?rest_route=%2Fwp%2Fv2%2Ftags&post=8987"}],"curies":[{"name":"wp","href":"https:\/\/api.w.org\/{rel}","templated":true}]}}