{"id":8961,"date":"2022-10-05T12:56:00","date_gmt":"2022-10-05T10:56:00","guid":{"rendered":"https:\/\/nandi.info\/?p=8961"},"modified":"2022-10-05T12:56:00","modified_gmt":"2022-10-05T10:56:00","slug":"seconde-edition-de-fila-ni-kele-les-marches-de-bamako-vont-une-nouvelle-fois-accueillir-les-danseurs-contemporains-dhorizons-divers","status":"publish","type":"post","link":"https:\/\/nandi.info\/?p=8961","title":{"rendered":"<strong>Seconde \u00e9dition de fila ni kele&nbsp;:<\/strong> <strong>Les march\u00e9s de Bamako vont une nouvelle fois accueillir les danseurs contemporains d\u2019horizons divers<\/strong>"},"content":{"rendered":"\n<p><strong>Apr\u00e8s le franc succ\u00e8s que la premi\u00e8re \u00e9dition du festival de danse contemporaine dans les march\u00e9s de Bamako a connu, festival \u00abFila Ni Kele\u00bb (Un et Deux), l\u2019Association \u00abDon Sen Folo\u00bb a d\u00e9j\u00e0 programm\u00e9 la seconde \u00e9dition. La &nbsp;r\u00e9v\u00e9lation a \u00e9t\u00e9 faite lundi dernier (3 octobre 2022) lors d\u2019un point de presse anim\u00e9 en pr\u00e9sence des artistes venus de par&nbsp;le monde.<\/strong><\/p>\n\n\n\n<p class=\"has-drop-cap\">Donner la place aux jeunes danseurs contemporains la place qu\u2019il m\u00e9rite et faire valoir leur r\u00f4le et leur importance dans la soci\u00e9t\u00e9&nbsp;! Tel est l\u2019objectif vis\u00e9 par l\u2019Association Don Sen Folo \u00e0 travers le festival Fila Ni Kele Il s\u2019agit \u00e9galement de rendre accessible la danse contemporaine aux citoyens lambda qui n\u2019ont ni le temps ni le moyen financier pour assister \u00e0 un spectacle dans une salle du pays.<\/p>\n\n\n\n<p>Cette seconde \u00e9dition va offrir aux danseurs contemporains en herbe des espaces de collaboration avec des artistes venus de diff\u00e9rents pays afin de mettre en place une id\u00e9e commune dans un espace qui est un point de rencontre par excellence. &nbsp;Ensemble, ils vont cr\u00e9er &nbsp;des spectacles pour attirer le regard de ceux qui fr\u00e9quentent les march\u00e9s (marchands, clients, simples passants\u2026).<\/p>\n\n\n\n<p>En perspective, il s\u2019agit d\u2019offrir des outils et des moyens aux artistes africains pour imaginer des cr\u00e9ations dans lesquelles l\u2019acc\u00e8s \u00e0 la culture pour tous est une \u00e9vidence et dans lesquelles la production artistique questionne et est questionn\u00e9e au quotidien par un dialogue entre l\u2019artiste et la population, l\u2019\u0153uvre et la soci\u00e9t\u00e9.<\/p>\n\n\n\n<p>Pour l\u2019initiateur du projet, Lassina Kon\u00e9 (danseur chor\u00e9graphe, Directeur artistique de l\u2019association Don Sen Folo), \u00ab<em>l&rsquo;id\u00e9e est avant tout de se poser la question de savoir comment forger l\u2019artiste citoyen, un artiste qui rend compte de son environnement, de son territoire\u2026<\/em>\u00bb. C\u2019est une opportunit\u00e9 de travailler le c\u0153ur de sa soci\u00e9t\u00e9 et de cr\u00e9er avec sa communaut\u00e9 des occasions de communion culturelle, artistique, spirituelle&#8230;<\/p>\n\n\n\n<p>\u00ab<em>Fila Ni Kele est une autre mani\u00e8re de venir \u00e0 la rencontre de la population, des citoyens lambdas qui, dans notre pays, ne&nbsp; savent pas ce que sait que la danse contemporaine. C\u2019est donc une occasion pour les artistes danseurs contemporains, qui m\u00e8nent des carri\u00e8res artistiques en dehors du pays, de d\u00e9couvrir cet environnement bamakois, de s\u2019y familiariser et de communiquer sans pour autant faire usage de parole<\/em>\u00bb. C\u2019est naturellement \u00ab<em>un d\u00e9fi de taille<\/em>\u00bb pour la plupart de ces artistes qui n&rsquo;ont toujours donn\u00e9 des spectacles que dans des salles.<\/p>\n\n\n\n<p>Ils seront donc oblig\u00e9s de se conformer \u00e0 un tel espace que sont nos march\u00e9s. Pour cette deuxi\u00e8me \u00e9dition les danseurs contemporains sont du Mali, de la C\u00f4te d\u2019Ivoire, du S\u00e9n\u00e9gal, du Burkina Faso, du Cameroun, de l\u2019Ouganda, du Rwanda et du Togo.<\/p>\n\n\n\n<p>Le projetFila Ni Kele est soutenu par la fondation DOEN, l\u2019ambassade de Luxembourg, le R\u00e9seau KYA, le festival sur le Niger \u00e0 travers son programme AWA, l\u2019Auberge Djamila et l\u2019association Founou Founou, une f\u00e9d\u00e9ration d\u2019associations artistiques compos\u00e9e de: Don Sen Folo, Awn Jigi Art, Yamarou photo et Arts des marionnettes, musique clown et danse dans nos rue (AMMCDR).<\/p>\n\n\n\n<p><strong>Sory Diakit\u00e9<\/strong><\/p>\n","protected":false},"excerpt":{"rendered":"<p>Apr\u00e8s le franc succ\u00e8s que la premi\u00e8re \u00e9dition du festival de danse contemporaine dans les march\u00e9s de Bamako a connu, festival \u00abFila Ni Kele\u00bb (Un et Deux), l\u2019Association \u00abDon Sen&hellip;<\/p>\n","protected":false},"author":1,"featured_media":8963,"comment_status":"open","ping_status":"closed","sticky":false,"template":"","format":"standard","meta":{"content-type":"","_lmt_disableupdate":"","_lmt_disable":"","_jetpack_memberships_contains_paid_content":false,"footnotes":"","jetpack_publicize_message":"","jetpack_publicize_feature_enabled":true,"jetpack_social_post_already_shared":true,"jetpack_social_options":{"image_generator_settings":{"template":"highway","default_image_id":0,"font":"","enabled":false},"version":2}},"categories":[53,32],"tags":[],"class_list":["post-8961","post","type-post","status-publish","format-standard","has-post-thumbnail","hentry","category-le-matin","category-musique-art-et-culture"],"jetpack_publicize_connections":[],"featured_image_urls":{"full":"","thumbnail":"","medium":"","medium_large":"","large":"","1536x1536":"","2048x2048":"","penci-recipe-1200x1200":"","penci-recipe-1200x900":"","penci-recipe-1200x675":"","penci-single-full":"","penci-slider-full-thumb":"","penci-full-thumb":"","penci-slider-thumb":"","penci-magazine-slider":"","penci-thumb":"","penci-masonry-thumb":"","penci-thumb-square":"","penci-thumb-vertical":"","penci-thumb-small":""},"author_info":{"display_name":"Nandi","author_link":"https:\/\/nandi.info\/?author=1"},"category_info":"<a href=\"https:\/\/nandi.info\/?cat=53\" rel=\"category\">Le Matin<\/a> <a href=\"https:\/\/nandi.info\/?cat=32\" rel=\"category\">Musique Art et Culture<\/a>","tag_info":"Musique Art et Culture","comment_count":"0","jetpack_featured_media_url":"","jetpack_sharing_enabled":true,"_links":{"self":[{"href":"https:\/\/nandi.info\/index.php?rest_route=\/wp\/v2\/posts\/8961","targetHints":{"allow":["GET"]}}],"collection":[{"href":"https:\/\/nandi.info\/index.php?rest_route=\/wp\/v2\/posts"}],"about":[{"href":"https:\/\/nandi.info\/index.php?rest_route=\/wp\/v2\/types\/post"}],"author":[{"embeddable":true,"href":"https:\/\/nandi.info\/index.php?rest_route=\/wp\/v2\/users\/1"}],"replies":[{"embeddable":true,"href":"https:\/\/nandi.info\/index.php?rest_route=%2Fwp%2Fv2%2Fcomments&post=8961"}],"version-history":[{"count":0,"href":"https:\/\/nandi.info\/index.php?rest_route=\/wp\/v2\/posts\/8961\/revisions"}],"wp:featuredmedia":[{"embeddable":true,"href":"https:\/\/nandi.info\/index.php?rest_route=\/"}],"wp:attachment":[{"href":"https:\/\/nandi.info\/index.php?rest_route=%2Fwp%2Fv2%2Fmedia&parent=8961"}],"wp:term":[{"taxonomy":"category","embeddable":true,"href":"https:\/\/nandi.info\/index.php?rest_route=%2Fwp%2Fv2%2Fcategories&post=8961"},{"taxonomy":"post_tag","embeddable":true,"href":"https:\/\/nandi.info\/index.php?rest_route=%2Fwp%2Fv2%2Ftags&post=8961"}],"curies":[{"name":"wp","href":"https:\/\/api.w.org\/{rel}","templated":true}]}}