{"id":8958,"date":"2022-10-06T12:44:52","date_gmt":"2022-10-06T10:44:52","guid":{"rendered":"https:\/\/nandi.info\/?p=8958"},"modified":"2022-10-06T12:44:52","modified_gmt":"2022-10-06T10:44:52","slug":"rentree-scolaire-2022-2023-un-demarrage-dans-un-environnement-fait-de-defis-enormes","status":"publish","type":"post","link":"https:\/\/nandi.info\/?p=8958","title":{"rendered":"<strong>Rentr\u00e9e scolaire 2022-2023&nbsp;:<\/strong> <strong>Un d\u00e9marrage dans un environnement fait de d\u00e9fis \u00e9normes<\/strong>"},"content":{"rendered":"\n<p><strong>La c\u00e9r\u00e9monie de lancement officiel de la rentr\u00e9e scolaire a eu lieu le lundi 03 octobre 2022 \u00e0 l&rsquo;Ecole Mamadou Konat\u00e9 sous la pr\u00e9sidence du Premier Ministre par int\u00e9rim, Colonel Abdoulaye Ma\u00efga. Ainsi, malgr\u00e9 les \u00e9normes d\u00e9fis, le marathon scolaire a bien d\u00e9marr\u00e9.<\/strong><\/p>\n\n\n\n<p class=\"has-drop-cap\">Le Premier ministre par int\u00e9rim, Colonel Abdoulaye Ma\u00efga, a proc\u00e9d\u00e9 lundi dernier (3 octobre 2022) au lancement officiel de l\u2019ann\u00e9e scolaire 2022-2023 \u00e0 l\u2019Ecole Mamadou Konat\u00e9, en commune III du district de Bamako. C\u2019\u00e9tait en pr\u00e9sence des membres du gouvernement, &nbsp;notamment du ministre de l\u2019Education nationale, Mme Sidib\u00e9 D\u00e9d\u00e9ou Ousmane.<\/p>\n\n\n\n<p>\u00ab<em>L\u2019enseignement fondamental et la lutte contre le changement climatique, un \u00e9l\u00e8ve un arbre<\/em>\u00bb&nbsp;! Tel est le th\u00e8me de cette rentr\u00e9e normalement effective sur toute l\u2019\u00e9tendue du territoire national. A l\u2019exception de certaines localit\u00e9s du centre et du nord du pays en proie \u00e0 l\u2019ins\u00e9curit\u00e9. Cela est d\u2019ailleurs l\u2019un des premiers d\u00e9fis \u00e0 relever par les autorit\u00e9s de la Transition. Et cela d\u2019autant plus que le nombre d\u2019\u00e9coles ferm\u00e9es, donc d\u2019enfants priv\u00e9s d\u2019un droit fondamental et abandonn\u00e9s \u00e0 eux-m\u00eames, ne cesse d\u2019augmenter dans notre pays.<\/p>\n\n\n\n<p>L\u2019effectivit\u00e9 de la rentr\u00e9e se heurte aussi \u00e0 d\u2019autres facteurs comme l\u2019hivernage. En dehors des difficult\u00e9s de d\u00e9placement (cours d\u2019eau en crue, pistes non praticables\u2026), les inondations n\u2019ont pas \u00e9pargn\u00e9 les \u00e9coles qui sont aussi des zones de recasement des victimes de ces catastrophes naturelles en attendant la fin des pluies ou des solutions idoines. Cette ann\u00e9e, les enfants ont repris le chemin de l\u2019Ecole apr\u00e8s une ann\u00e9e scolaire moins perturb\u00e9e et marqu\u00e9e par une parfaite organisation des examens nationaux. Et le voeu des parents d\u2019\u00e9l\u00e8ves est qu\u2019il en soit ainsi cette ann\u00e9e.<\/p>\n\n\n\n<p>Le souhait exprim\u00e9 sur twitter par le ministre de l\u2019Education nationale, Mme Sidib\u00e9 D\u00e9d\u00e9ou Ousmane, est aussi \u00ab<em>une \u00e9cole apais\u00e9e, performante et inclusive est un levier essentiel du d\u00e9veloppement de notre pays<\/em>\u00bb. Encore faudrait-il que les syndicats l\u2019entendent de cette oreille. Les Coordinations des syndicats de l\u2019\u00e9ducation signataires du 15 octobre 2016 de Bamako, avaient d\u00e9j\u00e0 appel\u00e9 au boycott de la rentr\u00e9e scolaire 2022-2023 parce que le gouvernement n\u2019aurait pas respect\u00e9 certains de ses engagements. M\u00eame s\u2019ils ont&nbsp; lev\u00e9 ce mot d\u2019ordre, rien ne garantit que la temp\u00eate soit d\u00e9finitivement pass\u00e9e. De la capacit\u00e9 du gouvernement \u00e0 calmer ce front social, va \u00e9norm\u00e9ment d\u00e9pendre la r\u00e9ussite de la nouvelle ann\u00e9e scolaire.<\/p>\n\n\n\n<p>Gageons que tous les acteurs de notre Ecole sauront mettre l\u2019int\u00e9r\u00eat de la nation, l\u2019avenir des enfants au-dessus de tout le reste&nbsp;!<\/p>\n\n\n\n<p><strong>Moussa Bolly<\/strong><\/p>\n\n\n\n<p><strong>Le Matin<\/strong><\/p>\n","protected":false},"excerpt":{"rendered":"<p>La c\u00e9r\u00e9monie de lancement officiel de la rentr\u00e9e scolaire a eu lieu le lundi 03 octobre 2022 \u00e0 l&rsquo;Ecole Mamadou Konat\u00e9 sous la pr\u00e9sidence du Premier Ministre par int\u00e9rim, Colonel&hellip;<\/p>\n","protected":false},"author":1,"featured_media":8959,"comment_status":"open","ping_status":"closed","sticky":false,"template":"","format":"standard","meta":{"content-type":"","_lmt_disableupdate":"","_lmt_disable":"","_jetpack_memberships_contains_paid_content":false,"footnotes":"","jetpack_publicize_message":"","jetpack_publicize_feature_enabled":true,"jetpack_social_post_already_shared":true,"jetpack_social_options":{"image_generator_settings":{"template":"highway","default_image_id":0,"font":"","enabled":false},"version":2}},"categories":[38,53],"tags":[],"class_list":["post-8958","post","type-post","status-publish","format-standard","has-post-thumbnail","hentry","category-education","category-le-matin"],"jetpack_publicize_connections":[],"featured_image_urls":{"full":"","thumbnail":"","medium":"","medium_large":"","large":"","1536x1536":"","2048x2048":"","penci-recipe-1200x1200":"","penci-recipe-1200x900":"","penci-recipe-1200x675":"","penci-single-full":"","penci-slider-full-thumb":"","penci-full-thumb":"","penci-slider-thumb":"","penci-magazine-slider":"","penci-thumb":"","penci-masonry-thumb":"","penci-thumb-square":"","penci-thumb-vertical":"","penci-thumb-small":""},"author_info":{"display_name":"Nandi","author_link":"https:\/\/nandi.info\/?author=1"},"category_info":"<a href=\"https:\/\/nandi.info\/?cat=38\" rel=\"category\">Education<\/a> <a href=\"https:\/\/nandi.info\/?cat=53\" rel=\"category\">Le Matin<\/a>","tag_info":"Le Matin","comment_count":"0","jetpack_featured_media_url":"","jetpack_sharing_enabled":true,"_links":{"self":[{"href":"https:\/\/nandi.info\/index.php?rest_route=\/wp\/v2\/posts\/8958","targetHints":{"allow":["GET"]}}],"collection":[{"href":"https:\/\/nandi.info\/index.php?rest_route=\/wp\/v2\/posts"}],"about":[{"href":"https:\/\/nandi.info\/index.php?rest_route=\/wp\/v2\/types\/post"}],"author":[{"embeddable":true,"href":"https:\/\/nandi.info\/index.php?rest_route=\/wp\/v2\/users\/1"}],"replies":[{"embeddable":true,"href":"https:\/\/nandi.info\/index.php?rest_route=%2Fwp%2Fv2%2Fcomments&post=8958"}],"version-history":[{"count":0,"href":"https:\/\/nandi.info\/index.php?rest_route=\/wp\/v2\/posts\/8958\/revisions"}],"wp:featuredmedia":[{"embeddable":true,"href":"https:\/\/nandi.info\/index.php?rest_route=\/"}],"wp:attachment":[{"href":"https:\/\/nandi.info\/index.php?rest_route=%2Fwp%2Fv2%2Fmedia&parent=8958"}],"wp:term":[{"taxonomy":"category","embeddable":true,"href":"https:\/\/nandi.info\/index.php?rest_route=%2Fwp%2Fv2%2Fcategories&post=8958"},{"taxonomy":"post_tag","embeddable":true,"href":"https:\/\/nandi.info\/index.php?rest_route=%2Fwp%2Fv2%2Ftags&post=8958"}],"curies":[{"name":"wp","href":"https:\/\/api.w.org\/{rel}","templated":true}]}}