{"id":8950,"date":"2022-10-05T14:23:38","date_gmt":"2022-10-05T12:23:38","guid":{"rendered":"https:\/\/nandi.info\/?p=8950"},"modified":"2022-10-05T14:23:38","modified_gmt":"2022-10-05T12:23:38","slug":"amelioration-du-plateau-technique-des-structures-de-sante-de-louables-efforts-sapes-par-la-multiplication-des-erreurs-de-diagnostic","status":"publish","type":"post","link":"https:\/\/nandi.info\/?p=8950","title":{"rendered":"<strong>Am\u00e9lioration du plateau technique des structures de sant\u00e9<\/strong>&nbsp;: <strong>De louables efforts sap\u00e9s par la multiplication des erreurs de diagnostic<\/strong>"},"content":{"rendered":"\n<p><strong>Dans les salons, dans les v\u00e9hicules de transport public, dans les Grins, sur les r\u00e9seaux sociaux\u2026, les t\u00e9moignages sur les erreurs de diagnostic au niveau de tous les niveaux de notre pyramide du syst\u00e8me de sant\u00e9 se multiplient. Des erreurs pouvant causer d\u2019autres maladies chez les patients voire entra\u00eener la mort si elles ne sont pas identifi\u00e9es \u00e0 temps. Une situation qui, \u00e0 la longue, peut compromettre les immenses sacrifices consentis par l\u2019Etat et certaines communaut\u00e9s voire des bonnes volont\u00e9s pour am\u00e9liorer le plateau technique de nos structures sanitaires afin d\u2019assurer aux populations une meilleure prise en charge m\u00e9dicale.<\/strong><\/p>\n\n\n\n<p>\u00ab<em>Il est plus important de conna\u00eetre le malade que la maladie dont il souffre<\/em>\u00bb, disait Hippocrate. Malheureusement, nous avons aujourd\u2019hui l\u2019impression que nos infirmiers et m\u00e9decins ne connaissent ni l\u2019un ni l\u2019autre. Et cela \u00e0 cause de la multiplication des erreurs de diagnostics.<\/p>\n\n\n\n<p>Loin de nous toute volont\u00e9 de jeter l\u2019opprobre sur une noble profession alors que la n\u00f4tre est loin d\u2019\u00eatre une r\u00e9f\u00e9rence ces derniers temps. Mais, il est temps de susciter la r\u00e9flexion et un vrai d\u00e9bat constructif sur les erreurs de diagnostic qui sont en train de devenir un v\u00e9ritable probl\u00e8me de sant\u00e9 publique dans notre pays. En dehors des t\u00e9moignages qui se multiplient sur les r\u00e9seaux sociaux, il n\u2019est plus rare qu\u2019on nous interpelle sur cette \u00e9pineuse question.<\/p>\n\n\n\n<p>\u00ab<em>Les erreurs de diagnostic constituent aujourd\u2019hui une grande plaie de la sant\u00e9 au Mali et co\u00fbtent la vie \u00e0 de nombreux patients<\/em>\u00bb, reconna\u00eet B. Coulibaly, un infirmier d\u2019\u00e9tat \u00e0 la retraite. \u00ab<em>La d\u00e9faillance dans cette \u00e9tape cruciale pour la r\u00e9ussite de tout traitement m\u00e9dical a tendance \u00e0 se g\u00e9n\u00e9raliser. Et la responsabilit\u00e9 est partag\u00e9e&nbsp;; notamment entre les laborantins, les m\u00e9decins\u2026<\/em>\u00bb, ajoute-t-il.<\/p>\n\n\n\n<p>En tout cas, les diff\u00e9rents t\u00e9moignages lui donnent plus que raison. \u00ab<em>Il y a moins d\u2019un an, ils ont diagnostiqu\u00e9 un diab\u00e8te chez une tante qui a \u00e9t\u00e9 aussit\u00f4t mise sous traitement. Mais, j\u2019ai insist\u00e9 pour qu\u2019elle retourne en France<\/em> (o\u00f9 elle a longtemps r\u00e9sid\u00e9) <em>pour un bilan de sant\u00e9. R\u00e9sultat&nbsp;: Elle n\u2019est pas diab\u00e9tique&nbsp;! Et depuis elle ne cesse de me b\u00e9nir pour l\u2019avoir pouss\u00e9 \u00e0 retourner en France afin de savoir de quoi elle souffrait exactement<\/em>\u00bb, nous a r\u00e9cemment confi\u00e9 un confr\u00e8re de la place&nbsp;!<\/p>\n\n\n\n<p>\u00ab<em>Je suis actuellement \u00e0 mon 3e cas de faux diagnostic sur des proches. Ils ont propos\u00e9 une chirurgie du c\u0153ur \u00e0 une ni\u00e8ce de 28 ans pour cardiom\u00e9galie. Quand je l\u2019ai envoy\u00e9e en Tunisie, on s\u2019est rendu compte que ce sont les m\u00e9dicaments prescrits ici qui contribuaient plut\u00f4t \u00e0 lui gonfler le c\u0153ur. Apr\u00e8s une semaine \u00e0 Tunis sans la prise dudit traitement, elle est revenue en tr\u00e8s bonne sant\u00e9<\/em>\u00bb, t\u00e9moigne un jeune op\u00e9rateur \u00e9conomique.<\/p>\n\n\n\n<p><strong>Elle a \u00e9chapp\u00e9 belle \u00e0 la chimioth\u00e9rapie et \u00e0 l\u2019ablation totale du sein<\/strong><\/p>\n\n\n\n<p>\u00ab<em>Le 2e cas \u00e9tait aussi un cas de faux cancer du sein. Le 3e cas est actuellement \u00e0 Istanbul pour un faux kyste ou fibrome. Tout ce qui a \u00e9t\u00e9 diagnostiqu\u00e9 ici est compl\u00e8tement faux. Pourtant ils nous ont fait payer des scanners, des analyses et autres. Que d\u2019examens co\u00fbteux<\/em>\u00bb, d\u00e9plore-t-il. \u00ab<em>Ici, au Mali, un m\u00e9decin a propos\u00e9 la chimioth\u00e9rapie, un autre a propos\u00e9 carr\u00e9ment l\u2019ablation totale du sein de ma tante qui, selon eux, d\u00e9veloppait un cancer du sein. Arriv\u00e9e \u00e0 Istanbul<\/em> (Turquie)<em>, le m\u00e9decin a proc\u00e9d\u00e9 \u00e0 la biopsie. R\u00e9sultat ? Z\u00e9ro cancer d\u00e9tect\u00e9&nbsp;! Juste la mastite. L\u00e0 il a prescrit des antibiotiques, elle va bien\u2026<\/em>\u00bb, t\u00e9moigne un Malien de la Diaspora.<\/p>\n\n\n\n<p>\u00ab<em>Un jour ils ont voulu op\u00e9rer mon petit cousin des deux yeux en nous assurant que s\u2019il on ne l&rsquo;op\u00e8re pas en urgence, il va devenir aveugle. Paniqu\u00e9, son p\u00e8re l&rsquo;a amen\u00e9 en urgence en Tunisie o\u00f9 ce diagnostic s\u2019est av\u00e9r\u00e9 totalement faux<\/em>\u00bb, d\u00e9plore un internaute.<\/p>\n\n\n\n<p>\u00ab<em>Dans une clinique priv\u00e9e au Golf, le m\u00e9decin me dit que j&rsquo;ai l\u2019h\u00e9morro\u00efde. Il m&rsquo;a prescrit une ordonnance. J\u2019ai d\u00e9chir\u00e9 son ordonnance en sortant de sa clinique, en regrettant bien s\u00fbr les 20 000 F Cfa pay\u00e9s comme frais de consultation. J&rsquo;ai ensuite expliqu\u00e9 mes sympt\u00f4mes \u00e0 un pharmacien qui y a vu plut\u00f4t une intol\u00e9rance \u00e0 l&rsquo;eau du robinet dont j&rsquo;avais perdu l&rsquo;habitude de boire pendant des ann\u00e9es. Il m\u2019a donn\u00e9 de la polaramine<\/em> (anti-allergique)<em>. Et du coup, tous les sympt\u00f4mes ont disparu !<\/em>\u00bb,&nbsp; t\u00e9moigne un autre compatriote de la diaspora malienne aux Etats-Unis. Comme lui, elles sont nombreuses les personnes qui nous ont confi\u00e9 qu\u2019elles pr\u00e9f\u00e8rent voir un pharmacien, lui expliquer ce dont elles souffrent et suivre ses prescriptions.<\/p>\n\n\n\n<p>Tout le monde n\u2019a pas leur flair. \u00ab<em>On m&rsquo;a fait un faux diagnostic de sinusite avanc\u00e9. J&rsquo;ai subi une ponction parce que, selon le m\u00e9decin, c&rsquo;\u00e9tait le seul recours \u00e0 faire d&rsquo;urgence le m\u00eame jour pour calmer les probl\u00e8mes respiratoires que j&rsquo;avais. Plus tard j&rsquo;ai su que je n&rsquo;avais jamais eu de sinusite. Mais j&rsquo;ai d\u00e9j\u00e0 une narine perfor\u00e9e. Je pr\u00e9f\u00e8re en rire parce que franchement c\u2019est une grande connerie<\/em>\u00bb, ironise un patient !<\/p>\n\n\n\n<p><strong>Entre sous-\u00e9quipement et incomp\u00e9tence du personnel des laboratoires et des structures sanitaires<\/strong><\/p>\n\n\n\n<p>Les t\u00e9moignages sur les faux diagnostics et les erreurs m\u00e9dicales sont l\u00e9gion dans notre pays. Et bien naturellement que les patients interpellent les autorit\u00e9s du pays pour trouver une solution p\u00e9renne \u00e0 cette situation. Selon nos investigations, ces erreurs de diagnostic sont en partie li\u00e9es non seulement au sous-\u00e9quipement de certaines structures, mais aussi \u00e0 la n\u00e9gligence des laborantins, \u00e0 la mauvaise interpr\u00e9tation des r\u00e9sultats&nbsp;; au manque de professionnalisme du personnel\u2026 Dans un secteur aussi&nbsp; important que la sant\u00e9,&nbsp;les cons\u00e9quences de l\u2019incomp\u00e9tence sont tragiques.<\/p>\n\n\n\n<p>\u00ab<em>L\u2019Etat a fait des efforts \u00e9normes ces derni\u00e8res ann\u00e9es pour relever le plateau technique de nos structures de sant\u00e9. Mais,&nbsp;la formation fait toujours d\u00e9faut dans la plupart des cas. Ce qui peut aussi aboutir \u00e0 un manque d\u2019\u00e9thique dans un secteur o\u00f9 la cupidit\u00e9 d\u00e9termine les normes. Comme dans tous les autres domaines qui n\u2019offrent pas aux citoyens d\u2019autres recours, la cupidit\u00e9, le gain facile a tout chamboul\u00e9<\/em>\u00bb, d\u00e9plore notre infirmier d\u2019Etat.<\/p>\n\n\n\n<p>\u00ab<em>A l\u2019image des \u00e9coles de formation dans le domaine de la sant\u00e9, les laboratoires d\u2019analyses biom\u00e9dicales poussent dans le pays comme des champignons sans aucune assurance de comp\u00e9tence, de professionnalisme, donc sans aucune garantie de qualit\u00e9<\/em>\u00bb, d\u00e9nonce un professeur du domaine.<\/p>\n\n\n\n<p>A quel saint se vouer aujourd\u2019hui&nbsp;? Cette situation s\u2019ajoute d\u00e9sormais aux nombreux d\u00e9fis que l\u2019Etat doit relever pour faciliter l\u2019acc\u00e8s de toutes les couches de la population \u00e0 des soins de qualit\u00e9. Ces derniers mois, des efforts louables ont \u00e9t\u00e9 par exemple consentis pour relever le plateau de nos h\u00f4pitaux. Tout comme il faut saluer la r\u00e9cente signature des contrats de performance entre les directeurs des h\u00f4pitaux du Mali et le ministre de la Sant\u00e9 et du D\u00e9veloppement social, Mme Di\u00e9minatou Sangar\u00e9.<\/p>\n\n\n\n<p>Cette initiative vise \u00e0 soutenir l\u2019application de la loi hospitali\u00e8re, \u00e0 renforcer la performance des Directeurs g\u00e9n\u00e9raux des h\u00f4pitaux \u00e0 travers certains indicateurs sp\u00e9cifiques. Il s\u2019agit notamment de la gouvernance hospitali\u00e8re ; l\u2019hygi\u00e8ne hospitali\u00e8re ; la gestion des urgences ; le climat social ; la gestion financi\u00e8re. Chacun de ces indicateurs fera l\u2019objet d\u2019une \u00e9valuation assur\u00e9e par l\u2019Agence nationale d\u2019\u00e9valuation et d\u2019accr\u00e9ditation des \u00e9tablissements de Sant\u00e9 (ANAES) qui adressera un rapport au d\u00e9partement de tutelle.<\/p>\n\n\n\n<p>Certes, il faudra sans doute davantage pour am\u00e9liorer la qualit\u00e9 des soins de sant\u00e9 dans notre pays. Mais, si la volont\u00e9 politique manifest\u00e9e par les autorit\u00e9s ces derniers mois s\u2019inscrit dans la constance sur le long terme, l\u2019espoir d\u2019un acc\u00e8s \u00e9quitable \u00e0 des soins de sant\u00e9 de qualit\u00e9 est permis&nbsp;!<\/p>\n\n\n\n<p><strong>Moussa Bolly<\/strong><\/p>\n\n\n\n<p><\/p>\n\n\n\n<h2 class=\"has-large-font-size wp-block-heading\"><strong>Un h\u00f4pital de derni\u00e8re g\u00e9n\u00e9ration pour r\u00e9duire les \u00e9vacuations sanitaires \u00e0 l\u2019\u00e9tranger<\/strong><\/h2>\n\n\n\n<p class=\"has-drop-cap\">En marge de la c\u00e9l\u00e9bration du 62e anniversaire de l\u2019ind\u00e9pendance de notre pays, le pr\u00e9sident Assimi Go\u00efta et son invit\u00e9 d\u2019honneur, le Colonel Mamady Doumbouya de la R\u00e9publique de Guin\u00e9e, &nbsp;ont assist\u00e9 \u00e0 une projection sur le projet de construction et d\u2019\u00e9quipements d\u2019un complexe hospitalier de 4e r\u00e9f\u00e9rence \u00e0 Bamako. Une initiative qui vise \u00e0 r\u00e9duire les \u00e9vacuations sanitaires \u00e0 l\u2019\u00e9tranger d\u2019au moins \u00e0 95%. L\u2019objectif avec ce nouveau complexe hospitalier est d\u2019ailleurs de parvenir \u00e0 \u00ab<em>z\u00e9ro \u00e9vacuation<\/em>\u00bb vers l\u2019ext\u00e9rieur.<\/p>\n\n\n\n<p>Et le ministre de la Sant\u00e9 et du D\u00e9veloppement social, Mme Di\u00e9minatou Sangar\u00e9, est convaincu que ce d\u00e9fi est \u00e0 la port\u00e9e de notre pays. Evoquant les principales causes des \u00e9vacuations sanitaires dans notre pays, l\u2019\u00e9quipe technique de son d\u00e9partement a rappel\u00e9 que le Mali investit annuellement des milliards de F CFA dans les \u00e9vacuations sanitaires.<\/p>\n\n\n\n<p>Ces fonds, si le pr\u00e9sent projet est r\u00e9alis\u00e9, contribueront d\u00e9sormais \u00e0 renforcer le syst\u00e8me de sant\u00e9 au Mali. Mieux, le Mali pourrait \u00eatre aussi une destination pour les patients de certains pays voisins, notamment les populations frontali\u00e8res. En tout cas, les autorit\u00e9s de la Transition ne cachent plus leur d\u00e9termination \u00e0 am\u00e9liorer le secteur n\u00e9vralgique de la sant\u00e9.<\/p>\n\n\n\n<p><strong>M.B<\/strong><\/p>\n","protected":false},"excerpt":{"rendered":"<p>Dans les salons, dans les v\u00e9hicules de transport public, dans les Grins, sur les r\u00e9seaux sociaux\u2026, les t\u00e9moignages sur les erreurs de diagnostic au niveau de tous les niveaux de&hellip;<\/p>\n","protected":false},"author":1,"featured_media":8953,"comment_status":"open","ping_status":"closed","sticky":false,"template":"","format":"standard","meta":{"content-type":"","_lmt_disableupdate":"","_lmt_disable":"","_jetpack_memberships_contains_paid_content":false,"footnotes":"","jetpack_publicize_message":"","jetpack_publicize_feature_enabled":true,"jetpack_social_post_already_shared":true,"jetpack_social_options":{"image_generator_settings":{"template":"highway","default_image_id":0,"font":"","enabled":false},"version":2}},"categories":[53,24],"tags":[],"class_list":["post-8950","post","type-post","status-publish","format-standard","has-post-thumbnail","hentry","category-le-matin","category-sante"],"jetpack_publicize_connections":[],"featured_image_urls":{"full":"","thumbnail":"","medium":"","medium_large":"","large":"","1536x1536":"","2048x2048":"","penci-recipe-1200x1200":"","penci-recipe-1200x900":"","penci-recipe-1200x675":"","penci-single-full":"","penci-slider-full-thumb":"","penci-full-thumb":"","penci-slider-thumb":"","penci-magazine-slider":"","penci-thumb":"","penci-masonry-thumb":"","penci-thumb-square":"","penci-thumb-vertical":"","penci-thumb-small":""},"author_info":{"display_name":"Nandi","author_link":"https:\/\/nandi.info\/?author=1"},"category_info":"<a href=\"https:\/\/nandi.info\/?cat=53\" rel=\"category\">Le Matin<\/a> <a href=\"https:\/\/nandi.info\/?cat=24\" rel=\"category\">Sant\u00e9<\/a>","tag_info":"Sant\u00e9","comment_count":"0","jetpack_featured_media_url":"","jetpack_sharing_enabled":true,"_links":{"self":[{"href":"https:\/\/nandi.info\/index.php?rest_route=\/wp\/v2\/posts\/8950","targetHints":{"allow":["GET"]}}],"collection":[{"href":"https:\/\/nandi.info\/index.php?rest_route=\/wp\/v2\/posts"}],"about":[{"href":"https:\/\/nandi.info\/index.php?rest_route=\/wp\/v2\/types\/post"}],"author":[{"embeddable":true,"href":"https:\/\/nandi.info\/index.php?rest_route=\/wp\/v2\/users\/1"}],"replies":[{"embeddable":true,"href":"https:\/\/nandi.info\/index.php?rest_route=%2Fwp%2Fv2%2Fcomments&post=8950"}],"version-history":[{"count":0,"href":"https:\/\/nandi.info\/index.php?rest_route=\/wp\/v2\/posts\/8950\/revisions"}],"wp:featuredmedia":[{"embeddable":true,"href":"https:\/\/nandi.info\/index.php?rest_route=\/"}],"wp:attachment":[{"href":"https:\/\/nandi.info\/index.php?rest_route=%2Fwp%2Fv2%2Fmedia&parent=8950"}],"wp:term":[{"taxonomy":"category","embeddable":true,"href":"https:\/\/nandi.info\/index.php?rest_route=%2Fwp%2Fv2%2Fcategories&post=8950"},{"taxonomy":"post_tag","embeddable":true,"href":"https:\/\/nandi.info\/index.php?rest_route=%2Fwp%2Fv2%2Ftags&post=8950"}],"curies":[{"name":"wp","href":"https:\/\/api.w.org\/{rel}","templated":true}]}}