{"id":8945,"date":"2022-10-05T12:13:11","date_gmt":"2022-10-05T10:13:11","guid":{"rendered":"https:\/\/nandi.info\/?p=8945"},"modified":"2022-10-05T12:13:11","modified_gmt":"2022-10-05T10:13:11","slug":"malick-diaw-a-propos-des-46-soldats-ivoiriens-detenus-au-mali-cette-obscure-affaire-qui-continue-de-susciter-beaucoup-dinterrogations-exige-desormais-de-la-minusma-une-plus-grande-cla","status":"publish","type":"post","link":"https:\/\/nandi.info\/?p=8945","title":{"rendered":"Malick Diaw \u00e0 propos des 46 soldats ivoiriens d\u00e9tenus au Mali : \u00abCette obscure affaire qui continue de susciter beaucoup d\u2019interrogations exige d\u00e9sormais de la MINUSMA une plus grande clart\u00e9\u2026 \u00bb"},"content":{"rendered":"\n<p class=\"has-drop-cap\">Hier, lundi 3 octobre 2022, le Pr\u00e9sident du Conseil national de transition (CNT), Colonel Malick Diaw, a proc\u00e9d\u00e9 \u00e0 l\u2019ouverture de la session ordinaire d\u2019octobre 2022 du CNT au Centre international de conf\u00e9rences de Bamako (CICB), en pr\u00e9sence du Premier ministre par int\u00e9rim, Colonel Abdoulaye Ma\u00efga, des membres du gouvernement et du CNT des pr\u00e9sidents d\u2019institutions, des diplomates accr\u00e9dit\u00e9s au Mali et une importante d\u00e9l\u00e9gation Guin\u00e9enne avec \u00e0 sa t\u00eate, le pr\u00e9sident du Conseil national de transition (CNT) de la Guin\u00e9e Conkary, Dansa Kourouma.<\/p>\n\n\n\n<p>Au cours de cette c\u00e9r\u00e9monie solennelle, Malick Diaw a mis l\u2019accent sur l\u2019affaire des 46 militaires ivoiriens arr\u00eat\u00e9s au Mali. \u00ab Cette obscure affaire qui continue de susciter beaucoup d\u2019interrogations exige d\u00e9sormais de la MINUSMA une plus grande clart\u00e9 et une plus grande coordination avec les autorit\u00e9s maliennes dans la conduite de ses op\u00e9rations \u00bb, a-t-il dit.<\/p>\n\n\n\n<p>Selon Malick DIAW, avec l\u2019union, des succ\u00e8s importants, dans les domaines de la paix, de la s\u00e9curit\u00e9, de la r\u00e9conciliation nationale et du d\u00e9veloppement durable, peuvent \u00eatre remport\u00e9s.<\/p>\n\n\n\n<p>Avant d\u2019ajouter qu\u2019\u00e0 la date du jeudi 22 septembre 2022, le nouveau Mali d\u00e9j\u00e0 n\u00e9, se construit progressivement.&nbsp;\u00ab&nbsp;M\u2019adressant sp\u00e9cialement \u00e0 vous, tr\u00e8s cher fr\u00e8re et ami Dansa KOUROUMA, nous nous devons de rendre constamment un vibrant hommage \u00e0 nos p\u00e8res devanciers qui nous ont effectivement appris que la Guin\u00e9e et le Mali sont les deux poumons d\u2019un m\u00eame corps.<\/p>\n\n\n\n<p>En effet, nous ne pouvions plus admettre que depuis des d\u00e9cennies post-ind\u00e9pendances, nos populations continuent de vivre dans la pr\u00e9carit\u00e9 et dans l\u2019ins\u00e9curit\u00e9\u00a0\u00bb, a-t-il dit. Il a indiqu\u00e9 que les derni\u00e8res semaines ont \u00e9t\u00e9 assez p\u00e9nibles pour le Mali en termes de pr\u00e9occupations s\u00e9curitaires.\u00a0\u00abPlusieurs localit\u00e9s maliennes ont continu\u00e9 d\u2019enregistrer des attaques sporadiques ignobles de la part des groupes arm\u00e9s terroristes. Il faut cependant comprendre \u00e0 travers ces actions d\u00e9sesp\u00e9r\u00e9es et inesp\u00e9r\u00e9es que les terroristes et leurs complices sont aux abois et en perte de vitesse et, s\u2019il pla\u00eet \u00e0 Dieu, ils n\u2019auront jamais le dernier mot.<\/p>\n\n\n\n<p>En effet, le professionnalisme croissant des Forces de D\u00e9fense et de S\u00e9curit\u00e9 du Mali, leur bravoure et leur efficacit\u00e9 op\u00e9rationnelle ont toujours permis d\u2019infliger de lourdes pertes aux assaillants, d\u2019en neutraliser plusieurs et de d\u00e9truire ou saisir un nombre important de mat\u00e9riels\u2026Construisons la paix, \u00e9vitons la guerre et \u00e9vitons d\u2019attiser les conflits!&nbsp;\u00bb, a-t-il soulign\u00e9.<\/p>\n\n\n\n<p>Et d\u2019ajouter ceci&nbsp;: \u00ab&nbsp;Vous vous rappelez certainement, le 10 juillet 2022, nos Forces de D\u00e9fense et de S\u00e9curit\u00e9 ont arr\u00eat\u00e9 \u00e0 l\u2019a\u00e9roport de Bamako 49 soldats ivoiriens suspects, pr\u00e9sent\u00e9s comme des El\u00e9ments Nationaux de Soutien. Les n\u00e9gociations diplomatiques ont conduit \u00e0 la lib\u00e9ration, pour raison humanitaire, des 3 femmes du groupe, le 3 septembre dernier. Cette obscure affaire qui continue de susciter beaucoup d\u2019interrogations exige d\u00e9sormais de la MINUSMA une plus grande clart\u00e9 et une plus grande coordination avec les autorit\u00e9s maliennes dans la conduite de ses op\u00e9rations particuli\u00e8rement les conditions de d\u00e9ploiement et de rotation des troupes onusiennes sur le territoire malien ainsi que la gestion des El\u00e9ments Nationaux de Soutien.<\/p>\n\n\n\n<p>Depuis cet \u00e9v\u00e8nement, qu\u2019est-ce qu\u2019on n\u2019a pas vu et entendu ? Il faut qu\u2019on sache que le Mali, de tout temps, a \u00e9t\u00e9 un pays pacifique, mais les Maliens ne sont pas dupes. Notre pays est toujours dispos\u00e9 au dialogue et ne demande qu\u2019\u00e0 collaborer dignement, en toute l\u00e9galit\u00e9, avec l\u2019ensemble de ses partenaires dans le strict respect de sa souverainet\u00e9 et de son int\u00e9grit\u00e9 territoriale&nbsp;\u00bb. S\u2019agissant de l\u2019ordre du jour de la pr\u00e9sente session ordinaire, Malick Diaw a signal\u00e9 qu\u2019il sera principalement consacr\u00e9 \u00e0 l\u2019examen du projet de loi de finances 2023.<\/p>\n\n\n\n<p>Outre la loi de finances 2023, dit-il, d\u2019autres projets de loi sont d\u00e9j\u00e0 inscrits dans le tableau de saisines du CNT dont le projet de loi de finances rectificative du budget 2022, la loi de r\u00e8glement du budget d\u2019Etat 2018, du projet de loi fixant les r\u00e8gles g\u00e9n\u00e9rales relatives \u00e0 la r\u00e9paration des pr\u00e9judices caus\u00e9s par les violations graves des droits de l\u2019Homme, des projets de loi portant respectivement cr\u00e9ation de la Direction de la Justice Militaire, de la Direction Centrale du Service de Sant\u00e9 des Arm\u00e9es, de la Direction G\u00e9n\u00e9rale des Douanes et de la Soci\u00e9t\u00e9 de Recherche et d\u2019Exploitation des Ressources min\u00e9rales du Mali, ainsi que du projet de loi relatif \u00e0 la modification du Statut des Fonctionnaires des Collectivit\u00e9s territoriales. \u00abEn plus, conform\u00e9ment au R\u00e8glement int\u00e9rieur, nous allons examiner le Rapport de contr\u00f4le de l\u2019ex\u00e9cution du budget du CNT, au titre du 4<sup>\u00e8me<\/sup>\u00a0\u00a0trimestre 2021, \u00e9labor\u00e9 par la Commission de contr\u00f4le. Je voudrais en outre vous informer que l\u2019\u00e9largissement en cours du CNT exigera naturellement une modification de notre R\u00e8glement Int\u00e9rieur\u00a0\u00bb, a conclu Malick Diaw.<\/p>\n\n\n\n<p>Auparavant, le pr\u00e9sident du CNT de la Guin\u00e9e Conakry, Dansa Kourouma, avait prononc\u00e9 un discours dans lequel il mettait l\u2019accent sur l\u2019excellente relation diplomatique qu\u2019existe entre son pays, la Guin\u00e9e et le Mali. Par ailleurs, il a fait savoir que le Mali et la Guin\u00e9e ont plut\u00f4t besoin d\u2019accompagnement de la CEDEAO en lieu et place de sanctions.<\/p>\n\n\n\n<p><strong>Aguibou Sogodogo<\/strong><\/p>\n","protected":false},"excerpt":{"rendered":"<p>Hier, lundi 3 octobre 2022, le Pr\u00e9sident du Conseil national de transition (CNT), Colonel Malick Diaw, a proc\u00e9d\u00e9 \u00e0 l\u2019ouverture de la session ordinaire d\u2019octobre 2022 du CNT au Centre&hellip;<\/p>\n","protected":false},"author":1,"featured_media":6743,"comment_status":"open","ping_status":"closed","sticky":false,"template":"","format":"standard","meta":{"content-type":"","_lmt_disableupdate":"","_lmt_disable":"","_jetpack_memberships_contains_paid_content":false,"footnotes":"","jetpack_publicize_message":"","jetpack_publicize_feature_enabled":true,"jetpack_social_post_already_shared":true,"jetpack_social_options":{"image_generator_settings":{"template":"highway","default_image_id":0,"font":"","enabled":false},"version":2}},"categories":[69,23],"tags":[],"class_list":["post-8945","post","type-post","status-publish","format-standard","has-post-thumbnail","hentry","category-le-republicain-mali","category-politique"],"jetpack_publicize_connections":[],"featured_image_urls":{"full":"","thumbnail":"","medium":"","medium_large":"","large":"","1536x1536":"","2048x2048":"","penci-recipe-1200x1200":"","penci-recipe-1200x900":"","penci-recipe-1200x675":"","penci-single-full":"","penci-slider-full-thumb":"","penci-full-thumb":"","penci-slider-thumb":"","penci-magazine-slider":"","penci-thumb":"","penci-masonry-thumb":"","penci-thumb-square":"","penci-thumb-vertical":"","penci-thumb-small":""},"author_info":{"display_name":"Nandi","author_link":"https:\/\/nandi.info\/?author=1"},"category_info":"<a href=\"https:\/\/nandi.info\/?cat=69\" rel=\"category\">Le R\u00e9publicain Mali<\/a> <a href=\"https:\/\/nandi.info\/?cat=23\" rel=\"category\">Politique<\/a>","tag_info":"Politique","comment_count":"0","jetpack_featured_media_url":"","jetpack_sharing_enabled":true,"_links":{"self":[{"href":"https:\/\/nandi.info\/index.php?rest_route=\/wp\/v2\/posts\/8945","targetHints":{"allow":["GET"]}}],"collection":[{"href":"https:\/\/nandi.info\/index.php?rest_route=\/wp\/v2\/posts"}],"about":[{"href":"https:\/\/nandi.info\/index.php?rest_route=\/wp\/v2\/types\/post"}],"author":[{"embeddable":true,"href":"https:\/\/nandi.info\/index.php?rest_route=\/wp\/v2\/users\/1"}],"replies":[{"embeddable":true,"href":"https:\/\/nandi.info\/index.php?rest_route=%2Fwp%2Fv2%2Fcomments&post=8945"}],"version-history":[{"count":0,"href":"https:\/\/nandi.info\/index.php?rest_route=\/wp\/v2\/posts\/8945\/revisions"}],"wp:featuredmedia":[{"embeddable":true,"href":"https:\/\/nandi.info\/index.php?rest_route=\/"}],"wp:attachment":[{"href":"https:\/\/nandi.info\/index.php?rest_route=%2Fwp%2Fv2%2Fmedia&parent=8945"}],"wp:term":[{"taxonomy":"category","embeddable":true,"href":"https:\/\/nandi.info\/index.php?rest_route=%2Fwp%2Fv2%2Fcategories&post=8945"},{"taxonomy":"post_tag","embeddable":true,"href":"https:\/\/nandi.info\/index.php?rest_route=%2Fwp%2Fv2%2Ftags&post=8945"}],"curies":[{"name":"wp","href":"https:\/\/api.w.org\/{rel}","templated":true}]}}