{"id":8926,"date":"2022-10-04T15:49:59","date_gmt":"2022-10-04T13:49:59","guid":{"rendered":"https:\/\/nandi.info\/?p=8926"},"modified":"2022-10-04T15:49:59","modified_gmt":"2022-10-04T13:49:59","slug":"vehicules-en-panne-immobilises-a-la-cite-administrative-source-dinsecurite-pour-le-personnel","status":"publish","type":"post","link":"https:\/\/nandi.info\/?p=8926","title":{"rendered":"V\u00e9hicules en panne immobilis\u00e9s \u00e0 la cit\u00e9 administrative : Source d\u2019ins\u00e9curit\u00e9 pour le personnel"},"content":{"rendered":"\n<p><strong><em>Les parkings de la Cit\u00e9 administrative sont-ils devenus un garage&nbsp;pour les v\u00e9hicules en panne&nbsp;? En tout cas des dizaines de voitures y sont immobilis\u00e9es ce, depuis des ann\u00e9es. En ces temps d\u2019ins\u00e9curit\u00e9, le personnel invite les autorit\u00e9s \u00e0 les faire d\u00e9placer.<\/em><\/strong><\/p>\n\n\n\n<p>Depuis une dizaine d\u2019ann\u00e9es, la cit\u00e9 administrative est une infrastructure moderne qui abrite la plus part des d\u00e9partements minist\u00e9riels. Devant chaque immeuble, il a \u00e9t\u00e9 construit un parking pour les motos et les voitures. Malheureusement, les usagers n\u2019arrivent plus \u00e0 garer leur v\u00e9hicule \u00e0 cause de la pr\u00e9sence de nombreuses voitures en panne. Ces v\u00e9hicules qui se comptent en centaines sont pour la plus part des propri\u00e9t\u00e9s de l\u2019Etat en ce sens que tous portent des plaques avec un fonds bleu ou blanc m\u00eame.<\/p>\n\n\n\n<p>Plusieurs agents disent avoir saisis qui de droit pour les faire d\u00e9gager, mais h\u00e9las. \u00ab&nbsp;Depuis deux ans, nous avons tap\u00e9 \u00e0 toutes les portes pour qu\u2019ils pensent \u00e0 d\u00e9placer ces voitures, on dirait qu\u2019on a pas \u00e9t\u00e9 entendu. A travers votre micro, nous r\u00e9it\u00e9rons&nbsp; le m\u00eame appel aux ministres qu\u2019ils fassent en sorte que nous puissions garer nos voitures&nbsp;\u00bb, a soulign\u00e9 M. Traor\u00e9, agent au d\u00e9partement de la R\u00e9conciliation.<\/p>\n\n\n\n<p>\u00ab&nbsp;Les v\u00e9hicules sont-ils vraiment en panne&nbsp;? Ou bien, les \u00ab&nbsp;titulaires&nbsp;\u00bb les ont-ils gar\u00e9s express\u00e9ment dans l\u2019intention de les avoir en reforme&nbsp;?&nbsp;\u00bb, s\u2019est interrog\u00e9 M Keita qui ne veut pas en dire plus. \u00ab&nbsp;Voyez-vous, sous cet hangar, il y a quatre v\u00e9hicules qui n\u2019ont pas boug\u00e9s depuis plus d\u2019une ann\u00e9e. Ces espaces ne sont pas r\u00e9serv\u00e9s pour \u00e7a. Nous en appelons aux propri\u00e9taires ou aux autorit\u00e9s en charge de s\u00e9vir&nbsp;\u00bb, a-t-il affirm\u00e9.<\/p>\n\n\n\n<p>Pour un Charg\u00e9 de mission, ces voitures sont sources d\u2019ins\u00e9curit\u00e9. \u00ab&nbsp;Ici, les personnes de mauvaises foi peuvent les utiliser pour faire mal surtout en ces temps de terrorisme o\u00f9 l\u2019on sait plus qui est qui. En plus tout le monde rentre ici&nbsp;\u00bb, s\u2019est-il inqui\u00e9t\u00e9.<\/p>\n\n\n\n<p>S\u2019il s\u2019av\u00e8re que les voitures sont la propri\u00e9t\u00e9 de l\u2019Etat, c\u2019est au garage administratif de s\u2019en occuper si elles ne sont plus en bon \u00e9tat. Si c\u2019est pour les particuliers que l\u2019Etat fasse en sorte que les endroits soient d\u00e9gag\u00e9s. Dommage qu\u2019au au Mali, les autorit\u00e9s n\u2019agissent que si le mal est fait.<\/p>\n\n\n\n<p><strong>Djibril Diallo\u00a0<\/strong><\/p>\n\n\n\n<p><strong>Arc En Ciel<\/strong><\/p>\n","protected":false},"excerpt":{"rendered":"<p>Les parkings de la Cit\u00e9 administrative sont-ils devenus un garage&nbsp;pour les v\u00e9hicules en panne&nbsp;? En tout cas des dizaines de voitures y sont immobilis\u00e9es ce, depuis des ann\u00e9es. En ces&hellip;<\/p>\n","protected":false},"author":1,"featured_media":8930,"comment_status":"open","ping_status":"closed","sticky":false,"template":"","format":"standard","meta":{"content-type":"","_lmt_disableupdate":"","_lmt_disable":"","_jetpack_memberships_contains_paid_content":false,"footnotes":"","jetpack_publicize_message":"","jetpack_publicize_feature_enabled":true,"jetpack_social_post_already_shared":true,"jetpack_social_options":{"image_generator_settings":{"template":"highway","default_image_id":0,"font":"","enabled":false},"version":2}},"categories":[30,62],"tags":[],"class_list":["post-8926","post","type-post","status-publish","format-standard","has-post-thumbnail","hentry","category-economie","category-transport"],"jetpack_publicize_connections":[],"featured_image_urls":{"full":"","thumbnail":"","medium":"","medium_large":"","large":"","1536x1536":"","2048x2048":"","penci-recipe-1200x1200":"","penci-recipe-1200x900":"","penci-recipe-1200x675":"","penci-single-full":"","penci-slider-full-thumb":"","penci-full-thumb":"","penci-slider-thumb":"","penci-magazine-slider":"","penci-thumb":"","penci-masonry-thumb":"","penci-thumb-square":"","penci-thumb-vertical":"","penci-thumb-small":""},"author_info":{"display_name":"Nandi","author_link":"https:\/\/nandi.info\/?author=1"},"category_info":"<a href=\"https:\/\/nandi.info\/?cat=30\" rel=\"category\">Economie<\/a> <a href=\"https:\/\/nandi.info\/?cat=62\" rel=\"category\">Transport<\/a>","tag_info":"Transport","comment_count":"0","jetpack_featured_media_url":"","jetpack_sharing_enabled":true,"_links":{"self":[{"href":"https:\/\/nandi.info\/index.php?rest_route=\/wp\/v2\/posts\/8926","targetHints":{"allow":["GET"]}}],"collection":[{"href":"https:\/\/nandi.info\/index.php?rest_route=\/wp\/v2\/posts"}],"about":[{"href":"https:\/\/nandi.info\/index.php?rest_route=\/wp\/v2\/types\/post"}],"author":[{"embeddable":true,"href":"https:\/\/nandi.info\/index.php?rest_route=\/wp\/v2\/users\/1"}],"replies":[{"embeddable":true,"href":"https:\/\/nandi.info\/index.php?rest_route=%2Fwp%2Fv2%2Fcomments&post=8926"}],"version-history":[{"count":0,"href":"https:\/\/nandi.info\/index.php?rest_route=\/wp\/v2\/posts\/8926\/revisions"}],"wp:featuredmedia":[{"embeddable":true,"href":"https:\/\/nandi.info\/index.php?rest_route=\/"}],"wp:attachment":[{"href":"https:\/\/nandi.info\/index.php?rest_route=%2Fwp%2Fv2%2Fmedia&parent=8926"}],"wp:term":[{"taxonomy":"category","embeddable":true,"href":"https:\/\/nandi.info\/index.php?rest_route=%2Fwp%2Fv2%2Fcategories&post=8926"},{"taxonomy":"post_tag","embeddable":true,"href":"https:\/\/nandi.info\/index.php?rest_route=%2Fwp%2Fv2%2Ftags&post=8926"}],"curies":[{"name":"wp","href":"https:\/\/api.w.org\/{rel}","templated":true}]}}