{"id":8897,"date":"2022-10-03T12:43:34","date_gmt":"2022-10-03T10:43:34","guid":{"rendered":"https:\/\/nandi.info\/?p=8897"},"modified":"2022-10-03T12:43:34","modified_gmt":"2022-10-03T10:43:34","slug":"lancien-ministre-seydou-traore-a-moussa-mara-allah-kosso-i-da-bo-ko-dowla","status":"publish","type":"post","link":"https:\/\/nandi.info\/?p=8897","title":{"rendered":"<strong>L\u2019ancien ministre Seydou Traor\u00e9 \u00e0 Moussa Mara&nbsp;!&nbsp;: \u00abAllah Kosso, i da b\u00f4 ko dowla&nbsp;\u00bb&nbsp;<\/strong>"},"content":{"rendered":"\n<p><strong><em>Le 24 septembre, le Premier Ministre par Int\u00e9rim, Colonel Abdoulaye Ma\u00efga a tenu un discours de 18 pages en 20 minutes environ devant les Nations-Unies. Malgr\u00e9 le fait que cette allocution soit jug\u00e9e digne et v\u00e9ridique par la majorit\u00e9 des Maliens, l\u2019ancien Premier Ministre, Moussa Mara dans la deuxi\u00e8me partie d\u2019un communiqu\u00e9 a trait\u00e9 ledit discours d\u2019un ton belliqueux utilis\u00e9 \u00e0 l\u2019\u00e9gard de certains partenaires de notre pays. Depuis lors, il a r\u00e9ussi \u00e0 faire parler de lui&nbsp; sur la toile et \u00e0 travers la ville. L\u2019ancien ministre ADEMA, Seydou Traor\u00e9, \u00e0 travers une lettre ouverte lui a interpell\u00e9 en ces termes&nbsp;: \u00abDans certaines situations, gardez le silence, celui qui sied \u00e0 l\u2019institution que vous avez eu \u00e0 g\u00e9rer. Allah Kosso, i da b\u00f4 ko dowla\u2026 \u00bb&nbsp;&nbsp;&nbsp;<\/em><\/strong><\/p>\n\n\n\n<p class=\"has-drop-cap\">\u00ab&nbsp;En revanche, je d\u00e9plore le ton belliqueux employ\u00e9 vis-\u00e0-vis de certains partenaires, particuli\u00e8rement ceux de notre espace sous r\u00e9gional et qui risquent malheureusement de d\u00e9t\u00e9riorer les relations de bon voisinage avec des pays qui nous entourent&nbsp;\u00bb tel est&nbsp; l\u2019avis de l\u2019homme politique, Moussa Mara (en 2<sup>\u00e8me<\/sup> paragraphe) dans un communiqu\u00e9 publi\u00e9 sur sa page Facebook. Avant d\u2019approuver, toujours dans le m\u00eame communiqu\u00e9, l\u2019attachement du pays au respect des droits de l\u2019Homme, \u00e0 la mise en \u0153uvre de l\u2019Accord pour la Paix et la R\u00e9conciliation, au retour \u00e0 l\u2019ordre constitutionnel et \u00e0 une r\u00e9solution des crises que le Mali traverse par la d\u00e9livrance de services ad\u00e9quats aux populations en mati\u00e8re de s\u00e9curit\u00e9, de justice et de bien-\u00eatre.<\/p>\n\n\n\n<p>Cependant, le fondateur du parti Yelema (Changement) estime que le temps significatif consacr\u00e9 \u00e0 r\u00e9pondre \u00e0 des commentaires \u00e0 notre endroit, aurait pu \u00eatre mis \u00e0 profit pour mettre en \u00e9vidence les pr\u00e9occupations concr\u00e8tes, r\u00e9elles et fortes de nos compatriotes ainsi que les solutions envisag\u00e9es pour leurs r\u00e9solutions. \u00ab&nbsp;Il est tout aussi dommage que le discours lu au nom du Mali n\u2019ait pas davantage soutenu le v\u0153u du Continent, exprim\u00e9 par le Pr\u00e9sident de l\u2019Union Africaine pour la r\u00e9forme du conseil&nbsp; de s\u00e9curit\u00e9 eu \u00e9gard \u00e0 l\u2019\u00e9volution du monde. Il est de m\u00eame de nos pr\u00e9occupations vis-\u00e0-vis des changements climatiques qui impactent durement notre pays et expliquent en partie les crises que nous traversons&nbsp;\u00bb a-t-il entre autres sp\u00e9cifi\u00e9 avant d\u2019inviter nos autorit\u00e9s \u00e0 privil\u00e9gier, en toutes circonstances, un dialogue constructif et apais\u00e9 avec tous, \u00e0 recoudre les fils cass\u00e9s avec nos voisins en particulier et plus g\u00e9n\u00e9ralement nos partenaires et \u00e0 se focaliser davantage sur les pr\u00e9occupations quotidiennes de nos concitoyens ainsi que les missions assign\u00e9es par la Charte de la transition.<\/p>\n\n\n\n<p>En effet, cette sortie de l\u2019ancien Premier ministre du r\u00e9gime d\u2019IBK n\u2019a pas \u00e9t\u00e9 du go\u00fbt de nombreux compatriotes, notamment des internautes. A cette occasion, certains n\u2019ont pas port\u00e9 de gants pour le lyncher verbalement.<\/p>\n\n\n\n<p>&nbsp;\u00ab&nbsp;M. Mara, m\u2019a, pour une premi\u00e8re fois d\u00e9\u00e7u&nbsp;\u00bb clame l\u2019internaute L.S. Aussi, selon K.D, l\u2019ex maire de la commune IV devait se taire parce que son propos ne l\u2019honore pas, outre, que les gens n\u2019ont pas oubli\u00e9 son passage \u00e0 Kidal. \u00ab&nbsp;Ce n\u2019est pas les fran\u00e7ais ou la Communaut\u00e9 Internationale qui vont voter pour toi&nbsp;\u00bb ajoute-t-il.<\/p>\n\n\n\n<p>\u00ab&nbsp;Si vous n\u2019\u00eates pas satisfait, vous pouvez gentiment changer de nationalit\u00e9, nous soutenons notre gouvernement \u00e0 100% car il nous donne notre libert\u00e9 en particulier et l\u2019Afrique en g\u00e9n\u00e9ral&nbsp;\u00bb mart\u00e8le&nbsp; M.A. \u00ab&nbsp;Honte \u00e0 toi, si tu n\u2019as rien&nbsp; \u00e0 dire, tu te tais et souviens toi de Kidal, c\u2019est avec la complicit\u00e9 des soi-disant voisins et leur mentor que des innocents ont perdu leur vie sous tes ordres&nbsp;\u00bb a lanc\u00e9 M.T. Abondant dans le m\u00eame sens, D.B lui affirme ceci&nbsp;: \u00ab&nbsp; Tu ne vas jamais gouverner au Mali&nbsp;\u00bb.<\/p>\n\n\n\n<p>Dans la m\u00eame mouvance, l\u2019ancien ministre Seydou Traor\u00e9 de l\u2019Adema-PASJ, \u00e0 visage d\u00e9couvert sur des plateformes WhatsApp n\u2019est pas all\u00e9 par quatre chemins pour exprimer sa d\u00e9sapprobation suite \u00e0 cette sortie de Moussa Mara. \u00ab&nbsp;Monsieur le Premier ministre, nous serions des millions \u00e0 vous applaudir si vous aviez fait une telle sortie quand la France essuyait ses savates sur le Mali ou quand Bazoum insultait nos autorit\u00e9s. Que dire des tentatives de Alassane Dramane Ouatarra de nous d\u00e9stabiliser&nbsp;?&nbsp;\u00bb a indiqu\u00e9 le ministre Traor\u00e9 dans sa r\u00e9action, avant de suppl\u00e9er, l\u2019ancien Pr\u00e9sident de Yelema en ces termes&nbsp;: \u00ab&nbsp;\u2026Dans certaines situations, gardez le silence, celui qui sied \u00e0 l\u2019institution que vous avez eu \u00e0 g\u00e9rer. Allah Kosso, i da b\u00f4 ko dowla\u2026&nbsp;\u00bb<\/p>\n\n\n\n<p>Mara a-t-il pret\u00e9 bonne oreille \u00e0 ces conseils&nbsp;? Apparemment non, car il s\u2019est encore fait inviter sur le plateau du \u2018\u2019Grand Jury\u2019\u2019 de Renouveau TV, jeudi dans la soir\u00e9e. Au cours de laquelle sortie, il a redit ceci&nbsp;: \u00abPersonne ne peut m\u2019intimider-personne ne peut me menacer. Je n\u2019ai que Dieu, l\u2019int\u00e9r\u00eat de mon pays et ma conscience. Si je dois \u00eatre arr\u00eat\u00e9 ou ex\u00e9cut\u00e9 pour cela, j\u2019assume&nbsp;\u00bb. Sic&nbsp;!&nbsp;<\/p>\n\n\n\n<p><strong>Par Mariam Sissoko&nbsp;&nbsp;&nbsp;&nbsp;&nbsp;<\/strong><\/p>\n","protected":false},"excerpt":{"rendered":"<p>Le 24 septembre, le Premier Ministre par Int\u00e9rim, Colonel Abdoulaye Ma\u00efga a tenu un discours de 18 pages en 20 minutes environ devant les Nations-Unies. Malgr\u00e9 le fait que cette&hellip;<\/p>\n","protected":false},"author":1,"featured_media":7171,"comment_status":"open","ping_status":"closed","sticky":false,"template":"","format":"standard","meta":{"content-type":"","_lmt_disableupdate":"","_lmt_disable":"","_jetpack_memberships_contains_paid_content":false,"footnotes":"","jetpack_publicize_message":"","jetpack_publicize_feature_enabled":true,"jetpack_social_post_already_shared":true,"jetpack_social_options":{"image_generator_settings":{"template":"highway","default_image_id":0,"font":"","enabled":false},"version":2}},"categories":[67,23],"tags":[],"class_list":["post-8897","post","type-post","status-publish","format-standard","has-post-thumbnail","hentry","category-le-sursaut","category-politique"],"jetpack_publicize_connections":[],"featured_image_urls":{"full":"","thumbnail":"","medium":"","medium_large":"","large":"","1536x1536":"","2048x2048":"","penci-recipe-1200x1200":"","penci-recipe-1200x900":"","penci-recipe-1200x675":"","penci-single-full":"","penci-slider-full-thumb":"","penci-full-thumb":"","penci-slider-thumb":"","penci-magazine-slider":"","penci-thumb":"","penci-masonry-thumb":"","penci-thumb-square":"","penci-thumb-vertical":"","penci-thumb-small":""},"author_info":{"display_name":"Nandi","author_link":"https:\/\/nandi.info\/?author=1"},"category_info":"<a href=\"https:\/\/nandi.info\/?cat=67\" rel=\"category\">Le Sursaut<\/a> <a href=\"https:\/\/nandi.info\/?cat=23\" rel=\"category\">Politique<\/a>","tag_info":"Politique","comment_count":"0","jetpack_featured_media_url":"","jetpack_sharing_enabled":true,"_links":{"self":[{"href":"https:\/\/nandi.info\/index.php?rest_route=\/wp\/v2\/posts\/8897","targetHints":{"allow":["GET"]}}],"collection":[{"href":"https:\/\/nandi.info\/index.php?rest_route=\/wp\/v2\/posts"}],"about":[{"href":"https:\/\/nandi.info\/index.php?rest_route=\/wp\/v2\/types\/post"}],"author":[{"embeddable":true,"href":"https:\/\/nandi.info\/index.php?rest_route=\/wp\/v2\/users\/1"}],"replies":[{"embeddable":true,"href":"https:\/\/nandi.info\/index.php?rest_route=%2Fwp%2Fv2%2Fcomments&post=8897"}],"version-history":[{"count":0,"href":"https:\/\/nandi.info\/index.php?rest_route=\/wp\/v2\/posts\/8897\/revisions"}],"wp:featuredmedia":[{"embeddable":true,"href":"https:\/\/nandi.info\/index.php?rest_route=\/"}],"wp:attachment":[{"href":"https:\/\/nandi.info\/index.php?rest_route=%2Fwp%2Fv2%2Fmedia&parent=8897"}],"wp:term":[{"taxonomy":"category","embeddable":true,"href":"https:\/\/nandi.info\/index.php?rest_route=%2Fwp%2Fv2%2Fcategories&post=8897"},{"taxonomy":"post_tag","embeddable":true,"href":"https:\/\/nandi.info\/index.php?rest_route=%2Fwp%2Fv2%2Ftags&post=8897"}],"curies":[{"name":"wp","href":"https:\/\/api.w.org\/{rel}","templated":true}]}}