{"id":8893,"date":"2022-10-03T12:31:33","date_gmt":"2022-10-03T10:31:33","guid":{"rendered":"https:\/\/nandi.info\/?p=8893"},"modified":"2022-10-03T12:31:33","modified_gmt":"2022-10-03T10:31:33","slug":"rentree-scolaire-2022-2023-de-ce-matin-un-autre-defi-pour-le-ministre-dedeou-sidibe","status":"publish","type":"post","link":"https:\/\/nandi.info\/?p=8893","title":{"rendered":"<strong>Rentr\u00e9e scolaire 2022-2023 de ce matin \u00ab&nbsp;Un autre d\u00e9fi pour le Ministre D\u00e9deou Sidib\u00e9&nbsp;\u00bb<\/strong>"},"content":{"rendered":"\n<p><strong><em>Le ton de la rentr\u00e9e scolaire 2022-2023 sera donn\u00e9 ce lundi 3 octobre par le Premier ministre par int\u00e9rim, Col. Abdoulaye Ma\u00efga au Groupe scolaire Mamadou Konat\u00e9 de Bamako. Cette rentr\u00e9e sera plac\u00e9e sous le th\u00e8me&nbsp;: \u00ab&nbsp;l\u2019enseignement fondamental et la lutte contre le changement climatique, un \u00e9l\u00e8ve un arbre&nbsp;\u00bb. Cette rentr\u00e9e marquera le d\u00e9but des cours dans toutes les structures scolaires relevant du minist\u00e8re de l\u2019Education Nationale sur toute l\u2019\u00e9tendue du territoire national (\u00e0 l\u2019exception de certaines localit\u00e9s du centre et du nord du pays en proie \u00e0 l\u2019ins\u00e9curit\u00e9).<\/em><\/strong><\/p>\n\n\n\n<p class=\"has-drop-cap\">Il faut le dire, certains facteurs dus \u00e0 l\u2019ins\u00e9curit\u00e9 et l\u2019hivernage pourraient perturber l\u2019effectivit\u00e9 de cette rentr\u00e9e dans de nombreuses localit\u00e9s du pays. C\u2019est pourquoi, pour de nombreux observateurs la rentr\u00e9e scolaire 2022-2023, apr\u00e8s une ann\u00e9e presque r\u00e9ussie et sans perturbation o\u00f9 tous les examens nationaux se sont tenus avec succ\u00e8s, s\u2019annonce sous des auspices inqui\u00e9tants.&nbsp;<\/p>\n\n\n\n<p>Cette ann\u00e9e les d\u00e9fis seront \u00e9normes pour le Gouvernement, en plus de la menace de d\u00e9brayage g\u00e9n\u00e9ral de la synergie des syndicats des enseignants beaucoup d\u2019\u00e9coles \u00e0 l\u2019int\u00e9rieur du pays ne sont pas pr\u00eates pour faire la rentr\u00e9e effective des classes en ce lundi 3 octobre. Cela \u00e0 cause des menaces d\u2019ins\u00e9curit\u00e9 des groupes jihadistes, ayant occasionn\u00e9 des d\u00e9placements des populations mais aussi de la saison pluvieuse. Sur ce dernier aspect, force est de reconna\u00eetre que plusieurs \u00e9coles sont envahies par de l\u2019eau et les conditions sont difficiles pour que les \u00e9l\u00e8ves se rendent \u00e0 l\u2019\u00e9cole.<\/p>\n\n\n\n<p>En effet, pour beaucoup de parents d\u2019\u00e9l\u00e8ves&nbsp; ou acteurs de l\u2019\u00e9cole&nbsp; \u00e0 l\u2019int\u00e9rieur du Mali, la rentr\u00e9e pouvait attendre au moins un mois pour \u00eatre fix\u00e9e en novembre. Cela trouvera que les r\u00e9coltes sont faites dans des zones de culture, que les pluies ont cess\u00e9 et les locaux de certains \u00e9tablissements scolaires prompts \u00e0 recevoir les enfants.<\/p>\n\n\n\n<p>Selon Rougui Diarra, enseignante et parent d\u2019\u00e9l\u00e8ve&nbsp; \u00e0 Kayes, plusieurs \u00e9coles dans cette ville sont envahies par de l\u2019eau de pluie et les conditions pour se rendre aux \u00e9coles sont difficiles pour les \u00e9l\u00e8ves de bas \u00e2ge. \u00ab&nbsp;Nous savons tous qu\u2019avec l\u2019installation de la saison pluvieuse, l\u2019hivernage bas son plein. De ce fait, il n\u2019est pas facile en mois d\u2019octobre d\u2019aller \u00e0 l\u2019\u00e9cole surtout chez nous \u00e0 Kayes&nbsp;\u00bb, a-t-elle pr\u00e9cis\u00e9. A ses dires, ce n\u2019est pas seulement la ville de Kayes qui est concern\u00e9e par ce probl\u00e8me, plusieurs \u00e9coles dans les villages environnants sont dans la m\u00eame situation.<\/p>\n\n\n\n<p>En outre, les promoteurs d\u2019\u00e9coles&nbsp; priv\u00e9es ont aussi demand\u00e9 le report de l\u2019ann\u00e9e scolaire sous motif que des paiements de l\u2019ann\u00e9e scolaire 2021-2022 ne sont pas effectu\u00e9s par l\u2019Etat malien dans certaines localit\u00e9s. Or, la Coordination des associations des promoteurs d\u2019\u00e9coles priv\u00e9es est un acteur majeur de l\u2019\u00e9cole puisqu\u2019elle regroupe en son sein plusieurs promoteurs de lyc\u00e9es et instituts professionnels.&nbsp;<\/p>\n\n\n\n<p>En plus de tout cela, la menace la plus s\u00e9rieuse provient des Coordinations des syndicats de l\u2019\u00e9ducation signataires du 15 octobre 2016 de Bamako, qui ont appel\u00e9 au boycott de la rentr\u00e9e scolaire 2022-2023 parce que le gouvernement n\u2019aurait pas respect\u00e9 certains de ses engagements.<\/p>\n\n\n\n<p>En somme, malgr\u00e9 les assurances donn\u00e9es par les autorit\u00e9s en charge de l\u2019Education, tous les signaux montrent que cette rentr\u00e9e du lundi sera plut\u00f4t symbolique. Ce, avec le coup d\u2019envoi donn\u00e9 par le Premier ministre par int\u00e9rim au Groupe scolaire Mamadou Konat\u00e9, l\u2019annonce du th\u00e8me&nbsp;: \u00abl\u2019enseignement fondamental et la lutte contre le changement climatique, un \u00e9l\u00e8ve un arbre&nbsp;\u00bb et auparavant, le discours de rentr\u00e9e scolaire, lue par Mme le ministre de l\u2019Education nationale sur la t\u00e9l\u00e9vision nationale.<\/p>\n\n\n\n<p>&nbsp;Bonne rentr\u00e9e scolaire quand m\u00eame&nbsp;!<\/p>\n\n\n\n<p><strong>Adama Tounkara<\/strong><\/p>\n\n\n\n<p><strong>Le Sursaut<\/strong><\/p>\n","protected":false},"excerpt":{"rendered":"<p>Le ton de la rentr\u00e9e scolaire 2022-2023 sera donn\u00e9 ce lundi 3 octobre par le Premier ministre par int\u00e9rim, Col. Abdoulaye Ma\u00efga au Groupe scolaire Mamadou Konat\u00e9 de Bamako. Cette&hellip;<\/p>\n","protected":false},"author":1,"featured_media":8083,"comment_status":"open","ping_status":"closed","sticky":false,"template":"","format":"standard","meta":{"content-type":"","_lmt_disableupdate":"","_lmt_disable":"","_jetpack_memberships_contains_paid_content":false,"footnotes":"","jetpack_publicize_message":"","jetpack_publicize_feature_enabled":true,"jetpack_social_post_already_shared":true,"jetpack_social_options":{"image_generator_settings":{"template":"highway","default_image_id":0,"font":"","enabled":false},"version":2}},"categories":[38,67],"tags":[],"class_list":["post-8893","post","type-post","status-publish","format-standard","has-post-thumbnail","hentry","category-education","category-le-sursaut"],"jetpack_publicize_connections":[],"featured_image_urls":{"full":"","thumbnail":"","medium":"","medium_large":"","large":"","1536x1536":"","2048x2048":"","penci-recipe-1200x1200":"","penci-recipe-1200x900":"","penci-recipe-1200x675":"","penci-single-full":"","penci-slider-full-thumb":"","penci-full-thumb":"","penci-slider-thumb":"","penci-magazine-slider":"","penci-thumb":"","penci-masonry-thumb":"","penci-thumb-square":"","penci-thumb-vertical":"","penci-thumb-small":""},"author_info":{"display_name":"Nandi","author_link":"https:\/\/nandi.info\/?author=1"},"category_info":"<a href=\"https:\/\/nandi.info\/?cat=38\" rel=\"category\">Education<\/a> <a href=\"https:\/\/nandi.info\/?cat=67\" rel=\"category\">Le Sursaut<\/a>","tag_info":"Le Sursaut","comment_count":"0","jetpack_featured_media_url":"","jetpack_sharing_enabled":true,"_links":{"self":[{"href":"https:\/\/nandi.info\/index.php?rest_route=\/wp\/v2\/posts\/8893","targetHints":{"allow":["GET"]}}],"collection":[{"href":"https:\/\/nandi.info\/index.php?rest_route=\/wp\/v2\/posts"}],"about":[{"href":"https:\/\/nandi.info\/index.php?rest_route=\/wp\/v2\/types\/post"}],"author":[{"embeddable":true,"href":"https:\/\/nandi.info\/index.php?rest_route=\/wp\/v2\/users\/1"}],"replies":[{"embeddable":true,"href":"https:\/\/nandi.info\/index.php?rest_route=%2Fwp%2Fv2%2Fcomments&post=8893"}],"version-history":[{"count":0,"href":"https:\/\/nandi.info\/index.php?rest_route=\/wp\/v2\/posts\/8893\/revisions"}],"wp:featuredmedia":[{"embeddable":true,"href":"https:\/\/nandi.info\/index.php?rest_route=\/"}],"wp:attachment":[{"href":"https:\/\/nandi.info\/index.php?rest_route=%2Fwp%2Fv2%2Fmedia&parent=8893"}],"wp:term":[{"taxonomy":"category","embeddable":true,"href":"https:\/\/nandi.info\/index.php?rest_route=%2Fwp%2Fv2%2Fcategories&post=8893"},{"taxonomy":"post_tag","embeddable":true,"href":"https:\/\/nandi.info\/index.php?rest_route=%2Fwp%2Fv2%2Ftags&post=8893"}],"curies":[{"name":"wp","href":"https:\/\/api.w.org\/{rel}","templated":true}]}}