{"id":8890,"date":"2022-10-03T12:14:53","date_gmt":"2022-10-03T10:14:53","guid":{"rendered":"https:\/\/nandi.info\/?p=8890"},"modified":"2022-10-03T12:14:53","modified_gmt":"2022-10-03T10:14:53","slug":"choix-fort-au-niveau-de-la-diplomatie-militaire-le-mali-aurait-il-mise-sur-le-mauvais-cheval","status":"publish","type":"post","link":"https:\/\/nandi.info\/?p=8890","title":{"rendered":"Choix fort au niveau de la diplomatie militaire : Le Mali aurait-il mis\u00e9 sur le mauvais cheval ?"},"content":{"rendered":"\n<p><strong><em>Comment ne pas s\u2019indigner, pour tout esprit lucide, de la mise en sc\u00e8ne de pi\u00e8tre qualit\u00e9 en cours dans un pays qui se voulait un exemple en mati\u00e8re de d\u00e9mocratie et gouvernance&nbsp;? L\u2019on chante \u00e0 tout-va le caract\u00e8re r\u00e9volutionnaire de la gestion \u00e9tatique en cours, comme si les tenants actuels du pouvoir sont inspir\u00e9s par une esp\u00e8ce de souffle divin. Alors que, toute \u00e9motion toxique mise de c\u00f4t\u00e9, c\u2019est plut\u00f4t \u00e0 l\u2019involution que l\u2019on assiste. Le risque pour le Mali, c\u2019est d\u2019avoir miser sur le mauvais cheval tout en \u00e9cartant de mani\u00e8re brute nombre et nombre d\u2019alli\u00e9s fiables. Le ph\u00e9nom\u00e8ne de mouton de panurge n\u2019a jamais \u00e9t\u00e9 si facilement constatable en R\u00e9publique du Mali. La prise de conscience r\u00e9elle aura pris la poudre d\u2019escampette d\u00e8s lors que le populisme et le nationalisme auront \u00e9t\u00e9 \u00e9rig\u00e9s comme principe de gouvernance.<\/em><\/strong><\/p>\n\n\n\n<p class=\"has-drop-cap\">Le changement de curseur diplomatique est d\u00e9sormais une r\u00e9alit\u00e9 au Mali. Gr\u00e2ce \u00e0 la forte pr\u00e9sence russe dans le pays, pas que dans le secteur militaire, le pays des Tsars a un pied dans le pr\u00e9-carr\u00e9 occidental en Afrique. Un jeu habile de la part de Poutine qui tient entre ses mains un pion dans sa guerre id\u00e9ologique contre l\u2019ouest. Les russes auraient donn\u00e9 l\u2019assurance aux tenants actuels du pouvoir, que dans leur lutte contre le terrorisme, ils disposeraient de l\u2019appui n\u00e9cessaire pour le vaincre. En \u00e9change, ils auraient intim\u00e9 aux colonels de bannir, dans la mesure de l\u2019applicable, toute pr\u00e9sence militaire occidentale. Un choix strat\u00e9gique qui fait \u00e9cho \u00e0 la forte demande populaire de se tourner d\u00e9sormais vers un alli\u00e9 qui serait sinc\u00e8re et fiable par rapport \u00e0 l\u2019autre trop intrusif, et surtout entretenant m\u00eame une certaine complicit\u00e9 avec l\u2019ennemi. Le cocktail ayant conduit \u00e0 la popularit\u00e9 des colonels est donc simple. Esp\u00e9rons, qu\u2019\u00e0 Dieu ne plaise, qu\u2019il ne soit un cocktail d\u00e9tonant. Les choix op\u00e9r\u00e9s sont d\u2019une telle radicalit\u00e9 que pour le bien du Mali, il faudrait que ce choix, qui rompt avec tout ordre \u00e9tabli, r\u00e9ussisse.<\/p>\n\n\n\n<p>Sauf que l\u2019assurance donn\u00e9e par la Russie, ne semble pas si fiable. Les russes auraient sous-estim\u00e9 la guerre contre le terrorisme qui a lieu au Mali, et plus largement au Sahel, tout comme ils l\u2019ont fait avec la guerre contre l\u2019Ukraine. Cette derni\u00e8re guerre s\u2019enlise, au grand d\u00e9sarroi de Poutine, qui la voulait \u00e9clair. Que feront les Russes si ce m\u00eame sc\u00e9nario venait \u00e0 se r\u00e9p\u00e9ter au Mali&nbsp;? Notons que la guerre asym\u00e9trique est d\u2019une telle complexit\u00e9 que m\u00eame les arm\u00e9es am\u00e9ricaines et fran\u00e7aises ne purent vaincre de mani\u00e8re claire et absolue les terroristes respectivement en Afghanistan et au Sahel. La pr\u00e9sence de mercenaires de Wagner, jusqu\u2019\u00e0 pr\u00e9sent rejet\u00e9e par le pouvoir de Transition, ne fait que renforcer la crainte des Maliens quant au sort tragique de beaucoup de leurs compatriotes. Ces mercenaires qui ont la g\u00e2chette facile seraient en plus \u00ab&nbsp;pilleurs de ressources&nbsp;\u00bb, chose qui aggraverait la pauvret\u00e9 d\u00e9j\u00e0 end\u00e9mique dans pas mal de r\u00e9gions du pays.<\/p>\n\n\n\n<p>Quid alors des graves violations des droits de l\u2019Homme que commettraient ces mercenaires&nbsp;? Le tableau global est inqui\u00e9tant et tout le monde veut bien croire en la pertinence du choix strat\u00e9gique de la Transition. Sauf qu\u2019en l\u2019absence de moyens de v\u00e9rification et compte tenu du mus\u00e8lement des m\u00e9dias publics, des craintes surviennent. Les autorit\u00e9s de la Transition ont donc une grande responsabilit\u00e9 face \u00e0 l\u2019Histoire. L\u2019Histoire dont le jugement est d\u2019une justesse implacable.<\/p>\n\n\n\n<p><strong>Halte \u00e0 l\u2019instrumentalisation de masse en cours<\/strong><\/p>\n\n\n\n<p>Se pourrait-il qu\u2019aux yeux de l\u2019\u00e9lite malienne, la masse populaire ne serait constitu\u00e9e que de moutons de panurge, maniables \u00e0 souhait&nbsp;? Il suffirait de trouver la bonne formule qui est de surfer sur la vague d\u2019indignations du moment tout en martelant des slogans fouettant la fiert\u00e9 commune. C\u2019est \u00e0 ce ph\u00e9nom\u00e8ne que l\u2019on assiste depuis l\u2019\u00e9closion des premi\u00e8res manifestations anti-IBK aux moments forts des regroupements politico-civils comme le M5-RFP.<\/p>\n\n\n\n<p>De nos jours, fort malheureusement, ce ph\u00e9nom\u00e8ne continue. Des propos de rues institutionnalis\u00e9s, ajout\u00e9s \u00e0 des invectives et des sous-entendus loin d\u2019\u00eatre pertinents tout en omettant de parler de l\u2019essentiel. C\u2019est apr\u00e8s cet exercice tr\u00e8s peu diplomatique auquel s\u2019est livr\u00e9 le Premier ministre par int\u00e9rim, Colonel Abdoulaye Maiga, que les Maliens sortirent par centaines, voire par milliers, pour acclamer le prince du jour. A voir la liesse populaire, l\u2019on aurait cru que le Mali venait de d\u00e9crocher \u00ab&nbsp;le contrat du si\u00e8cle&nbsp;\u00bb qui aurait mis un s\u00e9rieux coup de frein \u00e0 la pauvret\u00e9 qui frappe le Mali. Mais non&nbsp;! Ce qui plut, h\u00e9las, \u00e0 nombre de Maliens, c\u2019est le ton empreint de fiert\u00e9, quoiqu\u2019inutile, du discours. Point d\u2019analyse n\u2019aura \u00e9t\u00e9 faite de la pertinence m\u00eame des propos tenus.<\/p>\n\n\n\n<p>Certes, le discours tenu est historique. Jamais, un officiel de l\u2019Etat du Mali, ne se sera illustr\u00e9 en tenant un tel discours, \u00e0 une telle tribune, par tant de tacles appuy\u00e9s \u00e0 l\u2019encontre de tant de pays. Comment peut-on se permettre de traiter le pr\u00e9sident \u00e9lu d\u00e9mocratiquement d\u2019un pays fr\u00e8re et voisin de ne pas \u00eatre un national de ce pays&nbsp;?! O\u00f9 sont pass\u00e9s la biens\u00e9ance diplomatique et surtout la courtoisie entre deux peuples s\u00e9par\u00e9s par des fronti\u00e8res factices&nbsp;? Depuis quand doit-on s\u2019enorgueillir apr\u00e8s de tels propos&nbsp;?<\/p>\n\n\n\n<p><strong>Ahmed M. Thiam<\/strong><\/p>\n\n\n\n<p><strong>L&rsquo;Alternance<\/strong><\/p>\n","protected":false},"excerpt":{"rendered":"<p>Comment ne pas s\u2019indigner, pour tout esprit lucide, de la mise en sc\u00e8ne de pi\u00e8tre qualit\u00e9 en cours dans un pays qui se voulait un exemple en mati\u00e8re de d\u00e9mocratie&hellip;<\/p>\n","protected":false},"author":1,"featured_media":7677,"comment_status":"open","ping_status":"closed","sticky":false,"template":"","format":"standard","meta":{"content-type":"","_lmt_disableupdate":"","_lmt_disable":"","_jetpack_memberships_contains_paid_content":false,"footnotes":"","jetpack_publicize_message":"","jetpack_publicize_feature_enabled":true,"jetpack_social_post_already_shared":true,"jetpack_social_options":{"image_generator_settings":{"template":"highway","default_image_id":0,"font":"","enabled":false},"version":2}},"categories":[65,68,21],"tags":[],"class_list":["post-8890","post","type-post","status-publish","format-standard","has-post-thumbnail","hentry","category-armee","category-lalternance","category-societe"],"jetpack_publicize_connections":[],"featured_image_urls":{"full":"","thumbnail":"","medium":"","medium_large":"","large":"","1536x1536":"","2048x2048":"","penci-recipe-1200x1200":"","penci-recipe-1200x900":"","penci-recipe-1200x675":"","penci-single-full":"","penci-slider-full-thumb":"","penci-full-thumb":"","penci-slider-thumb":"","penci-magazine-slider":"","penci-thumb":"","penci-masonry-thumb":"","penci-thumb-square":"","penci-thumb-vertical":"","penci-thumb-small":""},"author_info":{"display_name":"Nandi","author_link":"https:\/\/nandi.info\/?author=1"},"category_info":"<a href=\"https:\/\/nandi.info\/?cat=65\" rel=\"category\">Arm\u00e9e<\/a> <a href=\"https:\/\/nandi.info\/?cat=68\" rel=\"category\">L'alternance<\/a> <a href=\"https:\/\/nandi.info\/?cat=21\" rel=\"category\">Soci\u00e9t\u00e9<\/a>","tag_info":"Soci\u00e9t\u00e9","comment_count":"0","jetpack_featured_media_url":"","jetpack_sharing_enabled":true,"_links":{"self":[{"href":"https:\/\/nandi.info\/index.php?rest_route=\/wp\/v2\/posts\/8890","targetHints":{"allow":["GET"]}}],"collection":[{"href":"https:\/\/nandi.info\/index.php?rest_route=\/wp\/v2\/posts"}],"about":[{"href":"https:\/\/nandi.info\/index.php?rest_route=\/wp\/v2\/types\/post"}],"author":[{"embeddable":true,"href":"https:\/\/nandi.info\/index.php?rest_route=\/wp\/v2\/users\/1"}],"replies":[{"embeddable":true,"href":"https:\/\/nandi.info\/index.php?rest_route=%2Fwp%2Fv2%2Fcomments&post=8890"}],"version-history":[{"count":0,"href":"https:\/\/nandi.info\/index.php?rest_route=\/wp\/v2\/posts\/8890\/revisions"}],"wp:featuredmedia":[{"embeddable":true,"href":"https:\/\/nandi.info\/index.php?rest_route=\/"}],"wp:attachment":[{"href":"https:\/\/nandi.info\/index.php?rest_route=%2Fwp%2Fv2%2Fmedia&parent=8890"}],"wp:term":[{"taxonomy":"category","embeddable":true,"href":"https:\/\/nandi.info\/index.php?rest_route=%2Fwp%2Fv2%2Fcategories&post=8890"},{"taxonomy":"post_tag","embeddable":true,"href":"https:\/\/nandi.info\/index.php?rest_route=%2Fwp%2Fv2%2Ftags&post=8890"}],"curies":[{"name":"wp","href":"https:\/\/api.w.org\/{rel}","templated":true}]}}