{"id":8884,"date":"2022-10-01T23:39:19","date_gmt":"2022-10-01T21:39:19","guid":{"rendered":"https:\/\/nandi.info\/?p=8884"},"modified":"2022-10-01T23:39:19","modified_gmt":"2022-10-01T21:39:19","slug":"le-colonel-abdoulaye-maiga-a-la-77e-session-ordinaire-de-lassemblee-generale-des-nations-unies-a-new-york-le-mali-sera-en-mesure-de-prouver-que-la-junte-francaise-a-fourni-des-renseig","status":"publish","type":"post","link":"https:\/\/nandi.info\/?p=8884","title":{"rendered":"Le colonel Abdoulaye Ma\u00efga \u00e0 la 77e session ordinaire de l\u2019assembl\u00e9e g\u00e9n\u00e9rale des Nations Unies \u00e0 New York : \u00abLe Mali sera en mesure de prouver que la junte fran\u00e7aise a fourni des renseignements et des armes \u00e0 des groupes terroristes\u00bb"},"content":{"rendered":"\n<h2 class=\"has-large-font-size wp-block-heading\"><strong>\u201cLe 3e mandat est une magie, c\u2019est l\u2019art de se dribbler soi-m\u00eame tout en gardant le ballon\u201d<\/strong><\/h2>\n\n\n\n<p><strong><em>Le Premier ministre par int\u00e9rim, le colonel Abdoulaye Ma\u00efga, a fait une sortie historique \u00e0 l\u2019occasion de la 77e session ordinaire de l\u2019Assembl\u00e9e g\u00e9n\u00e9rale des Nations unies, le 24 septembre dernier, \u00e0 New York. Il a \u00e9voqu\u00e9 plusieurs sujets d\u2019actualit\u00e9 notamment l\u2019affaire des militaires ivoiriens d\u00e9tenus. L\u2019occasion \u00e9tait bonne aussi pour le colonel Abdoulaye Ma\u00efga pour tacler certains chefs d\u2019Etat \u00e0 l\u2019image d\u2019Alassane Dramane Ouattara de la C\u00f4te d\u2019Ivoire, Mohamed Bazoum du Niger et Umaro Sissoco Embalo de la Guin\u00e9e Bissau.&nbsp; \u201cLe Mali rappelle que conform\u00e9ment \u00e0 la vision du colonel Assimi Go\u00efta, pr\u00e9sident de la Transition, chef de l\u2019Etat, trois principes guident l\u2019action publique nationale : le respect de la souverainet\u00e9 du Mali ; le respect des choix strat\u00e9giques et de partenaires op\u00e9r\u00e9s par le Mali et la prise en compte des int\u00e9r\u00eats vitaux du peuple malien dans les d\u00e9cisions prises. En application de ces principes, le Mali reste dispos\u00e9 \u00e0 poursuivre et \u00e0 renforcer ses relations de bon voisinage avec l\u2019ensemble des pays qui l\u2019entourent. De m\u00eame, le Mali, fid\u00e8le \u00e0 son engagement panafricain, continuera \u00e0 \u0153uvrer au sein des organisations sous r\u00e9gionales et r\u00e9gionales pour la r\u00e9alisation de l\u2019int\u00e9gration africaine\u201d, a-t-il rappel\u00e9 dans un discours qui se passe de tout commentaire et que nous publions en int\u00e9gralit\u00e9.<\/em><\/strong><\/p>\n\n\n\n<p><\/p>\n\n\n\n<p>Monsieur le pr\u00e9sident de l\u2019Assembl\u00e9e g\u00e9n\u00e9rale,<\/p>\n\n\n\n<p>Mesdames et Messieurs les chefs d\u2019Etat et de gouvernement,<\/p>\n\n\n\n<p>Monsieur le secr\u00e9taire g\u00e9n\u00e9ral de l\u2019Organisation des Nations unies, Mesdames et Messieurs,<\/p>\n\n\n\n<p>De prime \u00e0 bord, je voudrais m\u2019acquitter de l\u2019agr\u00e9able devoir de vous adresser les chaleureuses salutations du peuple malien riche de sa diversit\u00e9 culturelle, religieuse et ethnique, ainsi que celles de Son Excellence le colonel Assimi Go\u00efta, pr\u00e9sident de la Transition, chef de l\u2019Etat.<\/p>\n\n\n\n<ol class=\"wp-block-list\"><li>le pr\u00e9sident votre brillante \u00e9lection \u00e0 la pr\u00e9sidence de cette 77e session de l\u2019Assembl\u00e9e g\u00e9n\u00e9rale et la fin des travaux de la 76e session de l\u2019Assembl\u00e9e g\u00e9n\u00e9rale brillamment conduits par votre pr\u00e9d\u00e9cesseur S. E. M. Abdullah Shahid, de la R\u00e9publique des Maldives, m\u2019offrent l\u2019heureuse occasion d\u2019adresser \u00e0 Vos Excellences les chaleureuses f\u00e9licitations de tout le Mali.<\/li><\/ol>\n\n\n\n<p>Enfin, permettez-moi de r\u00e9it\u00e9rer \u00e0 notre secr\u00e9taire g\u00e9n\u00e9ral, Ant\u00f3nio Guterres, notre haute appr\u00e9ciation des efforts louables qu\u2019il continue de d\u00e9ployer pour la r\u00e9alisation des nobles objectifs de notre Organisation commune. Nous sommes convaincus que vous \u00eates un ami du Mali et du Sahel.<\/p>\n\n\n\n<p>L\u2019amiti\u00e9 reposant sur la sinc\u00e9rit\u00e9, souffrez que je vous exprime mon profond d\u00e9saccord suite \u00e0 votre r\u00e9cente sortie m\u00e9diatique, au cours de laquelle vous prenez position et vous vous exprimez sur l\u2019affaire des 46 mercenaires ivoiriens, qui est une affaire bilat\u00e9rale et judiciaire, entre deux pays fr\u00e8res. C\u2019est \u00e9vident, que la qualification judiciaire des infractions li\u00e9es \u00e0 cette affaire ne rel\u00e8ve pas des attributions du secr\u00e9taire g\u00e9n\u00e9ral des Nations unies. Au Mali, notre administration ne travaille pas sur la base de l\u2019oralit\u00e9, ni des d\u00e9clarations par voie de presse, par cons\u00e9quent, nous nous en tenons scrupuleusement \u00e0 la Note Verbale de la Minusma, r\u00e9f\u00e9rence : Minusma\/PROT\/NV\/226\/2022 du 22 juillet 2022, dans laquelle, il ressort clairement qu\u2019il n\u2019existe pas de liens entre les 46 mercenaires et les Nations Unies. Les r\u00e9centes synchronisations des actions et l\u2019harmonisation des \u00e9l\u00e9ments de langage consistant \u00e0 faire passer le Mali de statut de victime \u00e0 celui de coupable dans cette affaire des mercenaires, sont sans effets.<\/p>\n\n\n\n<p><strong>Excellence M. le secr\u00e9taire g\u00e9n\u00e9ral,<\/strong><\/p>\n\n\n\n<p>Votre position sur l\u2019affaire des mercenaires a \u00e9t\u00e9 suivie par certains responsables d\u2019Afrique de l\u2019Ouest, donc c\u2019est sous votre couvert, que nous leur adresserons des messages. A l\u2019endroit du pr\u00e9sident en exercice de la C\u00e9d\u00e9ao, M. Umaro Sissoco Embalo qui affirme :&nbsp;<em>\u201cOn vient de voir avant-hier, la d\u00e9claration du secr\u00e9taire g\u00e9n\u00e9ral des Nations unies qui dit que ce ne sont pas des mercenaires. Moi \u00e0 la place des Maliens, j\u2019aurai rel\u00e2ch\u00e9 ces 49 soldats\u201d.<\/em><\/p>\n\n\n\n<p>Je voudrais tr\u00e8s respectueusement signifier \u00e0 ce dernier qu\u2019il existe un principe de subsidiarit\u00e9, d\u2019ailleurs aux contours flous, entre la C\u00e9d\u00e9ao et les Nations unies et non un principe de mim\u00e9tisme. Egalement, il est important de lui pr\u00e9ciser que le secr\u00e9taire g\u00e9n\u00e9ral des Nations unies n\u2019est pas un chef d\u2019Etat et le pr\u00e9sident en exercice de la C\u00e9d\u00e9ao n\u2019est pas un fonctionnaire. Par cons\u00e9quent, il serait indiqu\u00e9 qu\u2019il ne banalise pas la C\u00e9d\u00e9ao. Enfin, il est utile de rappeler, au pr\u00e9sident en exercice de la C\u00e9d\u00e9ao, qu\u2019au Mali, les autorit\u00e9s n\u2019interf\u00e8rent pas dans les dossiers judiciaires et respectent l\u2019ind\u00e9pendance de la justice. Donc, nous n\u2019avons pas vocation \u00e0 interpeller ou rel\u00e2cher, ceci rel\u00e8ve de la fonction judiciaire. Aussi, M. Umaro Sissoco Embalo doit \u00eatre conscient du fait qu\u2019il est le d\u00e9positaire d\u2019un lourd h\u00e9ritage et de plusieurs sacrifices qui ont fait la renomm\u00e9e de cette Organisation. La dynamique ayant fait la grandeur de la C\u00e9d\u00e9ao ne doit pas \u00eatre bris\u00e9e. Par ailleurs, nous avons pris acte de la menace de sanctions prof\u00e9r\u00e9e contre le Mali, et loin d\u2019\u00eatre impressionn\u00e9 par des sanctions, je voudrais signaler au pr\u00e9sident en exercice de la C\u00e9d\u00e9ao, qu\u2019\u00e0 la fin de son mandat, les peuples ouest-africains le jugeront sur les efforts qu\u2019il a fournis pour am\u00e9liorer les conditions de vie des populations et non des show m\u00e9diatiques servant des agendas \u00e9trangers.<\/p>\n\n\n\n<p>A l\u2019endroit de M. Bazoum, il remarquera que le gouvernement de la Transition n\u2019a pour le moment jamais r\u00e9agi \u00e0 ses propos injurieux pour deux raisons cumulatives. La premi\u00e8re raison tient au respect de l\u2019h\u00e9ritage laiss\u00e9 par nos anc\u00eatres, qui consiste \u00e0 ne pas r\u00e9pondre aux injures par des injures. La seconde raison rel\u00e8ve de l\u2019identit\u00e9 de M. Bazoum, l\u2019\u00e9tranger qui se r\u00e9clame du Niger. Nous savons que le peuple nig\u00e9rien fr\u00e8re du Mali, se distingue par des valeurs soci\u00e9tales, culturelles et religieuses tr\u00e8s riches. M. Bazoum n\u2019est pas un Nig\u00e9rien, son comportement nous r\u00e9conforte totalement dans notre constat.<\/p>\n\n\n\n<p><strong><em>Excellence M. le secr\u00e9taire g\u00e9n\u00e9ral, le Mali tirera toutes les cons\u00e9quences de droit de vos agissements.<\/em><\/strong><\/p>\n\n\n\n<p>Devant Dieu et en leur \u00e2me et conscience, nous demandons \u00e0 ceux qui r\u00e9futent notre version, d\u2019indiquer s\u2019ils accepteront que des militaires ayant dissimul\u00e9 leurs identit\u00e9s, en mettant sur leurs passeports qu\u2019ils sont peintres, ma\u00e7ons etc. avec des armes, d\u00e9barquent dans leur a\u00e9roport, sans que le pays de destination n\u2019ait \u00e9t\u00e9 au pr\u00e9alable inform\u00e9 et dans le dessein funeste de d\u00e9stabiliser ce pays. S\u2019ils ne l\u2019acceptent pas, en tant qu\u2019Etat, si cela n\u2019est pas possible \u00e0 Lisbonne ou ailleurs, le Mali non plus ne l\u2019acceptera pas en tant qu\u2019Etat et ce ne sera pas non plus possible \u00e0 Bamako ou dans une autre localit\u00e9 malienne.<\/p>\n\n\n\n<p><strong>Monsieur le Pr\u00e9sident,<\/strong><\/p>\n\n\n\n<p><strong><em>\u201cUne nouvelle \u00e8re : des solutions porteuses de changement pour relever des d\u00e9fis interd\u00e9pendants\u201d<\/em><\/strong>&nbsp;le th\u00e8me de cette 77e session ordinaire de l\u2019Assembl\u00e9e g\u00e9n\u00e9rale suscitera l\u2019espoir de meilleurs jours pour le Mali, \u00e0 la condition que le bilan sans complaisance de l\u2019ancienne \u00e8re soit \u00e9tabli, que les enseignements soient tir\u00e9s et que des recommandations objectives soient formul\u00e9es. Une fois cette \u00e9tape franchie, je ne doute pas, qu\u2019\u00e0 travers notre action collective : nous r\u00e9ussirons \u00e0 pacifier les multiples foyers de tension dans le monde, mais aussi \u00e0 promouvoir un d\u00e9veloppement harmonieux et lutter efficacement contre les pand\u00e9mies, la d\u00e9gradation de l\u2019environnement et le r\u00e9chauffement climatique, les in\u00e9galit\u00e9s, les politiques de domination et de pr\u00e9dation de ressources.<\/p>\n\n\n\n<p>Depuis le mois d\u2019ao\u00fbt 2020, le Mali se trouve dans un processus de transition, qui prendra fin le 26 mars 2024, par le transfert de pouvoir aux autorit\u00e9s \u00e9lues. D\u2019ici \u00e0 cette \u00e9ch\u00e9ance et conform\u00e9ment aux recommandations des Assises nationales de la refondation, les autorit\u00e9s de la Transition se sont engag\u00e9es, dans deux chronogrammes convenus avec la C\u00e9d\u00e9ao (la Communaut\u00e9 \u00e9conomique des Etats de l\u2019Afrique de l\u2019Ouest), \u00e0 faire des r\u00e9formes politiques et institutionnelles, avant d\u2019organiser des \u00e9lections, dont l\u2019objectif ultime est de refonder l\u2019Etat malien, afin qu\u2019il r\u00e9ponde aux aspirations profondes et l\u00e9gitimes de notre peuple \u00e0 la paix, \u00e0 la s\u00e9curit\u00e9, \u00e0 la bonne gouvernance, au d\u00e9veloppement et \u00e0 la stabilit\u00e9 institutionnelle durable au Mali.<\/p>\n\n\n\n<p>Dans cette perspective, je suis heureux de souligner que certaines avanc\u00e9es majeures ont d\u00e9j\u00e0 \u00e9t\u00e9 r\u00e9alis\u00e9es, notamment la promulgation de la loi \u00e9lectorale qui comprend entre autres la cr\u00e9ation de l\u2019Autorit\u00e9 ind\u00e9pendante de gestion des \u00e9lections (AIGE) dont l\u2019installation est \u00e0 un stade avanc\u00e9, ainsi que la mise en place d\u2019une commission compos\u00e9e d\u2019\u00e9minentes personnalit\u00e9s de toutes les composantes de la soci\u00e9t\u00e9 malienne, charg\u00e9e de la r\u00e9daction de la nouvelle Constitution.<\/p>\n\n\n\n<p><strong>Monsieur le Pr\u00e9sident,<\/strong><\/p>\n\n\n\n<p>Sur un autre plan, peu de gens savent que le Mali est le seul pays au monde dans lequel se superposent et se d\u00e9roulent simultan\u00e9ment 4 types d\u2019ins\u00e9curit\u00e9 : le terrorisme, les conflits communautaires manipul\u00e9s par les terroristes et leurs sponsors \u00e9tatiques \u00e9trangers, la criminalit\u00e9 transnationale organis\u00e9e et les actions violentes d\u2019individus isol\u00e9s.<\/p>\n\n\n\n<p>Parall\u00e8lement \u00e0 ce processus de retour \u00e0 l\u2019ordre constitutionnel, le Mali continue de mener une lutte sans merci contre les acteurs de l\u2019ins\u00e9curit\u00e9, en particulier les groupes extr\u00e9mistes et qui sont responsables de toutes sortes d\u2019abus contre nos paisibles populations.<\/p>\n\n\n\n<p>En ce qui concerne le Mali, je suis heureux et fier de vous annoncer que les groupes terroristes ont \u00e9t\u00e9 s\u00e9rieusement affaiblis et la peur a m\u00eame chang\u00e9 de camp. Cependant, ces groupes criminels gardent encore et toujours une certaine capacit\u00e9 de nuisance, dans leurs tentatives d\u00e9sesp\u00e9r\u00e9es de porter atteinte \u00e0 notre int\u00e9grit\u00e9 territoriale et de terroriser nos populations.<\/p>\n\n\n\n<p>Les vaillantes Forces de d\u00e9fense et de s\u00e9curit\u00e9 du Mali restent d\u00e9termin\u00e9es \u00e0 faire face \u00e0 toutes les menaces, d\u2019o\u00f9 qu\u2019elles viennent. Sous l\u2019impulsion de Son Excellence le colonel Assimi Go\u00efta, pr\u00e9sident de la Transition, chef de l\u2019Etat, le gouvernement du Mali continue d\u2019intensifier les efforts importants pour recruter, former, \u00e9quiper et renforcer les capacit\u00e9s op\u00e9rationnelles des Forces de d\u00e9fense et de s\u00e9curit\u00e9 maliennes. Je dois dire ici que les actions offensives men\u00e9es jusque-l\u00e0 ont permis \u00e0 nos forces de remporter des victoires d\u00e9cisives contre les forces obscurantistes. Elles ont \u00e9galement permis \u00e0 l\u2019Etat de reprendre pied et de r\u00e9affirmer son autorit\u00e9 sur une grande partie du territoire national, ainsi que de favoriser le retour de plusieurs milliers de nos compatriotes dans leurs localit\u00e9s d\u2019origine.<\/p>\n\n\n\n<p>Cependant, nous savons que la solution uniquement militaire ou s\u00e9curitaire a ses limites. C\u2019est la raison pour laquelle, en appui \u00e0 l\u2019action militaire, le gouvernement du Mali s\u2019est dot\u00e9 d\u2019une strat\u00e9gie globale et int\u00e9gr\u00e9e, comprenant des mesures politiques, sociales, de d\u00e9veloppement, y compris la fourniture des services sociaux de base \u00e0 nos populations durement affect\u00e9es par la crise multiforme que nous traversons depuis janvier 2012, avec comme objectif la restauration de l\u2019autorit\u00e9 de l\u2019Etat sur l\u2019ensemble du territoire national.<\/p>\n\n\n\n<p>Dans cette dynamique, le gouvernement du Mali a approuv\u00e9 le 24 ao\u00fbt dernier, la Strat\u00e9gie nationale de stabilisation des r\u00e9gions du Centre et son plan d\u2019actions 2022-2024. Cette strat\u00e9gie traduit la volont\u00e9 des autorit\u00e9s de la Transition d\u2019avoir une approche holistique de la stabilisation des r\u00e9gions du Centre. Elle vise \u00e0 faire du Centre une zone stable et prosp\u00e8re o\u00f9 les communaut\u00e9s sont r\u00e9concili\u00e9es et vivent en harmonie avec leurs voisins. Parall\u00e8lement, la mise en \u0153uvre diligente et intelligente de l\u2019Accord pour la paix et la r\u00e9conciliation au Mali, issu du processus d\u2019Alger, demeure une priorit\u00e9 strat\u00e9gique des autorit\u00e9s de la Transition, en tant qu\u2019instrument pacifique de r\u00e9solution durable de la crise, que traverse le Mali dans sa partie Nord.<\/p>\n\n\n\n<p>Je dois dire que je suis particuli\u00e8rement heureux des conclusions de la deuxi\u00e8me r\u00e9union de niveau d\u00e9cisionnel des parties \u00e0 l\u2019Accord, tenue \u00e0 Bamako du 1er au 5 ao\u00fbt 2022. Cette importante r\u00e9union, qui a regroup\u00e9 les parties signataires et la M\u00e9diation internationale, a permis de lever certains obstacles afin de relancer le processus de mise en \u0153uvre de l\u2019Accord.<\/p>\n\n\n\n<p>Poursuivant cette dynamique positive et progressive du processus de paix, la 6e r\u00e9union de haut niveau du Comit\u00e9 de suivi de l\u2019accord (CSA) s\u2019est tenue \u00e0 Bamako il y a \u00e0 peine quelques semaines, le 2 septembre 2022. Cette session du CSA est un signal fort de la volont\u00e9 des parties \u00e0 s\u2019engager dans une nouvelle dynamique en vue de parachever la mise en \u0153uvre de l\u2019Accord. Je r\u00e9affirme ici notre attachement \u00e0 ce processus dont la r\u00e9ussite demeure l\u2019une des conditions sine qua non de la stabilit\u00e9 durable du Mali. C\u2019est le lieu pour moi de saluer une fois de plus le r\u00f4le actif de l\u2019Alg\u00e9rie et l\u2019accompagnement de l\u2019\u00e9quipe de m\u00e9diation internationale.Je n\u2019oublie pas ici la situation des r\u00e9fugi\u00e9s maliens dans les pays voisins, que je salue au passage pour leur hospitalit\u00e9 \u00e0 l\u2019\u00e9gard des n\u00f4tres. Je n\u2019oublie pas non plus celle de nos compatriotes d\u00e9plac\u00e9s internes. Je veux les rassurer que le gouvernement du Mali reste tr\u00e8s attentif \u00e0 leur situation pr\u00e9caire et que tous nos efforts visent \u00e0 cr\u00e9er les conditions propices \u00e0 leur retour dans la s\u00e9curit\u00e9 et la dignit\u00e9, en vue de leur participation effective, \u00e0 la vie de la nation.<\/p>\n\n\n\n<p><strong>Monsieur le Pr\u00e9sident,<\/strong><\/p>\n\n\n\n<p>Dans sa difficile qu\u00eate pour la paix, la stabilit\u00e9 et le d\u00e9veloppement durable, le peuple malien reste reconnaissant des efforts et des sacrifices consentis par la Minusma, de sa cr\u00e9ation en juillet 2013 \u00e0 nos jours, visant \u00e0 aider le Mali \u00e0 restaurer son autorit\u00e9 sur l\u2019ensemble de son territoire.<\/p>\n\n\n\n<p>C\u2019est pourquoi, je tiens \u00e0 rendre hommage, au nom du peuple et du Gouvernement maliens, \u00e0 la m\u00e9moire de toutes les victimes, maliennes comme \u00e9trang\u00e8res, civiles comme militaires, tomb\u00e9es sur le champ d\u2019honneur au Mali.<\/p>\n\n\n\n<p>Cela dit, il nous faut reconna\u00eetre que pr\u00e8s de 10 ans apr\u00e8s son \u00e9tablissement, les objectifs pour lesquels la Minusma a \u00e9t\u00e9 d\u00e9ploy\u00e9e au Mali ne sont pas atteints. Et ce, en d\u00e9pit des nombreuses r\u00e9solutions du Conseil de s\u00e9curit\u00e9. C\u2019est pourquoi, le gouvernement du Mali r\u00e9it\u00e8re sa demande, maintes fois exprim\u00e9e, d\u2019un changement de paradigme, d\u2019une adaptation de la Minusma \u00e0 l\u2019environnement dans lequel elle est d\u00e9ploy\u00e9e et d\u2019une meilleure articulation de cette mission avec les autorit\u00e9s maliennes.<\/p>\n\n\n\n<p>Dans cette perspective, il est extr\u00eamement important pour la Minusma de rester une force d\u2019appui au Mali dans sa qu\u00eate de stabilit\u00e9. Le gouvernement du Mali d\u00e9nonce les influences ext\u00e9rieures n\u00e9gatives et les tentatives d\u2019instrumentalisation de certaines entit\u00e9s l\u00e9galement pr\u00e9sentes au Mali, pour servir des agendas cach\u00e9s, y compris \u00e0 travers l\u2019exploitation de la question des droits de l\u2019homme aux fins de d\u00e9stabilisation.<\/p>\n\n\n\n<p>Monsieur le Pr\u00e9sident,<\/p>\n\n\n\n<p>Le monde se souviendra qu\u2019apr\u00e8s avoir \u00e9t\u00e9 abandonn\u00e9 en plein vol, le 10 juin 2021, par la France qui a d\u00e9cid\u00e9 unilat\u00e9ralement de retirer la force Barkhane du Mali, mon pays a \u00e9t\u00e9 ensuite poignard\u00e9 dans le dos par les autorit\u00e9s fran\u00e7aises. La pr\u00e9cision est d\u2019autant plus utile que nous refusons tout amalgame avec le peuple fran\u00e7ais que nous respectons. Les autorit\u00e9s fran\u00e7aises profond\u00e9ment anti-fran\u00e7aises pour avoir reni\u00e9 les valeurs morales universelles et trahi le lourd h\u00e9ritage humaniste des philosophes des lumi\u00e8res, se sont transform\u00e9es en une junte au service de l\u2019obscurantisme.<\/p>\n\n\n\n<p>Obscurantisme de la junte fran\u00e7aise nostalgique de pratique n\u00e9ocoloniale, condescendante, paternaliste et revancharde, qui a commandit\u00e9 et pr\u00e9m\u00e9dit\u00e9 des sanctions in\u00e9dites, ill\u00e9gales, ill\u00e9gitimes et inhumaines de la C\u00e9d\u00e9ao et de l\u2019U\u00e9moa contre le Mali. Apr\u00e8s plus de 10 ans d\u2019ins\u00e9curit\u00e9 ayant fait des milliers de morts, autant de r\u00e9fugi\u00e9s et de d\u00e9plac\u00e9s internes, n\u2019est-ce pas un sacril\u00e8ge de mettre une population malienne victime de l\u2019ins\u00e9curit\u00e9 dans un pays enclav\u00e9 sous embargo pendant 7 mois, en proc\u00e9dant \u00e0 la fermeture des fronti\u00e8res et la saisie des comptes financiers du Mali ?<\/p>\n\n\n\n<p>Gr\u00e2ce \u00e0 sa r\u00e9silience et \u00e0 la solidarit\u00e9 de pays amis et des peuples africains, le Peuple malien a tenu et a d\u00e9jou\u00e9 les pronostics de ses adversaires.<\/p>\n\n\n\n<p>Obscurantisme de la junte fran\u00e7aise qui s\u2019est rendue coupable d\u2019instrumentalisation des diff\u00e9rends ethniques, en oubliant si vite sa responsabilit\u00e9 dans le g\u00e9nocide contre les Tutsis au Rwanda, coupable \u00e9galement de tenter d\u00e9sesp\u00e9r\u00e9ment de diviser les maliens enfants d\u2019une m\u00eame famille.<\/p>\n\n\n\n<p>Enfin, obscurantisme de la junte fran\u00e7aise, qui a viol\u00e9 l\u2019espace a\u00e9rien malien en y faisant voler des vecteurs a\u00e9riens tels que des drones, des h\u00e9licopt\u00e8res militaires et des avions de chasse, plus d\u2019une cinquantaine de fois, en apportant des renseignements, des armes et munitions aux groupes terroristes.<\/p>\n\n\n\n<p>Afin de se donner une bonne conscience, la junte fran\u00e7aise accuse le Mali de n\u2019avoir pas \u00e9t\u00e9 reconnaissant, en se gargarisant de la mort regrettable de 59 soldats fran\u00e7ais au Mali, lors de diverses op\u00e9rations de lutte contre le terrorisme. A cette triste accusation, nous rappelons que dans la majorit\u00e9 des interventions d\u2019officiels maliens et des c\u00e9r\u00e9monies, nous rendons syst\u00e9matiquement un hommage \u00e0 l\u2019ensemble des victimes de l\u2019ins\u00e9curit\u00e9 au Mali sans distinction de nationalit\u00e9, donc, y compris les 59 fran\u00e7ais d\u00e9c\u00e9d\u00e9s. Aussi, nous les invitons \u00e0 ne pas s\u2019arr\u00eater en si bon chemin et de remonter le temps, en passant par leur intervention en Libye d\u00e9cri\u00e9e par toute l\u2019Afrique, sans oublier la participation forc\u00e9e des milliers d\u2019Africains \u00e0 la 1\u00e8re et la seconde guerre mondiale, sans oublier la traite n\u00e9gri\u00e8re qui explique l\u2019essor \u00e9conomique de beaucoup de pays. Combien d\u2019Africains sont-ils morts pour la France et le monde libre dans lequel nous sommes ?<\/p>\n\n\n\n<p><strong>Monsieur le Pr\u00e9sident,<\/strong><\/p>\n\n\n\n<p>Eu \u00e9gard \u00e0 la gravit\u00e9 des faits commis par la junte fran\u00e7aise, le Mali dans sa lettre en date du 15 ao\u00fbt 2022, a demand\u00e9 la tenue d\u2019une r\u00e9union d\u2019urgence du Conseil de s\u00e9curit\u00e9 des Nations unies. Cette r\u00e9union a pour objet de permettre au Mali de pr\u00e9senter les \u00e9l\u00e9ments de preuve en sa possession, d\u00e9montrant que l\u2019arm\u00e9e fran\u00e7aise a agress\u00e9 en de maintes reprises, mon pays, en violant, de mani\u00e8re r\u00e9p\u00e9titive et fr\u00e9quente l\u2019espace a\u00e9rien malien, sans autorisation des autorit\u00e9s maliennes et parfois en falsifiant des documents de vol.<\/p>\n\n\n\n<p>Plus grave, Monsieur le Pr\u00e9sident, le Mali sera en mesure de prouver que la junte fran\u00e7aise a fourni des renseignements et des armes \u00e0 des groupes terroristes.<\/p>\n\n\n\n<p>Le gouvernement du Mali s\u2019interroge sur les raisons qui poussent cet Etat membre permanent du Conseil de s\u00e9curit\u00e9, de surcro\u00eet assurant la pr\u00e9sidence de cet organe, \u00e0 faire obstacle au d\u00e9bat, en vue de la manifestation de la v\u00e9rit\u00e9. Le monde doit \u00eatre \u00e9difi\u00e9 sur les faits graves qui se sont d\u00e9roul\u00e9s au Mali et qui sont \u00e0 la base de l\u2019aggravation de l\u2019ins\u00e9curit\u00e9 et de la d\u00e9stabilisation du Mali et du Sahel. Par la saisine du Conseil de s\u00e9curit\u00e9, le gouvernement du Mali entend mettre cet important organe, charg\u00e9 \u00e0 titre principal du maintien de la paix et de la s\u00e9curit\u00e9 internationale, face \u00e0 ses responsabilit\u00e9s et d\u00e9noncer les agissements de la junte fran\u00e7aise contre mon pays. Ces actes hostiles sont incompatibles avec la Charte des Nations unies et son statut de membre permanent. Il y va de la cr\u00e9dibilit\u00e9 de notre m\u00e9canisme commun, de l\u2019efficacit\u00e9 de la lutte contre le terrorisme, mais surtout, il y va de l\u2019int\u00e9grit\u00e9 de l\u2019Organisation des Nations unies qui repose entre autres sur le respect des engagements internationaux, de la l\u00e9galit\u00e9 internationale et de la Charte des Nations unies. M. le Pr\u00e9sident, il semble opportun pour le Mali de demander votre implication personnelle aupr\u00e8s du Conseil de s\u00e9curit\u00e9 des Nations unies, afin que notre demande aboutisse, pour que cesse la duplicit\u00e9 et la guerre par procuration impos\u00e9e \u00e0 mon pays.<\/p>\n\n\n\n<p><strong>Monsieur le Pr\u00e9sident,<\/strong><\/p>\n\n\n\n<p>Dans la lutte contre le terrorisme et l\u2019extr\u00e9misme violent, le gouvernement du Mali est fortement interpell\u00e9 sur la question des droits de l\u2019Homme. Je tiens \u00e0 souligner que les droits de l\u2019homme, constituent avant tout des valeurs qu\u2019incarne chaque Malien. Aussi, le gouvernement du Mali reste d\u00e9termin\u00e9 \u00e0 les respecter et \u00e0 les faire respecter, conform\u00e9ment \u00e0 sa politique de tol\u00e9rance z\u00e9ro contre l\u2019impunit\u00e9. Et cela, par fid\u00e9lit\u00e9 \u00e0 nos valeurs ancestrales inscrites dans la Charte de Kurukanfuga proclam\u00e9e en 1236 par l\u2019Empereur du Mali Soundiata K\u00e9ita. Le Mali, berceau de grandes civilisations, h\u00e9ritier de grands empires, terre de brassage, d\u2019hospitalit\u00e9 et de tol\u00e9rance, fait de la promotion et de la d\u00e9fense des droits de l\u2019homme une priorit\u00e9 nationale. C\u2019est pourquoi, je r\u00e9affirme avec force que les op\u00e9rations militaires des Forces de d\u00e9fense et de s\u00e9curit\u00e9 du Mali sont conduites dans le strict respect des droits de l\u2019Homme et du droit international humanitaire. Cependant, comme je viens de le souligner, le gouvernement du Mali s\u2019oppose avec v\u00e9h\u00e9mence \u00e0 l\u2019instrumentalisation de la question des droits de l\u2019homme \u00e0 des fins politiques, de positionnement, voire de chantage ou d\u2019intimidation. De m\u00eame, nous regrettons la s\u00e9lectivit\u00e9 observ\u00e9e entre les droits des populations dont des villages entiers sont massacr\u00e9s et ras\u00e9s qui ne suscitent presque pas d\u2019indignation particuli\u00e8re et la manipulation communicationnelle faisant passer des terroristes neutralis\u00e9s sur le champ de bataille pour des civils innocents.<\/p>\n\n\n\n<p><strong>Monsieur le Pr\u00e9sident,<\/strong><\/p>\n\n\n\n<p>Pour terminer, je dirai que le peuple malien a d\u00e9cid\u00e9 de prendre son destin en mains. Il soutient pleinement le gouvernement dans la Refondation du Mali ainsi que le retour \u00e0 un ordre constitutionnel apais\u00e9 et s\u00e9curis\u00e9 en mars 2024, \u00e0 l\u2019issue d\u2019\u00e9lections libres, cr\u00e9dibles et transparentes.<\/p>\n\n\n\n<p>La r\u00e9alisation de ces vastes chantiers exige du gouvernement de poursuivre et d\u2019intensifier les efforts en vue de l\u2019am\u00e9lioration continue de la situation s\u00e9curitaire dans le pays et de la protection des personnes et de leurs biens. A cet \u00e9gard, je me r\u00e9jouis de la tenue \u00e0 Lom\u00e9, le 6 septembre dernier, de la 3e r\u00e9union du Groupe de suivi et de soutien \u00e0 la Transition. Les conclusions de cette importante rencontre, notamment la reconnaissance des progr\u00e8s r\u00e9alis\u00e9s par la Transition et les appels lanc\u00e9s en faveur de la mobilisation de tous les partenaires du Mali pour consolider leur appui politique, \u00e9conomique, technique et financier \u00e0 la R\u00e9publique du Mali, ainsi que pour soutenir les efforts des Autorit\u00e9s de transition du Mali en vue d\u2019un retour harmonieux \u00e0 l\u2019ordre constitutionnel. Je voudrais rappeler que la Transition au Mali, r\u00e9sulte de plusieurs ann\u00e9es de dysfonctionnements de notre jeune d\u00e9mocratie, qui a engrang\u00e9 quelques r\u00e9sultats positifs.<\/p>\n\n\n\n<p>Malheureusement, \u00e0 l\u2019heure du bilan, les passifs sont plus importants que les actifs, d\u2019o\u00f9 la survenance de la Transition. Je saisis cette opportunit\u00e9 qui m\u2019est offerte pour remercier chaleureusement notre respect\u00e9 a\u00een\u00e9, S. E. le pr\u00e9sident Alassane Dramane Ouattara pour les sages et \u00e9clair\u00e9s conseils, qu\u2019il nous a prodigu\u00e9s dans son allocution m\u00e9morable \u00e0 cette 77\u00e8me session de l\u2019Assembl\u00e9e g\u00e9n\u00e9rale des Nations unies. Je voudrais le rassurer que les autorit\u00e9s de la Transition malienne, n\u2019ont d\u2019autres objectifs que de faire des r\u00e9formes politiques et institutionnelles, avant d\u2019organiser des \u00e9lections, tout en luttant obstin\u00e9ment contre le terrorisme. Ces r\u00e9formes permettront d\u2019am\u00e9liorer la gouvernance et toutes les dispositions seront prises pour que la d\u00e9mocratie malienne soit la plus envi\u00e9e au monde.<\/p>\n\n\n\n<p>Dans ce chantier, nous pr\u00eaterons une attention particuli\u00e8re au 3e mandat qui ne sera pas possible. Pour un public moins averti, le 3e mandat consiste pour un pr\u00e9sident de la R\u00e9publique d\u2019effectuer une man\u0153uvre en 4 temps, en vue de conserver le pouvoir pour lui seul et son clan :<\/p>\n\n\n\n<p><strong>\u2013 Premier temps :<\/strong>&nbsp;Presqu\u2019en fin de second mandat, donc en principe, non r\u00e9\u00e9ligible, il s\u2019agit pour le pr\u00e9sident de la R\u00e9publique sortant, de d\u00e9clencher une r\u00e9vision constitutionnelle de mani\u00e8re non consensuelle ;<\/p>\n\n\n\n<p><strong>\u2013 Deuxi\u00e8me temps :<\/strong>&nbsp;Au cours de cette r\u00e9vision constitutionnelle, le pr\u00e9sident de la R\u00e9publique sortant modifiera quelques dispositions constitutionnelles ;<\/p>\n\n\n\n<p><strong>\u2013 Troisi\u00e8me temps :<\/strong>&nbsp;Une fois la nouvelle Constitution adopt\u00e9e, sur fond de crise politique naturellement, le pr\u00e9sident sortant devient candidat, en violation de la limitation du nombre de mandat \u00e0 deux. Sa candidature est alors justifi\u00e9e par l\u2019adoption de la nouvelle Constitution et le pr\u00e9texte est tout trouv\u00e9 : la limitation du nombre de mandat \u00e0 deux concernait l\u2019ancienne Constitution. Par cons\u00e9quent, il est candidat au regard de la nouvelle Constitution adopt\u00e9e.<\/p>\n\n\n\n<p><strong>\u2013 Quatri\u00e8me temps :<\/strong>&nbsp;Une farce \u00e9lectorale est organis\u00e9e. Forc\u00e9ment, il remporte les \u00e9lections et s\u2019en suit une chasse impitoyable aux opposants politiques, dont certains sont arr\u00eat\u00e9s, d\u2019autres s\u2019exilent, et d\u2019autres assassin\u00e9s. Les all\u00e9geances sont obtenues gr\u00e2ce au pouvoir de l\u2019argent, le client\u00e9lisme et les intimidations.<\/p>\n\n\n\n<p>Dans un langage plus simplifi\u00e9 et en r\u00e9f\u00e9rence \u00e0 une m\u00e9taphore footballistique, le 3e mandat est une magie, c\u2019est l\u2019art de se dribbler soi-m\u00eame tout en gardant le ballon.<\/p>\n\n\n\n<p>Excellence M. le pr\u00e9sident Ouattara, vos conseils nous rappellent la triste histoire du chameau qui se moque de la bosse du dromadaire. Malgr\u00e9 les efforts tangibles de la Transition malienne dans la mise en \u0153uvre des chronogrammes des r\u00e9formes politiques et institutionnelles et celui des \u00e9lections, salu\u00e9s par la communaut\u00e9 internationale, Mme la ministre des Affaires \u00e9trang\u00e8res de la Junte fran\u00e7aise, \u00e0 qui le Mali n\u2019a pourtant rien demand\u00e9, a estim\u00e9 qu\u2019il n\u2019y avait pas eu de progr\u00e8s, oubliant que nul ne peut aimer le Mali, plus que les Maliens eux-m\u00eames. Sa position singuli\u00e8re et son adversit\u00e9 ne nous surprennent gu\u00e8re. Victor Hugo dans Claude Gueux a class\u00e9 le genre humain en 2 cat\u00e9gories, en indiquant : \u201cQu\u2019il y a des hommes qui sont fer et des hommes qui sont aimant\u201d, la ministre dont il s\u2019agit, malheureusement, n\u2019est ni fer, ni aimant, elle est hideusement sui generis.<\/p>\n\n\n\n<p>Devant l\u2019incertitude et les situations \u00e9trang\u00e8res, le peuple malien adopte une attitude prudente, c\u2019est ce que l\u2019\u00e9crivain et le sage Amadou Hampat\u00e9 Ba, met en relief, en conseillant dans&nbsp;<strong>\u201cl\u2019Etrange destin de Wangrin\u201d<\/strong>&nbsp;que :&nbsp;<strong>\u201cSi observer est une qualit\u00e9, savoir se taire pr\u00e9serve de la calamit\u00e9\u201d.<\/strong>&nbsp;Mme le ministre de la Junte fran\u00e7aise, le Mali vous conseille de vous contenter d\u2019observer sa situation. C\u2019est l\u2019occasion pour moi de saluer les relations de coop\u00e9ration exemplaire et fructueuse entre le Mali et la Russie, tout en r\u00e9affirmant que le Mali reste ouvert \u00e0 tous les partenaires qui souhaitent l\u2019aider \u00e0 relever les multiples d\u00e9fis qui l\u2019assaillent, dans le respect strict de sa souverainet\u00e9, de son unit\u00e9 et de la dignit\u00e9 du peuple malien.<\/p>\n\n\n\n<p>Le Mali rappelle que conform\u00e9ment \u00e0 la vision du colonel Assimi Go\u00efta, pr\u00e9sident de la Transition, chef de l\u2019Etat, 3 principes guident l\u2019action publique nationale :<\/p>\n\n\n\n<ol class=\"wp-block-list\"><li>Le respect de la souverainet\u00e9 du Mali ;<\/li><li>Le Respect des choix strat\u00e9giques et de partenaires op\u00e9r\u00e9s par le Mali ;<\/li><li>La prise en compte des int\u00e9r\u00eats vitaux du peuple malien dans les d\u00e9cisions prises.<\/li><\/ol>\n\n\n\n<p>En application de ces principes, le Mali reste dispos\u00e9 \u00e0 poursuivre et \u00e0 renforcer ses relations de bon voisinage avec l\u2019ensemble des pays qui l\u2019entourent. De m\u00eame, le Mali, fid\u00e8le \u00e0 son engagement panafricain, continuera \u00e0 \u0153uvrer au sein des organisations sous r\u00e9gionales et r\u00e9gionales pour la r\u00e9alisation de l\u2019int\u00e9gration africaine.<\/p>\n\n\n\n<p>Egalement, l\u2019atteinte des objectifs de la Transition, requiert l\u2019accompagnement de l\u2019ensemble des partenaires du Mali, y compris les Nations Unies. J\u2019en appelle donc aux amis du Mali \u00e0 rester mobilis\u00e9s aux c\u00f4t\u00e9s du Gouvernement en vue de l\u2019aider \u00e0 relever ensemble ces d\u00e9fis importants.<\/p>\n\n\n\n<p>Pour la grande majorit\u00e9 des Etats du Monde, convaincus par le respect mutuel et le partenariat gagnant-gagnant, je leur garantis que les portes du Mali leur sont grandement ouvertes et les maliens les accueilleront les bras ouverts. Pour la minorit\u00e9 qui serait tent\u00e9e de ne pas respecter ces principes, nous leur promettons qu\u2019ils feront face \u00e0 des millions de&nbsp;<strong>\u201cAssimi Go\u00efta\u201d<\/strong>, soucieux de d\u00e9fendre leur honneur, leur dignit\u00e9 et leurs int\u00e9r\u00eats vitaux. Je terminerai, en donnant deux conseils aux nostalgiques de la domination : ayez le sens de l\u2019empathie en&nbsp;<em>\u201cTraitant les autres comme vous voudrez \u00eatre trait\u00e9\u201d<\/em>&nbsp;ou en&nbsp;<em>\u201cNe faisant pas aux autres ce que vous ne voudriez pas qu\u2019on vous fasse\u201d.<\/em>&nbsp;Le second conseil, revoyez vos copies, revoyez vos mod\u00e8les, revoyez vos logiciels pour int\u00e9grer le changement de mentalit\u00e9s et l\u2019\u00e9volution du monde dans vos grilles de lecture et d\u2019analyse, sortez du pass\u00e9 colonial et entendez la col\u00e8re, la frustration, le rejet qui remontent des villes et campagnes africaines, des populations africaines, et comprenez que ce mouvement est inexorable. Gr\u00e2ce au principe de la multiplication fractale, vos intimidations et vos actions subversives n\u2019ont fait que grossir le rang des Africains soucieux de pr\u00e9server leur dignit\u00e9, s\u2019ils n\u2019\u00e9taient qu\u2019une centaine aux ind\u00e9pendances, aujourd\u2019hui, nous sommes des millions et demain, tant que les paradigmes in\u00e9galitaires demeureront, nous serons des milliards. Le Mali et son peuple ne seront pas des spectateurs face aux assauts et l\u2019adversit\u00e9 : pour chaque mot employ\u00e9 de travers, nous r\u00e9agirons par r\u00e9ciprocit\u00e9, pour chaque balle tir\u00e9e contre nous, nous r\u00e9agirons par r\u00e9ciprocit\u00e9.<\/p>\n\n\n\n<p>C\u2019est \u00e0 ce prix qu\u2019une nouvelle \u00e8re sera une r\u00e9alit\u00e9, avec des solutions porteuses de changement pour relever des d\u00e9fis interd\u00e9pendants, avec des Etats interd\u00e9pendants et en valorisant l\u2019Homme, sans distinction aucune, notamment de race, de couleur, de sexe, de langue, de religion, d\u2019opinion politique ou de toute autre opinion, d\u2019origine nationale ou sociale, de propri\u00e9t\u00e9, de naissance ou de toute autre situation, tel que stipul\u00e9 \u00e0 l\u2019article 2 de la D\u00e9claration universelle des droits de l\u2019Homme.<\/p>\n\n\n\n<p>Que Dieu b\u00e9nisse le Mali et pr\u00e9serve les Maliens, des forces obscurantistes et destructrices du monde !<\/p>\n\n\n\n<p>Que Dieu b\u00e9nisse l\u2019Afrique et pr\u00e9serve les Africains des forces obscurantistes et destructrices du monde !<\/p>\n\n\n\n<p>Que Dieu b\u00e9nisse le monde et pr\u00e9serve l\u2019humanit\u00e9 enti\u00e8re des forces obscurantistes et destructrices du monde !<\/p>\n\n\n\n<p><\/p>\n","protected":false},"excerpt":{"rendered":"<p>\u201cLe 3e mandat est une magie, c\u2019est l\u2019art de se dribbler soi-m\u00eame tout en gardant le ballon\u201d Le Premier ministre par int\u00e9rim, le colonel Abdoulaye Ma\u00efga, a fait une sortie&hellip;<\/p>\n","protected":false},"author":1,"featured_media":8779,"comment_status":"open","ping_status":"closed","sticky":false,"template":"","format":"standard","meta":{"content-type":"","_lmt_disableupdate":"","_lmt_disable":"","_jetpack_memberships_contains_paid_content":false,"footnotes":"","jetpack_publicize_message":"","jetpack_publicize_feature_enabled":true,"jetpack_social_post_already_shared":true,"jetpack_social_options":{"image_generator_settings":{"template":"highway","default_image_id":0,"font":"","enabled":false},"version":2}},"categories":[19,59,23],"tags":[],"class_list":["post-8884","post","type-post","status-publish","format-standard","has-post-thumbnail","hentry","category-aujourdhui-mali","category-nations-unies","category-politique"],"jetpack_publicize_connections":[],"featured_image_urls":{"full":"","thumbnail":"","medium":"","medium_large":"","large":"","1536x1536":"","2048x2048":"","penci-recipe-1200x1200":"","penci-recipe-1200x900":"","penci-recipe-1200x675":"","penci-single-full":"","penci-slider-full-thumb":"","penci-full-thumb":"","penci-slider-thumb":"","penci-magazine-slider":"","penci-thumb":"","penci-masonry-thumb":"","penci-thumb-square":"","penci-thumb-vertical":"","penci-thumb-small":""},"author_info":{"display_name":"Nandi","author_link":"https:\/\/nandi.info\/?author=1"},"category_info":"<a href=\"https:\/\/nandi.info\/?cat=19\" rel=\"category\">Aujourd\u2019hui Mali<\/a> <a href=\"https:\/\/nandi.info\/?cat=59\" rel=\"category\">Nations Unies<\/a> <a href=\"https:\/\/nandi.info\/?cat=23\" rel=\"category\">Politique<\/a>","tag_info":"Politique","comment_count":"0","jetpack_featured_media_url":"","jetpack_sharing_enabled":true,"_links":{"self":[{"href":"https:\/\/nandi.info\/index.php?rest_route=\/wp\/v2\/posts\/8884","targetHints":{"allow":["GET"]}}],"collection":[{"href":"https:\/\/nandi.info\/index.php?rest_route=\/wp\/v2\/posts"}],"about":[{"href":"https:\/\/nandi.info\/index.php?rest_route=\/wp\/v2\/types\/post"}],"author":[{"embeddable":true,"href":"https:\/\/nandi.info\/index.php?rest_route=\/wp\/v2\/users\/1"}],"replies":[{"embeddable":true,"href":"https:\/\/nandi.info\/index.php?rest_route=%2Fwp%2Fv2%2Fcomments&post=8884"}],"version-history":[{"count":0,"href":"https:\/\/nandi.info\/index.php?rest_route=\/wp\/v2\/posts\/8884\/revisions"}],"wp:featuredmedia":[{"embeddable":true,"href":"https:\/\/nandi.info\/index.php?rest_route=\/"}],"wp:attachment":[{"href":"https:\/\/nandi.info\/index.php?rest_route=%2Fwp%2Fv2%2Fmedia&parent=8884"}],"wp:term":[{"taxonomy":"category","embeddable":true,"href":"https:\/\/nandi.info\/index.php?rest_route=%2Fwp%2Fv2%2Fcategories&post=8884"},{"taxonomy":"post_tag","embeddable":true,"href":"https:\/\/nandi.info\/index.php?rest_route=%2Fwp%2Fv2%2Ftags&post=8884"}],"curies":[{"name":"wp","href":"https:\/\/api.w.org\/{rel}","templated":true}]}}