{"id":8833,"date":"2022-09-28T12:56:50","date_gmt":"2022-09-28T10:56:50","guid":{"rendered":"https:\/\/nandi.info\/?p=8833"},"modified":"2022-09-28T12:56:50","modified_gmt":"2022-09-28T10:56:50","slug":"developpement-de-la-region-de-kayes-lassociation-solidarite-kayes-yiriwa-portee-sur-les-fonts-baptismaux","status":"publish","type":"post","link":"https:\/\/nandi.info\/?p=8833","title":{"rendered":"D\u00e9veloppement de la r\u00e9gion de Kayes : L\u2019association solidarit\u00e9 Kayes Yiriwa port\u00e9e sur les fonts baptismaux"},"content":{"rendered":"\n<p><strong>Les activit\u00e9s de l\u2019Association Solidarit\u00e9 Kayes Yiriwa (ASKY) ont \u00e9t\u00e9 lanc\u00e9es, le dimanche 25 septembre 2022 au sein de l\u2019universit\u00e9 Modibo Kane Dilly. Cette association qui entend faire du d\u00e9veloppement de la r\u00e9gion de Kayes son cheval de bataille, regroupe en son sein des hommes et femmes d\u00e9vou\u00e9s pour l\u2019atteinte de cet objectif. Ces derniers l\u2019ont fait savoir lors du lancement des activit\u00e9s de l\u2019association, devant un parterre d\u2019invit\u00e9s venus de Kayes, de Bamako, de la diaspora etc.<\/strong><\/p>\n\n\n\n<p class=\"has-drop-cap\">Faire de la premi\u00e8re r\u00e9gion administrative du Mali la vitrine des r\u00e9gions&nbsp;; lui doter d\u2019infrastructures dignes; r\u00e9unir tous les filles et fils de la r\u00e9gion au sein d\u2019une association afin d\u2019\u00e9laborer de gigantesques travaux contribuant au d\u00e9veloppement de Kayes, sont entre autres les objectifs g\u00e9n\u00e9raux de l\u2019Association Solidarit\u00e9 Kayes Yiriwa (ASKY).<\/p>\n\n\n\n<p>Le parrain de la c\u00e9r\u00e9monie de lancement, Modibo Kane Doumbia, a fait savoir que rien n\u2019est trop grand pour Kayes et que cette association regroupe les Kaysiennes et Kaysiens qui n\u2019aspirent qu\u2019au d\u00e9veloppement de la r\u00e9gion et qui sont pr\u00eats \u00e0 tout mettre en \u0153uvre pour l\u2019atteinte de cet objectif. Il a rassur\u00e9 l\u2019assistance que son apport ne fera jamais d\u00e9faut pour permettre \u00e0 la premi\u00e8re r\u00e9gion administrative du Mali d\u2019\u00eatre la vitrine des r\u00e9gions du pays.<\/p>\n\n\n\n<p>Dr. Ibrahim Coulibaly a pr\u00e9sent\u00e9 l\u2019Association solidarit\u00e9 Kayes Yiriwa<strong>.&nbsp;<\/strong>Il a signal\u00e9 qu\u2019elle se d\u00e9marquera des autres associations de par ses \u0153uvres et sa vision qui ne sont autres que d\u2019\u00e9tablir, d\u00e9velopper et renforcer les liens de solidarit\u00e9 entre ses membres pour le d\u00e9veloppement \u00e9conomique, social et culturel de la r\u00e9gion de Kayes&nbsp;afin d\u2019am\u00e9liorer le bien \u00eatre et le cadre de&nbsp; vie des kayesinnes et kayesiens&nbsp;; d\u2019initier, de favoriser et de faciliter les opportunit\u00e9s d\u2019acquisition et de renforcement des comp\u00e9tences socioprofessionnelles de ses membres o\u00f9 que ces derniers se trouvent au Mali ou en dehors&nbsp;; de cr\u00e9er des conditions favorables et d\u2019entretenir des relations d\u2019amiti\u00e9 et de coop\u00e9ration avec les organisations r\u00e9gionales, nationales et internationales poursuivant les m\u00eames objectifs etc.<\/p>\n\n\n\n<p>Alpha Sy a, au nom des kayesiens de la diaspora, exhib\u00e9 ses sentiments de fiert\u00e9 d\u2019appartenir \u00e0 une telle association avec des objectifs lumineux, tout en faisant savoir que leur apport ne fera jamais d\u00e9faut afin de permettre \u00e0 l\u2019association solidarit\u00e9 Kayes yiriwa de r\u00e9pondre aux attentes des initiateurs.<\/p>\n\n\n\n<p>Ibrahim K\u00e9b\u00e9, qui a prononc\u00e9 le discours de lancement de l\u2019association, s\u2019est beaucoup appesanti sur les efforts des ressortissants de Kayes pour le d\u00e9veloppement de leur r\u00e9gion. Il a inform\u00e9 que des ressortissants des r\u00e9gions de plusieurs pays d\u2019Afrique, d\u2019Am\u00e9rique, d\u2019Asie etc. ont rejoint l\u2019association et que ceux d\u2019autres contr\u00e9es du monde sont pr\u00eats \u00e0 leur emboiter le pas dans le but d\u2019apporter leur pierre \u00e0 l\u2019\u00e9difice. Ibrahim Keb\u00e9 a mis 16 millions de FCFA dans la cagnotte de la nouvelle association pour lui permettre de faire ses premiers pas. Enfin, il a invit\u00e9 tous les ressortissants de Kayes \u00e0 rejoindre l\u2019association afin qu\u2019ils b\u00e2tissent ensemble leur r\u00e9gion d\u2019origine.<\/p>\n\n\n\n<p><strong>Moussa Samba Diallo<\/strong><\/p>\n\n\n\n<p><strong>Le R\u00e9publicain Mali<\/strong><\/p>\n","protected":false},"excerpt":{"rendered":"<p>Les activit\u00e9s de l\u2019Association Solidarit\u00e9 Kayes Yiriwa (ASKY) ont \u00e9t\u00e9 lanc\u00e9es, le dimanche 25 septembre 2022 au sein de l\u2019universit\u00e9 Modibo Kane Dilly. Cette association qui entend faire du d\u00e9veloppement&hellip;<\/p>\n","protected":false},"author":1,"featured_media":0,"comment_status":"open","ping_status":"closed","sticky":false,"template":"","format":"standard","meta":{"content-type":"","_lmt_disableupdate":"","_lmt_disable":"","_jetpack_memberships_contains_paid_content":false,"footnotes":"","jetpack_publicize_message":"","jetpack_publicize_feature_enabled":true,"jetpack_social_post_already_shared":true,"jetpack_social_options":{"image_generator_settings":{"template":"highway","default_image_id":0,"font":"","enabled":false},"version":2}},"categories":[83,69],"tags":[],"class_list":["post-8833","post","type-post","status-publish","format-standard","hentry","category-echos-de-nos-regions","category-le-republicain-mali"],"jetpack_publicize_connections":[],"featured_image_urls":{"full":"","thumbnail":"","medium":"","medium_large":"","large":"","1536x1536":"","2048x2048":"","penci-recipe-1200x1200":"","penci-recipe-1200x900":"","penci-recipe-1200x675":"","penci-single-full":"","penci-slider-full-thumb":"","penci-full-thumb":"","penci-slider-thumb":"","penci-magazine-slider":"","penci-thumb":"","penci-masonry-thumb":"","penci-thumb-square":"","penci-thumb-vertical":"","penci-thumb-small":""},"author_info":{"display_name":"Nandi","author_link":"https:\/\/nandi.info\/?author=1"},"category_info":"<a href=\"https:\/\/nandi.info\/?cat=83\" rel=\"category\">Echos de nos r\u00e9gions<\/a> <a href=\"https:\/\/nandi.info\/?cat=69\" rel=\"category\">Le R\u00e9publicain Mali<\/a>","tag_info":"Le R\u00e9publicain Mali","comment_count":"0","jetpack_featured_media_url":"","jetpack_sharing_enabled":true,"_links":{"self":[{"href":"https:\/\/nandi.info\/index.php?rest_route=\/wp\/v2\/posts\/8833","targetHints":{"allow":["GET"]}}],"collection":[{"href":"https:\/\/nandi.info\/index.php?rest_route=\/wp\/v2\/posts"}],"about":[{"href":"https:\/\/nandi.info\/index.php?rest_route=\/wp\/v2\/types\/post"}],"author":[{"embeddable":true,"href":"https:\/\/nandi.info\/index.php?rest_route=\/wp\/v2\/users\/1"}],"replies":[{"embeddable":true,"href":"https:\/\/nandi.info\/index.php?rest_route=%2Fwp%2Fv2%2Fcomments&post=8833"}],"version-history":[{"count":0,"href":"https:\/\/nandi.info\/index.php?rest_route=\/wp\/v2\/posts\/8833\/revisions"}],"wp:attachment":[{"href":"https:\/\/nandi.info\/index.php?rest_route=%2Fwp%2Fv2%2Fmedia&parent=8833"}],"wp:term":[{"taxonomy":"category","embeddable":true,"href":"https:\/\/nandi.info\/index.php?rest_route=%2Fwp%2Fv2%2Fcategories&post=8833"},{"taxonomy":"post_tag","embeddable":true,"href":"https:\/\/nandi.info\/index.php?rest_route=%2Fwp%2Fv2%2Ftags&post=8833"}],"curies":[{"name":"wp","href":"https:\/\/api.w.org\/{rel}","templated":true}]}}