{"id":8829,"date":"2022-09-28T12:43:58","date_gmt":"2022-09-28T10:43:58","guid":{"rendered":"https:\/\/nandi.info\/?p=8829"},"modified":"2022-09-28T12:43:58","modified_gmt":"2022-09-28T10:43:58","slug":"distinction-le-colonel-mamady-doumbouya-eleve-a-la-dignite-de-grand-croix-de-lordre-national-du-mali-a-titre-etranger","status":"publish","type":"post","link":"https:\/\/nandi.info\/?p=8829","title":{"rendered":"Distinction : Le colonel Mamady Doumbouya \u00e9lev\u00e9 \u00e0 la dignit\u00e9 de Grand-Croix de l\u2019ordre national du Mali \u00e0 titre \u00e9tranger"},"content":{"rendered":"\n<p><strong>Apr\u00e8s avoir pris part au d\u00e9fil\u00e9 militaire \u00e0 l\u2019occasion de la f\u00eate de l\u2019ind\u00e9pendance, le Pr\u00e9sident de la transition, colonel Assimi Go\u00efta, a \u00e9lev\u00e9 son homologue guin\u00e9en, colonel Mamady Doumbouya, \u00e0 la dignit\u00e9 de Grand-Croix de l\u2019ordre national du Mali \u00e0 titre \u00e9tranger. C\u2019\u00e9tait \u00e0 la suite d\u2019un t\u00eate-\u00e0-t\u00eate entre les deux hommes au palais pr\u00e9sidentiel de Koulouba, le jeudi 22 septembre 2022.<\/strong><\/p>\n\n\n\n<p class=\"has-drop-cap\">Le colonel Asimi Go\u00efta a \u00e9galement remis un sabre \u00e0 son homologue guin\u00e9en. Le sabre symbolise la droiture dans la tradition des officiers. Par ailleurs, les deux personnalit\u00e9s ont assist\u00e9 \u00e0 une projection sur le projet de construction et d\u2019\u00e9quipements d\u2019un complexe hospitalier de quatri\u00e8me r\u00e9f\u00e9rence \u00e0 Bamako. La construction de cet h\u00f4pital a pour but de r\u00e9duire les \u00e9vacuations sanitaires \u00e0 l\u2019\u00e9tranger qui co\u00fbtent des milliards chaque ann\u00e9e. Durant son s\u00e9jour dans la capitale malienne, le Pr\u00e9sident de la transition guin\u00e9enne a eu droit \u00e0 un d\u00eener offert par le colonel Assimi Go\u00efta. C\u2019\u00e9tait en pr\u00e9sence du corps diplomatique accr\u00e9dit\u00e9 au Mali, des pr\u00e9sidents d\u2019institutions et d\u2019autres personnalit\u00e9s. L\u2019animation de ce d\u00eener a \u00e9t\u00e9 assur\u00e9e par l\u2019ensemble instrumental du Mali et par le cheval blanc de la musique malienne, l\u2019artiste chanteur Salif K\u00e9ita et non moins membre du CNT.&nbsp; Au terme de sa visite, le Pr\u00e9sident de la transition guin\u00e9enne a \u00e9t\u00e9 raccompagn\u00e9 par le colonel Assimi Go\u00efta&nbsp; \u00e0 l\u2019a\u00e9roport international pr\u00e9sident Modibo K\u00e9ita de Bamako-Senou. La pr\u00e9sence du colonel Doumbouya aux festivit\u00e9s de l\u2019ind\u00e9pendance du Mali renforce davantage et traduit la volont\u00e9 manifeste des deux pays \u00e0 entretenir des liens forts \u00e0 l\u2019image de feu Pr\u00e9sident S\u00e9kou Tour\u00e9, et de feu Modibo K\u00e9ita.<\/p>\n\n\n\n<p><strong>Sidiki Demb\u00e9l\u00e9<\/strong><\/p>\n\n\n\n<p><\/p>\n","protected":false},"excerpt":{"rendered":"<p>Apr\u00e8s avoir pris part au d\u00e9fil\u00e9 militaire \u00e0 l\u2019occasion de la f\u00eate de l\u2019ind\u00e9pendance, le Pr\u00e9sident de la transition, colonel Assimi Go\u00efta, a \u00e9lev\u00e9 son homologue guin\u00e9en, colonel Mamady Doumbouya,&hellip;<\/p>\n","protected":false},"author":1,"featured_media":8830,"comment_status":"open","ping_status":"closed","sticky":false,"template":"","format":"standard","meta":{"content-type":"","_lmt_disableupdate":"","_lmt_disable":"","_jetpack_memberships_contains_paid_content":false,"footnotes":"","jetpack_publicize_message":"","jetpack_publicize_feature_enabled":true,"jetpack_social_post_already_shared":true,"jetpack_social_options":{"image_generator_settings":{"template":"highway","default_image_id":0,"font":"","enabled":false},"version":2}},"categories":[69,74,21],"tags":[],"class_list":["post-8829","post","type-post","status-publish","format-standard","has-post-thumbnail","hentry","category-le-republicain-mali","category-nation","category-societe"],"jetpack_publicize_connections":[],"featured_image_urls":{"full":"","thumbnail":"","medium":"","medium_large":"","large":"","1536x1536":"","2048x2048":"","penci-recipe-1200x1200":"","penci-recipe-1200x900":"","penci-recipe-1200x675":"","penci-single-full":"","penci-slider-full-thumb":"","penci-full-thumb":"","penci-slider-thumb":"","penci-magazine-slider":"","penci-thumb":"","penci-masonry-thumb":"","penci-thumb-square":"","penci-thumb-vertical":"","penci-thumb-small":""},"author_info":{"display_name":"Nandi","author_link":"https:\/\/nandi.info\/?author=1"},"category_info":"<a href=\"https:\/\/nandi.info\/?cat=69\" rel=\"category\">Le R\u00e9publicain Mali<\/a> <a href=\"https:\/\/nandi.info\/?cat=74\" rel=\"category\">Nation<\/a> <a href=\"https:\/\/nandi.info\/?cat=21\" rel=\"category\">Soci\u00e9t\u00e9<\/a>","tag_info":"Soci\u00e9t\u00e9","comment_count":"0","jetpack_featured_media_url":"","jetpack_sharing_enabled":true,"_links":{"self":[{"href":"https:\/\/nandi.info\/index.php?rest_route=\/wp\/v2\/posts\/8829","targetHints":{"allow":["GET"]}}],"collection":[{"href":"https:\/\/nandi.info\/index.php?rest_route=\/wp\/v2\/posts"}],"about":[{"href":"https:\/\/nandi.info\/index.php?rest_route=\/wp\/v2\/types\/post"}],"author":[{"embeddable":true,"href":"https:\/\/nandi.info\/index.php?rest_route=\/wp\/v2\/users\/1"}],"replies":[{"embeddable":true,"href":"https:\/\/nandi.info\/index.php?rest_route=%2Fwp%2Fv2%2Fcomments&post=8829"}],"version-history":[{"count":0,"href":"https:\/\/nandi.info\/index.php?rest_route=\/wp\/v2\/posts\/8829\/revisions"}],"wp:featuredmedia":[{"embeddable":true,"href":"https:\/\/nandi.info\/index.php?rest_route=\/"}],"wp:attachment":[{"href":"https:\/\/nandi.info\/index.php?rest_route=%2Fwp%2Fv2%2Fmedia&parent=8829"}],"wp:term":[{"taxonomy":"category","embeddable":true,"href":"https:\/\/nandi.info\/index.php?rest_route=%2Fwp%2Fv2%2Fcategories&post=8829"},{"taxonomy":"post_tag","embeddable":true,"href":"https:\/\/nandi.info\/index.php?rest_route=%2Fwp%2Fv2%2Ftags&post=8829"}],"curies":[{"name":"wp","href":"https:\/\/api.w.org\/{rel}","templated":true}]}}