{"id":8806,"date":"2022-09-26T12:07:00","date_gmt":"2022-09-26T10:07:00","guid":{"rendered":"https:\/\/nandi.info\/?p=8806"},"modified":"2022-09-26T12:07:00","modified_gmt":"2022-09-26T10:07:00","slug":"edito-les-autorites-de-la-transition-se-trompent-elles-de-priorites","status":"publish","type":"post","link":"https:\/\/nandi.info\/?p=8806","title":{"rendered":"<strong>Edito&nbsp;: Les autorit\u00e9s de la transition se trompent-elles de priorit\u00e9s&nbsp;?<\/strong>"},"content":{"rendered":"\n<p class=\"has-drop-cap\">A 17 mois de la fin de la transition et face \u00e0 l\u2019immensit\u00e9, voir la complexit\u00e9 des d\u00e9fis \u00e0 relever, les autorit\u00e9s de la transition malienne, au lieu de s\u2019atteler \u00e0 la r\u00e9solution des diff\u00e9rentes pr\u00e9occupations, ne trouveront rien d\u2019autre que de multiplier les fronts, en rel\u00e9guant au second plan les priorit\u00e9s. Il y a d\u2019abord la plainte contre la France au Conseil de s\u00e9curit\u00e9 des Nations Unies, ensuite une crise politico-diplomatique avec la C\u00f4te d\u2019Ivoire au sujet des 49-3 soldats, qualifi\u00e9s de mercenaires et qui sont inculp\u00e9s et mis aux arr\u00eats. Et pour ne rien arranger une mise en garde a \u00e9t\u00e9 faite \u00e0 la CEDEAO au cas o\u00f9 l\u2018organisation sous r\u00e9gionale se laisserait manipul\u00e9e par le Pr\u00e9sident ivoirien Alassane Ouattara. Comme si ces fronts ne suffisaient pas, les partisans des autorit\u00e9s de la transition demandent le d\u00e9part de la MINUSMA du Mali. Comment un pays qui cherche sa voie et qui est embourb\u00e9 dans une crise multidimensionnelle gravissime peut-il se brouiller avec ses voisins imm\u00e9diats et avec presque tout le monde&nbsp;? Comment une transition dont la dur\u00e9e est connue et qui aurait d\u2019\u00e9normes t\u00e2ches \u00e0 accomplir pourrait-elle se donner le luxe d\u2019\u00e9parpiller ses efforts en rel\u00e9guant au second plan les trois grandes priorit\u00e9s de l\u2019heure, \u00e0 savoir la lutte contre l\u2019ins\u00e9curit\u00e9, l\u2019am\u00e9lioration des conditions de vie des maliens et enfin les r\u00e9formes politiques et institutionnelles permettant d\u2019organiser des \u00e9lections inclusives, transparentes et cr\u00e9dibles pour un retour \u00e0 l\u2019ordre constitutionnel.<\/p>\n\n\n\n<p>En tout cas si tant est que les autorit\u00e9s de la transition ont la volont\u00e9 de rendre le pouvoir \u00e0 un Pr\u00e9sident d\u00e9mocratiquement \u00e9lu en mars 2024, elles doivent \u00e9teindre certains fronts pour ne s\u2019occuper que de ces trois priorit\u00e9s qui sont largement costaud pour le peu de temps qui reste. Il ne fait l\u2019ombre d\u2019aucun doute que le premier front le plus br\u00fblant aujourd\u2019hui est celui de l\u2019ins\u00e9curit\u00e9. Si nous devrions reconnaitre certaines prouesses importantes de l\u2019arm\u00e9e sur les terroristes que d\u2019aucuns qualifient de v\u00e9ritable mont\u00e9e en puissance des FAMa, force est de constater que le front s\u00e9curitaire est loin d\u2019\u00eatre apais\u00e9, pour ne pas dire qu\u2019il s\u2019exacerbe au nord et au centre avec des crimes odieux commis par les terroristes. Le second front le plus br\u00fblant est incontestablement le front social. De m\u00e9moire d\u2019homme les prix des denr\u00e9es de premi\u00e8re n\u00e9cessit\u00e9 n\u2019ont jamais connu une telle hausse au Mali. Tout est tr\u00e8s cher au Mali s\u2019esclaffe une m\u00e9nag\u00e8re. A-t-on besoin de rappeler que la crise sociale est la m\u00e8re de toutes les autres crises&nbsp;? Les autorit\u00e9s doivent prendre \u00e0 bras le corps cette \u00e9pineuse question sociale afin de soulager la mis\u00e8re d\u2019une tr\u00e8s grande frange du peuple malien qui broie aujourd\u2019hui du noir. Le troisi\u00e8me front est celui des r\u00e9formes institutionnelles et constitutionnelles.<\/p>\n\n\n\n<p>Ces r\u00e9formes ont v\u00e9ritablement du plomb dans l\u2019aile, car l\u2019Autorit\u00e9 Ind\u00e9pendante de Gestion des Elections, AIGE qui aurait d\u00fb \u00eatre l\u2019organe miroir devant attirer les autres, a \u00e9t\u00e9 mal con\u00e7ue et ne pr\u00e9sage pas d\u2019un lendemain tranquille apr\u00e8s les \u00e9lections. Donc la crise pr\u00e9 et post\u00e9lectorale est loin d\u2019\u00eatre \u00e9cart\u00e9e. Que dire de la r\u00e9daction non consensuelle d\u2019une nouvelle Constitution&nbsp;? La classe politique bien que discr\u00e9dit\u00e9e, n\u2019aura pas d\u2019autre choix que de se mobiliser pour constituer une sorte de rempart, voire une sentinelle vigilante contre les fossoyeurs des pr\u00e9cieux acquis d\u00e9mocratiques. Du collectif d\u2019anciens d\u00e9put\u00e9s, au cadre de concertation des partis politiques en passant par Espoir Djiguiya Koura, la dolosive classe politique semble d\u00e9sormais \u00eatre vent d\u00e9bout et veut se v\u00eatir du manteau de la r\u00e9sistance contre cette vell\u00e9it\u00e9 de falsification et de r\u00e9\u00e9criture de l\u2019histoire r\u00e9cente du Mali. L\u2019on peut affirmer sans risque de se tromper que les jours voire les semaines \u00e0 venir seront palpitants pour les autorit\u00e9s de la transition. Donc qu\u2019elles se tournent vers les 3 grandes priorit\u00e9s.<\/p>\n\n\n\n<p><strong>Youssouf Sissoko<\/strong><\/p>\n","protected":false},"excerpt":{"rendered":"<p>A 17 mois de la fin de la transition et face \u00e0 l\u2019immensit\u00e9, voir la complexit\u00e9 des d\u00e9fis \u00e0 relever, les autorit\u00e9s de la transition malienne, au lieu de s\u2019atteler&hellip;<\/p>\n","protected":false},"author":1,"featured_media":4856,"comment_status":"open","ping_status":"closed","sticky":false,"template":"","format":"standard","meta":{"content-type":"","_lmt_disableupdate":"","_lmt_disable":"","_jetpack_memberships_contains_paid_content":false,"footnotes":"","jetpack_publicize_message":"","jetpack_publicize_feature_enabled":true,"jetpack_social_post_already_shared":true,"jetpack_social_options":{"image_generator_settings":{"template":"highway","default_image_id":0,"font":"","enabled":false},"version":2}},"categories":[34,68],"tags":[],"class_list":["post-8806","post","type-post","status-publish","format-standard","has-post-thumbnail","hentry","category-editorial","category-lalternance"],"jetpack_publicize_connections":[],"featured_image_urls":{"full":["https:\/\/nandi.info\/wp-content\/uploads\/2022\/04\/Youssouf-Sissoko-dirpub.jpg",480,640,false],"thumbnail":["https:\/\/nandi.info\/wp-content\/uploads\/2022\/04\/Youssouf-Sissoko-dirpub-150x150.jpg",150,150,true],"medium":["https:\/\/nandi.info\/wp-content\/uploads\/2022\/04\/Youssouf-Sissoko-dirpub-225x300.jpg",225,300,true],"medium_large":["https:\/\/nandi.info\/wp-content\/uploads\/2022\/04\/Youssouf-Sissoko-dirpub.jpg",480,640,false],"large":["https:\/\/nandi.info\/wp-content\/uploads\/2022\/04\/Youssouf-Sissoko-dirpub.jpg",480,640,false],"1536x1536":["https:\/\/nandi.info\/wp-content\/uploads\/2022\/04\/Youssouf-Sissoko-dirpub.jpg",480,640,false],"2048x2048":["https:\/\/nandi.info\/wp-content\/uploads\/2022\/04\/Youssouf-Sissoko-dirpub.jpg",480,640,false],"penci-recipe-1200x1200":["https:\/\/nandi.info\/wp-content\/uploads\/2022\/04\/Youssouf-Sissoko-dirpub.jpg",480,640,false],"penci-recipe-1200x900":["https:\/\/nandi.info\/wp-content\/uploads\/2022\/04\/Youssouf-Sissoko-dirpub.jpg",480,640,false],"penci-recipe-1200x675":["https:\/\/nandi.info\/wp-content\/uploads\/2022\/04\/Youssouf-Sissoko-dirpub.jpg",480,640,false],"penci-single-full":["https:\/\/nandi.info\/wp-content\/uploads\/2022\/04\/Youssouf-Sissoko-dirpub.jpg",480,640,false],"penci-slider-full-thumb":["https:\/\/nandi.info\/wp-content\/uploads\/2022\/04\/Youssouf-Sissoko-dirpub.jpg",480,640,false],"penci-full-thumb":["https:\/\/nandi.info\/wp-content\/uploads\/2022\/04\/Youssouf-Sissoko-dirpub.jpg",480,640,false],"penci-slider-thumb":["https:\/\/nandi.info\/wp-content\/uploads\/2022\/04\/Youssouf-Sissoko-dirpub.jpg",480,640,false],"penci-magazine-slider":["https:\/\/nandi.info\/wp-content\/uploads\/2022\/04\/Youssouf-Sissoko-dirpub.jpg",387,516,false],"penci-thumb":["https:\/\/nandi.info\/wp-content\/uploads\/2022\/04\/Youssouf-Sissoko-dirpub.jpg",293,390,false],"penci-masonry-thumb":["https:\/\/nandi.info\/wp-content\/uploads\/2022\/04\/Youssouf-Sissoko-dirpub.jpg",480,640,false],"penci-thumb-square":["https:\/\/nandi.info\/wp-content\/uploads\/2022\/04\/Youssouf-Sissoko-dirpub.jpg",439,585,false],"penci-thumb-vertical":["https:\/\/nandi.info\/wp-content\/uploads\/2022\/04\/Youssouf-Sissoko-dirpub.jpg",480,640,false],"penci-thumb-small":["https:\/\/nandi.info\/wp-content\/uploads\/2022\/04\/Youssouf-Sissoko-dirpub.jpg",131,175,false]},"author_info":{"display_name":"Nandi","author_link":"https:\/\/nandi.info\/?author=1"},"category_info":"<a href=\"https:\/\/nandi.info\/?cat=34\" rel=\"category\">Editorial<\/a> <a href=\"https:\/\/nandi.info\/?cat=68\" rel=\"category\">L'alternance<\/a>","tag_info":"L'alternance","comment_count":"0","jetpack_featured_media_url":"https:\/\/nandi.info\/wp-content\/uploads\/2022\/04\/Youssouf-Sissoko-dirpub.jpg","jetpack_sharing_enabled":true,"_links":{"self":[{"href":"https:\/\/nandi.info\/index.php?rest_route=\/wp\/v2\/posts\/8806","targetHints":{"allow":["GET"]}}],"collection":[{"href":"https:\/\/nandi.info\/index.php?rest_route=\/wp\/v2\/posts"}],"about":[{"href":"https:\/\/nandi.info\/index.php?rest_route=\/wp\/v2\/types\/post"}],"author":[{"embeddable":true,"href":"https:\/\/nandi.info\/index.php?rest_route=\/wp\/v2\/users\/1"}],"replies":[{"embeddable":true,"href":"https:\/\/nandi.info\/index.php?rest_route=%2Fwp%2Fv2%2Fcomments&post=8806"}],"version-history":[{"count":0,"href":"https:\/\/nandi.info\/index.php?rest_route=\/wp\/v2\/posts\/8806\/revisions"}],"wp:featuredmedia":[{"embeddable":true,"href":"https:\/\/nandi.info\/index.php?rest_route=\/wp\/v2\/media\/4856"}],"wp:attachment":[{"href":"https:\/\/nandi.info\/index.php?rest_route=%2Fwp%2Fv2%2Fmedia&parent=8806"}],"wp:term":[{"taxonomy":"category","embeddable":true,"href":"https:\/\/nandi.info\/index.php?rest_route=%2Fwp%2Fv2%2Fcategories&post=8806"},{"taxonomy":"post_tag","embeddable":true,"href":"https:\/\/nandi.info\/index.php?rest_route=%2Fwp%2Fv2%2Ftags&post=8806"}],"curies":[{"name":"wp","href":"https:\/\/api.w.org\/{rel}","templated":true}]}}