{"id":8773,"date":"2022-09-25T15:11:23","date_gmt":"2022-09-25T13:11:23","guid":{"rendered":"https:\/\/nandi.info\/?p=8773"},"modified":"2022-09-25T15:11:23","modified_gmt":"2022-09-25T13:11:23","slug":"mission-detudes-a-lome-la-canam-a-lecole-de-la-cipres","status":"publish","type":"post","link":"https:\/\/nandi.info\/?p=8773","title":{"rendered":"Mission d\u2019\u00e9tudes \u00e0 Lom\u00e9 \u00abLa CANAM \u00e0 l\u2019\u00e9cole de la CIPRES&nbsp;\u00bb"},"content":{"rendered":"\n<p><strong>Une mission de la Caisse Nationale d\u2019Assurance Maladie (CANAM), avec en t\u00eate son Directeur G\u00e9n\u00e9ral, le m\u00e9decin G\u00e9n\u00e9ral de Brigade Boubacar Demb\u00e9l\u00e9 a s\u00e9journ\u00e9 du 19 au 24 septembre 2022 \u00e0 Lom\u00e9. Dans la capitale togolaise, la d\u00e9l\u00e9gation malienne a effectu\u00e9 aupr\u00e8s de la CIPRES (Conf\u00e9rence Interafricaine de Pr\u00e9voyance Sociale) une mission de travail afin nouer un partenaire f\u00e9cond avec cette Institution qui regroupe les Organismes de S\u00e9curit\u00e9 Sociale de 17 pays africains.<\/strong><\/p>\n\n\n\n<p class=\"has-drop-cap\">La CANAM, Organisme en charge de la gestion de l\u2019Assurance Maladie au Mali,&nbsp; membre de la CIPRES, partage nombre de sentiers avec cette Institution. Il s\u2019agit, entre autres de la r\u00e9vision du Plan comptable CIPRES, la mutualisation du syst\u00e8me d\u2019information des organismes de pr\u00e9voyance sociale de la zone CIPRES, le Socle juridique en voie de transposition dans les diff\u00e9rents pays, le dispositif relatif aux normes de placement des fonds de r\u00e9serve, la transmission des donn\u00e9es comptables et financi\u00e8res, l\u2019Appui-Conseil et la Formation.<\/p>\n\n\n\n<p>Le but de la mission \u00e9tait d\u2019\u00e9changer avec le Secr\u00e9tariat Ex\u00e9cutif de la CIPRES sur les points ci-dessus cit\u00e9s et plusieurs autres sujets d\u2019int\u00e9r\u00eats communs. La d\u00e9l\u00e9gation a profit\u00e9 de son s\u00e9jour pour rencontrer les Directions de l\u2019Institut National d\u2019Assurance Maladie (INAM) et de la Caisse Nationale de S\u00e9curit\u00e9 Sociale du Togo (CNSS Togo).<\/p>\n\n\n\n<p>\u00ab C\u2019est un r\u00e9el plaisir pour moi et toute l\u2019\u00e9quipe de la CANAM d\u2019\u00eatre pr\u00e9sente, ce jour, dans les locaux de la CIPRES afin de venir nous impr\u00e9gner du fonctionnement de notre Organisme commun, mais aussi&nbsp; d\u2019\u00e9changer avec vous sur nombre de sentiers que la CANAM partage avec la CIPRES \u00bb, a dit le Directeur G\u00e9n\u00e9ral de la CANAM au cours d\u2019une entrevue avec Mme C\u00e9cile Gernique Djukam Bouba, le Secr\u00e9taire Ex\u00e9cutif de la CIPRES en pr\u00e9sence de plusieurs inspecteurs de l\u2019Institution.<\/p>\n\n\n\n<p>Selon le premier responsable de la CANAM, la pr\u00e9sente mission, une recommandation du Conseil d\u2019Administration, vise \u00e0 nouer un partenariat f\u00e9cond avec la CIPRES \u00ab dont nous saluons ici les innombrables efforts et aides \u00e0 l\u2019endroit de la CANAM et de toutes les autres Caisses de S\u00e9curit\u00e9s Sociales qui figurent dans son giron \u00bb.&nbsp;&nbsp;<\/p>\n\n\n\n<figure class=\"wp-block-image size-large\"><img decoding=\"async\" src=\"https:\/\/nandi.info\/wp-content\/uploads\/2022\/09\/canam-et-Mission-detudes-a-Lome-1-1024x682.jpg\" alt=\"\" class=\"wp-image-8777\"\/><\/figure>\n\n\n\n<p>\u00ab Au nom du pr\u00e9sident du Conseil d\u2019Administration de la CANAM dont je me permets d\u2019\u00eatre le portevoix ici, du personnel de la CANAM, mais aussi du Comit\u00e9 de gestion de la CANAM, nous vous remercions pour l\u2019appui constant que vous nous apporter \u00e0 travers les missions de contr\u00f4le et d\u2019audit, d\u2019appui conseil et de formation \u00bb, a dit le G\u00e9n\u00e9ral de Brigade Demb\u00e9l\u00e9.<\/p>\n\n\n\n<p>Pour le DG de la CANAM, cette mission, en toute modestie, pour les responsables de la CANAM, est celle du donner et du recevoir<\/p>\n\n\n\n<p>\u00ab Nous aurons besoins que vous \u00e9clairez nos lanternes sur certaines pr\u00e9occupations. Nous serons votre \u00e9cole pour mieux conna\u00eetre davantage le fonctionnement de la CIPRES \u00bb, a-t-il souhait\u00e9.<\/p>\n\n\n\n<p>En r\u00e9ponse \u00e0 ces propos, Mme le Secr\u00e9taire Ex\u00e9cutif de la CIPRES, s\u2019est dit tr\u00e8s honor\u00e9e d\u2019accueillir le Directeur G\u00e9n\u00e9ral de la CANAM et son \u00e9quipe dans la \u00ab maison commune CIPRES \u00bb. Selon elle, \u00ab les portes de l\u2019Organisme resterons toujours ouvertes pour toutes les Caisses de l\u2019Organisation \u00bb.<\/p>\n\n\n\n<p>Pour plus d\u2019efficacit\u00e9 dans les \u00e9changes, plusieurs inspecteurs de la CIPRES dont celui charg\u00e9 singuli\u00e8rement de suivre le portefeuille de la CANAM ont \u00e9t\u00e9 mis \u00e0 la disposition de la d\u00e9l\u00e9gation malienne. Nombres de pr\u00e9occupations relatives, entres autres \u00e0 la r\u00e9vision du Plan Comptable, la Mutualisation du Syst\u00e8me d\u2019Information, le Socle juridique, la transmissions des donn\u00e9es comptables et financi\u00e8res, les tableaux de bord actuarielle, les missions de contr\u00f4le et d\u2019inspection, la d\u00e9l\u00e9gation de gestion entre la CANAM et les OGD (Organisme Gestionnaire D\u00e9l\u00e9gu\u00e9, INPS et CMSS) ont \u00e9t\u00e9 soulev\u00e9es par la CANAM.<\/p>\n\n\n\n<p>Sur l\u2019\u00e9tat des d\u2019ex\u00e9cution des recommandations et le point de leurs mises en \u0153uvre, Mme&nbsp; le Secr\u00e9taire Ex\u00e9cutif de la CIPRES a salu\u00e9 les efforts faits par la CANAM. \u00ab Nous sommes en train de faire le Classement des OPS (Organismes de Pr\u00e9voyances Sociales). Dans ce domaine, la CANAM est parmi les premi\u00e8res. F\u00e9licitation Monsieur le Directeur G\u00e9n\u00e9ral \u00bb.<\/p>\n\n\n\n<figure class=\"wp-block-image size-large\"><img decoding=\"async\" src=\"https:\/\/nandi.info\/wp-content\/uploads\/2022\/09\/canam-et-Mission-detudes-a-Lome-4-1024x682.jpg\" alt=\"\" class=\"wp-image-8780\"\/><\/figure>\n\n\n\n<p>\u00ab Nous avons \u00e9galement appris de vous sur plusieurs domaines. Je salue la CANAM pour avoir mis en service le Progiciel Activ Premium. Nous saluons les avanc\u00e9es dans votre gestion \u00bb, a encore dit Mme C\u00e9cile Gernique Djukam Bouba, non sans appr\u00e9cier le partage d\u2019exp\u00e9rience de la CANAM avec ses homologues de l\u2019Institut National d\u2019Assurance Maladie (INAM) et de la Caisse Nationale de S\u00e9curit\u00e9 Sociale du Togo (CNSS Togo).<\/p>\n\n\n\n<p>A l\u2019INAM o\u00f9 la d\u00e9l\u00e9gation malienne a \u00e9t\u00e9 re\u00e7ue par la Directrice G\u00e9n\u00e9rale, Mme Myriam DOSSOU d\u2019Almeida, les \u00e9changes ont port\u00e9 sur l\u2019AMU (Assurance Maladie Universelle) en passe d\u2019\u00eatre mise en place au TOGO comme c\u2019est le cas avec le RAMU (R\u00e9gime d\u2019Assurance Maladie Universelle) dont la gestion a \u00e9t\u00e9 confi\u00e9e \u00e0 la CANAM \u00e0 travers une LOI.<\/p>\n\n\n\n<p>La Directrice G\u00e9n\u00e9rale de l\u2019INAM, par ailleurs ministre du D\u00e9veloppement \u00e0 la base, de la Jeunesse et de l\u2019Emploi des jeunes depuis Octobre 2020, a \u00e9galement \u00e9voqu\u00e9 avec l\u2019\u00e9quipe de la CANAM des difficult\u00e9s inh\u00e9rentes au fonctionnement du Progiciel ACTIV PREMIUM mis en service \u00e0 l\u2019INAM tout comme \u00e0 la CANAM. Les DSI (Directeur du Syst\u00e8me d\u2019Information) des deux Caisses \u00e9changeront par visio-conf\u00e9rence autour de ces questions.<\/p>\n\n\n\n<p>Il a \u00e9t\u00e9 aussi questions de la liste des m\u00e9dicaments (4000 \u00e0 la l\u2019INAM) et la prescription rationnelle. \u00ab Chez nous, aucun m\u00e9decin n\u2019est autoris\u00e9 \u00e0 prescrire plus de trois (3) m\u00e9dicaments sur une ordonnance \u00bb, a pr\u00e9cis\u00e9 Mme le ministre.<\/p>\n\n\n\n<p>A la CNSS, qui g\u00e8re l\u2019ensemble des risques couverts dont les prestations familiales et les pensions, Mme le Directeur G\u00e9n\u00e9ral Ingrid AWADE a souhait\u00e9&nbsp; le be to be (face \u00e0 face) entre les techniciens des deux caisses.<\/p>\n\n\n\n<p>Le Bios\u00e9cu, une application web de reconnaissance faciale pour ses op\u00e9rations de contr\u00f4le de vie, a \u00e9merveill\u00e9 la CANAM. Le syst\u00e8me consiste \u00e0 v\u00e9rifier l\u2019existence physique des b\u00e9n\u00e9ficiaires de droits (pensionn\u00e9s et rentiers). Tous les b\u00e9n\u00e9ficiaires de pensions ou rentes sont appel\u00e9s \u00e0 effectuer leur op\u00e9ration de contr\u00f4le de vie, sans se d\u00e9placer, depuis n\u2019importe quel endroit, gr\u00e2ce \u00e0 la technologie de reconnaissance faciale, \u00e0 travers le t\u00e9l\u00e9phone.<\/p>\n\n\n\n<p>\u00ab La reconnaissance faciale nous permet de confirmer que votre visage correspond parfaitement aux informations biom\u00e9triques d\u00e9tenues par la CNSS Togo. Nous avons des d\u00e9veloppeurs \u00e0 l\u2019interne. Nous faisons tout nous-m\u00eames \u00bb, indique le DSI de l&rsquo;institution de s\u00e9curit\u00e9 sociale.&nbsp;<\/p>\n\n\n\n<p>\u00ab La CANAM peut bel et bien impl\u00e9menter une telle solution pour contr\u00f4ler nos assur\u00e9s \u00bb, souffle un membre de la d\u00e9l\u00e9gation malienne.<\/p>\n\n\n\n<p>Le Directeur G\u00e9n\u00e9ral de la CANAM \u00e9tait accompagn\u00e9 de l\u2019Agent Comptable, Pierre Traor\u00e9, du Point Focal de la CIPRES, le Conseiller Technique Ibrahim GUINDO, du Directeur de l\u2019Administration et de la Gestion des Ressources Humaines, Mamadi Coulibaly, du Directeur du Syst\u00e8me d\u2019Information, Amadou Coulibaly et du chef Service Actuariat et Gestion Strat\u00e9gique, Seydina Oumarou Ha\u00efdara.<\/p>\n\n\n\n<p>La CIPRES compte actuellement 17 \u00e9tats membres : le B\u00e9nin, le Burkina Faso, le Cameroun, le Centrafrique, l\u2019Union des Comores, le Congo-Brazzaville, la C\u00f4te d\u2019Ivoire, le Gabon, la Guin\u00e9e Bissau, la Guin\u00e9e Equatoriale, le Madagascar, Mali, le Niger, la R\u00e9publique D\u00e9mocratique du Congo, le S\u00e9n\u00e9gal, le Tchad et le Togo.<\/p>\n\n\n\n<p>Elle a pour missions de fixer les r\u00e8gles communes de gestion, instituer un contr\u00f4le de la gestion des OPS, r\u00e9aliser des \u00e9tudes et \u00e9laborer des propositions visant \u00e0 l\u2019harmonisation des dispositions l\u00e9gislatives et r\u00e9glementaires.<\/p>\n\n\n\n<p><strong>SERCOM\/CANAM<\/strong><\/p>\n","protected":false},"excerpt":{"rendered":"<p>Une mission de la Caisse Nationale d\u2019Assurance Maladie (CANAM), avec en t\u00eate son Directeur G\u00e9n\u00e9ral, le m\u00e9decin G\u00e9n\u00e9ral de Brigade Boubacar Demb\u00e9l\u00e9 a s\u00e9journ\u00e9 du 19 au 24 septembre 2022&hellip;<\/p>\n","protected":false},"author":1,"featured_media":8776,"comment_status":"open","ping_status":"closed","sticky":false,"template":"","format":"standard","meta":{"content-type":"","_lmt_disableupdate":"","_lmt_disable":"","_jetpack_memberships_contains_paid_content":false,"footnotes":"","jetpack_publicize_message":"","jetpack_publicize_feature_enabled":true,"jetpack_social_post_already_shared":true,"jetpack_social_options":{"image_generator_settings":{"template":"highway","default_image_id":0,"font":"","enabled":false},"version":2}},"categories":[43,92,21],"tags":[],"class_list":["post-8773","post","type-post","status-publish","format-standard","has-post-thumbnail","hentry","category-nandi-info","category-slider","category-societe"],"jetpack_publicize_connections":[],"featured_image_urls":{"full":"","thumbnail":"","medium":"","medium_large":"","large":"","1536x1536":"","2048x2048":"","penci-recipe-1200x1200":"","penci-recipe-1200x900":"","penci-recipe-1200x675":"","penci-single-full":"","penci-slider-full-thumb":"","penci-full-thumb":"","penci-slider-thumb":"","penci-magazine-slider":"","penci-thumb":"","penci-masonry-thumb":"","penci-thumb-square":"","penci-thumb-vertical":"","penci-thumb-small":""},"author_info":{"display_name":"Nandi","author_link":"https:\/\/nandi.info\/?author=1"},"category_info":"<a href=\"https:\/\/nandi.info\/?cat=43\" rel=\"category\">Nandi.info<\/a> <a href=\"https:\/\/nandi.info\/?cat=92\" rel=\"category\">Slider<\/a> <a href=\"https:\/\/nandi.info\/?cat=21\" rel=\"category\">Soci\u00e9t\u00e9<\/a>","tag_info":"Soci\u00e9t\u00e9","comment_count":"0","jetpack_featured_media_url":"","jetpack_sharing_enabled":true,"_links":{"self":[{"href":"https:\/\/nandi.info\/index.php?rest_route=\/wp\/v2\/posts\/8773","targetHints":{"allow":["GET"]}}],"collection":[{"href":"https:\/\/nandi.info\/index.php?rest_route=\/wp\/v2\/posts"}],"about":[{"href":"https:\/\/nandi.info\/index.php?rest_route=\/wp\/v2\/types\/post"}],"author":[{"embeddable":true,"href":"https:\/\/nandi.info\/index.php?rest_route=\/wp\/v2\/users\/1"}],"replies":[{"embeddable":true,"href":"https:\/\/nandi.info\/index.php?rest_route=%2Fwp%2Fv2%2Fcomments&post=8773"}],"version-history":[{"count":0,"href":"https:\/\/nandi.info\/index.php?rest_route=\/wp\/v2\/posts\/8773\/revisions"}],"wp:featuredmedia":[{"embeddable":true,"href":"https:\/\/nandi.info\/index.php?rest_route=\/"}],"wp:attachment":[{"href":"https:\/\/nandi.info\/index.php?rest_route=%2Fwp%2Fv2%2Fmedia&parent=8773"}],"wp:term":[{"taxonomy":"category","embeddable":true,"href":"https:\/\/nandi.info\/index.php?rest_route=%2Fwp%2Fv2%2Fcategories&post=8773"},{"taxonomy":"post_tag","embeddable":true,"href":"https:\/\/nandi.info\/index.php?rest_route=%2Fwp%2Fv2%2Ftags&post=8773"}],"curies":[{"name":"wp","href":"https:\/\/api.w.org\/{rel}","templated":true}]}}