{"id":8767,"date":"2022-09-22T16:17:22","date_gmt":"2022-09-22T14:17:22","guid":{"rendered":"https:\/\/nandi.info\/?p=8767"},"modified":"2022-09-22T16:17:22","modified_gmt":"2022-09-22T14:17:22","slug":"me-mountaga-tall-au-sujet-de-la-plainte-du-mali-cest-aussi-lhonneur-de-la-france-que-daccepter-un-debat","status":"publish","type":"post","link":"https:\/\/nandi.info\/?p=8767","title":{"rendered":"Me Mountaga Tall au sujet de la plainte du Mali : \u00ab C\u2019est aussi l\u2019honneur de la France que d\u2019accepter un d\u00e9bat\u2026\u00bb"},"content":{"rendered":"\n<p><strong>Face \u00e0 la presse hier \u00e0 la Maison de la Presse, le mouvement h\u00e9t\u00e9roclite s\u2019est prononc\u00e9 sur les sujets br\u00fblants de l\u2019actualit\u00e9, notamment la saisine du Conseil de s\u00e9curit\u00e9 de l\u2019Organisation des Nations Unies (ONU) par le Mali d\u2019une plainte contre la France, le dossier des mercenaires ivoiriens en d\u00e9tention ici au Mali et la perspective d\u2019un sommet de la Cedeao \u00e0 New York, aux \u00c9tats-Unis d\u2019Am\u00e9rique. Le mouvement dont est issu le Premier ministre Choguel Kokalla Ma\u00efga a exprim\u00e9 tout son soutien \u00e0 la d\u00e9marche des autorit\u00e9s maliennes.<\/strong><\/p>\n\n\n\n<p class=\"has-drop-cap\">Soutien ferme du mouvement h\u00e9t\u00e9roclite&nbsp; aux autorit\u00e9s de la transition. Cela, non seulement dans le dossier de la saisine du Conseil de s\u00e9curit\u00e9 de l\u2019Organisation des Nations Unies (ONU) par le Mali d\u2019une plainte contre la France, mais aussi dans le dossier des mercenaires ivoiriens et la perspective d\u2019un sommet de la Cedeao \u00e0 New York, aux \u00c9tats-Unis d\u2019Am\u00e9rique. C\u2019est en tout cas ce qui est ressorti du point de presse du M5, hier.<\/p>\n\n\n\n<p><strong>Le M5 r\u00e9clame l\u2019inscription de la plainte du Mali dans l\u2019ordre du jour du Conseil de s\u00e9curit\u00e9 de l\u2019ONU<\/strong><\/p>\n\n\n\n<p>D\u2019abord, parlant du dossier de la plainte contre la France, Me Mountaga Tall revient sur les accusations du Mali contre la France de Macron. Ce pays dit ami du Mali est accus\u00e9&nbsp;&nbsp;<em>\u00ab des violations r\u00e9p\u00e9titives et fr\u00e9quentes de l\u2019espace a\u00e9rien par les forces fran\u00e7aises qui y font voler des drones, des h\u00e9licopt\u00e8res militaires et des avions de chasse sans autorisation des autorit\u00e9s maliennes \u2026 S\u2019y ajoutent des cas de falsifications de documents de vol, des cas d\u2019atterrissage d\u2019h\u00e9licopt\u00e8res dans des localit\u00e9s hors a\u00e9rodrome, d\u2019extinction de transpondeurs \u2026 \u00bb<\/em>&nbsp;.<\/p>\n\n\n\n<p>A croire Me Mountaga Tall, ces graves accusations ont toutes \u00e9t\u00e9 document\u00e9es et \u00ab un tableau listant les incidents a\u00e9riens depuis l\u2019annonce du retrait de Barkhane \u00bb a \u00e9t\u00e9 remis au Conseil de s\u00e9curit\u00e9.<\/p>\n\n\n\n<p>Ce que d\u00e9plore le M5-RFP,&nbsp; c\u2019est que depuis la saisine officielle du Conseil de s\u00e9curit\u00e9, la plainte du Mali n\u2019a connu aucune \u00e9volution significative.&nbsp;<em>\u00ab&nbsp;Face \u00e0 de telles accusations qui constituent, au sens du Droit international, une agression contre le Mali, le Conseil de s\u00e9curit\u00e9 ne peut, ne doit accepter que des entraves soient pos\u00e9es \u00e0 l\u2019examen de faits aussi graves que circonstanci\u00e9s. Il est important que l\u2019organe des Nations Unies en charge de la pr\u00e9servation de la paix connaisse des accusations formul\u00e9es et ouvre un d\u00e9bat \u00e0 leur sujet&nbsp;\u00bb,<\/em>&nbsp;a laiss\u00e9 entendre le M5-RFP.<\/p>\n\n\n\n<p>A ce niveau, le mouvement h\u00e9t\u00e9roclite demande \u00e0 ce que&nbsp; la plainte du Mali contre la France soit inscrite, sans d\u00e9lai, \u00e0 l\u2019ordre du jour de la plus prochaine s\u00e9ance du Conseil de s\u00e9curit\u00e9.&nbsp;<em>\u00ab&nbsp;Le traitement impartial ou non de ce dossier engage la cr\u00e9dibilit\u00e9 de l\u2019Organisation des Nations Unies qui ne doit pas faire de traitement diff\u00e9renci\u00e9 entre les grandes puissances et les autres \u00c9tats membres ou prot\u00e9ger un \u00c9tat agresseur. C\u2019est aussi l\u2019honneur de la France que d\u2019accepter un d\u00e9bat qui devrait l\u2019amener, soit \u00e0 se disculper, soit \u00e0 demander pardon&nbsp;\u00bb,<\/em>&nbsp;a d\u00e9clar\u00e9 Me Mountaga Tall.<\/p>\n\n\n\n<p>Pour ce mouvement de soutien \u00e0 la transition, le&nbsp; d\u00e9bat Mali -France est d\u00e9j\u00e0 en cours partout au monde, sauf au sein du Conseil de s\u00e9curit\u00e9 des Nations Unies. Ce que le Mali demande, selon Me Tall, c\u2019est la v\u00e9rit\u00e9, rien que la v\u00e9rit\u00e9 mais toute la v\u00e9rit\u00e9 !&nbsp;<em>\u00ab&nbsp;Cette v\u00e9rit\u00e9 qui, aujourd\u2019hui, fait peur&nbsp;\u00bb,<\/em>&nbsp;dit-il.<\/p>\n\n\n\n<p>Aussi, le M5 s\u2019est plaint, au cours de son point de presse, de l\u2019attitude du secr\u00e9taire g\u00e9n\u00e9ral des Nations Unies.&nbsp;<em>\u00ab&nbsp;N\u2019est-il pas indicatif \u00e0 cet \u00e9gard que l\u2019interview accord\u00e9e par le Secr\u00e9taire g\u00e9n\u00e9ral des Nations Unies \u2013 Antonio Guterres lui \u2013 m\u00eame \u00e0 des m\u00e9dias publics fran\u00e7ais ait fait l\u2019impasse sur cette saisine pourtant actuelle et importante, mais qui pourrait b\u00e2illonner le Mali lors de sa prise de parole \u00e0 l\u2019Assembl\u00e9e g\u00e9n\u00e9rale des Nations Unies qui s\u2019ouvre aujourd\u2019hui ?&nbsp;\u00bb<\/em>&nbsp;se pose-t-il la question avant d\u2019ajouter&nbsp;: \u00ab&nbsp;le Mali parlera, le Mali prouvera, le monde saura !&nbsp;\u00bb.<\/p>\n\n\n\n<p><strong>La col\u00e8re du Mali face \u00e0 l\u2019indiff\u00e9rence de la Cedeao<\/strong><\/p>\n\n\n\n<p>La Cedeao a-t-elle toujours des dents contre le Mali&nbsp;? Son attitude le prouve. C\u2019est d\u2019ailleurs pourquoi le M5 a d\u00e9nonc\u00e9 son indiff\u00e9rence dans la plainte du Mali contre le Mali.&nbsp;<em>\u00ab&nbsp;La Cedeao, officiellement saisie par le Mali qui devrait porter et soutenir ce dossier, observe malheureusement un silence assourdissant alors qu\u2019\u00e0 l\u2019inverse, elle envisage de tenir un sommet \u00e0 New York sur le dossier des 46 mercenaires ivoiriens d\u00e9tenus au Mali&nbsp;\u00bb,<\/em>&nbsp;a indiqu\u00e9 le mouvement h\u00e9t\u00e9roclite. Aussi, le M5 a d\u00e9nonc\u00e9 la volont\u00e9 des chefs d\u2019\u00c9tat de la Cedeao de tenir un sommet de la zone communautaire. Il a d\u2019ailleurs invit\u00e9 l\u2019organisation commune<em>&nbsp;\u00ab&nbsp;\u00e0 ne pas insulter ses ressortissants, \u00e0 se ressaisir. Le sommet envisag\u00e9 devrait porter principalement sur le dossier des mercenaires ivoiriens en d\u00e9tention au Mali \u2026 en l\u2019absence du Mali&nbsp;<\/em>\u00bb.<\/p>\n\n\n\n<p><strong>Le message aux autorit\u00e9s ivoiriennes<\/strong><\/p>\n\n\n\n<p>La C\u00f4te d\u2019Ivoire a d\u00e9cid\u00e9 de saisir la Cedeao pour un sommet extraordinaire de la Cedeao en rapport avec les militaires en d\u00e9tention au Mali. Une saisine rejet\u00e9e par le Mali. Le M5-RFP s\u2019est aussi prononc\u00e9 sur ce dossier.<\/p>\n\n\n\n<p>Aux dires de Mountaga Tall, l\u2019unique cadre de r\u00e8glement politique du dossier reste la m\u00e9diation de la R\u00e9publique togolaise accept\u00e9e aussi bien par le Mali que par la C\u00f4te d\u2019Ivoire.&nbsp;<em>\u00ab&nbsp;Dans ce contexte, il ne sert \u00e0 rien de \u00ab tenter de noyer le poisson \u00bb en tirant une phrase l\u00e9gitime et juste du pr\u00e9sident de la Transition du Mali de son contexte pour en faire un \u00e9pouvantail voire un repoussoir&nbsp;\u00bb,<\/em>&nbsp;a affirm\u00e9 le mouvement du Premier ministre Choguel Ma\u00efga.<\/p>\n\n\n\n<p>Aussi, le M5 trouve \u00ab&nbsp;inimaginable que la Cedeao maintienne le Mali suspendu de ses instances et organise un proc\u00e8s \u00bb en son absence et en violation flagrante de toutes les r\u00e8gles d\u2019\u00e9quit\u00e9 et de justice.&nbsp;<em>\u00ab&nbsp;Cette instrumentalisation de la Cedeao autorise l\u00e9gitimement le Mali \u00e0 n\u2019\u00eatre nullement concern\u00e9 par la proc\u00e9dure devant l\u2019instance communautaire \u00bb<\/em>,&nbsp; a martel\u00e9 Me Tall qui estime que le dossier des militaires ne peut-\u00eatre que bilat\u00e9ral et la Cedeao n\u2019a rien \u00e0 y voir ou \u00e0 y faire.<\/p>\n\n\n\n<p>Aux autorit\u00e9s ivoiriennes, le M5 a adress\u00e9 des conseils pr\u00e9cieux.&nbsp;<em>\u00abA l\u2019inverse, le temps est venu pour un r\u00e8glement d\u00e9finitif de ce dossier dans l\u2019int\u00e9r\u00eat de tous, de sortir des d\u00e9nis, des ultimatums, des d\u00e9clarations va \u2013 t\u2019en guerre et des postures guerri\u00e8res. Il ne reste plus aux autorit\u00e9s ivoiriennes qu\u2019\u00e0&nbsp; faire amende honorable dans le cadre de la m\u00e9diation togolaise en se souvenant que les peuples malien et ivoirien sont des fr\u00e8res unis par des liens vari\u00e9s et multis\u00e9culaires&nbsp;\u00bb,&nbsp;<\/em>a conclu le M5.<\/p>\n\n\n\n<p>Par ailleurs, le M5-RFP s\u2019est r\u00e9joui de l\u2019am\u00e9lioration de l\u2019\u00e9tat de sant\u00e9 du Premier ministre Choguel Kokalla Ma\u00efga.<\/p>\n\n\n\n<p><strong>Boureima Guindo<\/strong><\/p>\n","protected":false},"excerpt":{"rendered":"<p>Face \u00e0 la presse hier \u00e0 la Maison de la Presse, le mouvement h\u00e9t\u00e9roclite s\u2019est prononc\u00e9 sur les sujets br\u00fblants de l\u2019actualit\u00e9, notamment la saisine du Conseil de s\u00e9curit\u00e9 de&hellip;<\/p>\n","protected":false},"author":1,"featured_media":8768,"comment_status":"open","ping_status":"closed","sticky":false,"template":"","format":"standard","meta":{"content-type":"","_lmt_disableupdate":"","_lmt_disable":"","_jetpack_memberships_contains_paid_content":false,"footnotes":"","jetpack_publicize_message":"","jetpack_publicize_feature_enabled":true,"jetpack_social_post_already_shared":true,"jetpack_social_options":{"image_generator_settings":{"template":"highway","default_image_id":0,"font":"","enabled":false},"version":2}},"categories":[71,23],"tags":[],"class_list":["post-8767","post","type-post","status-publish","format-standard","has-post-thumbnail","hentry","category-le-pays","category-politique"],"jetpack_publicize_connections":[],"featured_image_urls":{"full":"","thumbnail":"","medium":"","medium_large":"","large":"","1536x1536":"","2048x2048":"","penci-recipe-1200x1200":"","penci-recipe-1200x900":"","penci-recipe-1200x675":"","penci-single-full":"","penci-slider-full-thumb":"","penci-full-thumb":"","penci-slider-thumb":"","penci-magazine-slider":"","penci-thumb":"","penci-masonry-thumb":"","penci-thumb-square":"","penci-thumb-vertical":"","penci-thumb-small":""},"author_info":{"display_name":"Nandi","author_link":"https:\/\/nandi.info\/?author=1"},"category_info":"<a href=\"https:\/\/nandi.info\/?cat=71\" rel=\"category\">Le Pays<\/a> <a href=\"https:\/\/nandi.info\/?cat=23\" rel=\"category\">Politique<\/a>","tag_info":"Politique","comment_count":"0","jetpack_featured_media_url":"","jetpack_sharing_enabled":true,"_links":{"self":[{"href":"https:\/\/nandi.info\/index.php?rest_route=\/wp\/v2\/posts\/8767","targetHints":{"allow":["GET"]}}],"collection":[{"href":"https:\/\/nandi.info\/index.php?rest_route=\/wp\/v2\/posts"}],"about":[{"href":"https:\/\/nandi.info\/index.php?rest_route=\/wp\/v2\/types\/post"}],"author":[{"embeddable":true,"href":"https:\/\/nandi.info\/index.php?rest_route=\/wp\/v2\/users\/1"}],"replies":[{"embeddable":true,"href":"https:\/\/nandi.info\/index.php?rest_route=%2Fwp%2Fv2%2Fcomments&post=8767"}],"version-history":[{"count":0,"href":"https:\/\/nandi.info\/index.php?rest_route=\/wp\/v2\/posts\/8767\/revisions"}],"wp:featuredmedia":[{"embeddable":true,"href":"https:\/\/nandi.info\/index.php?rest_route=\/"}],"wp:attachment":[{"href":"https:\/\/nandi.info\/index.php?rest_route=%2Fwp%2Fv2%2Fmedia&parent=8767"}],"wp:term":[{"taxonomy":"category","embeddable":true,"href":"https:\/\/nandi.info\/index.php?rest_route=%2Fwp%2Fv2%2Fcategories&post=8767"},{"taxonomy":"post_tag","embeddable":true,"href":"https:\/\/nandi.info\/index.php?rest_route=%2Fwp%2Fv2%2Ftags&post=8767"}],"curies":[{"name":"wp","href":"https:\/\/api.w.org\/{rel}","templated":true}]}}